{"id":2634,"date":"2023-11-29T12:56:46","date_gmt":"2023-11-29T11:56:46","guid":{"rendered":"https:\/\/pb.edu.pl\/via-carpatia\/?p=2634"},"modified":"2023-12-05T12:16:16","modified_gmt":"2023-12-05T11:16:16","slug":"wielki-final-konkursu-naukolatek-w-politechnice-bialostockiej-6-grudnia-poznamy-laureatow","status":"publish","type":"post","link":"https:\/\/pb.edu.pl\/via-carpatia\/2023\/11\/29\/wielki-final-konkursu-naukolatek-w-politechnice-bialostockiej-6-grudnia-poznamy-laureatow\/","title":{"rendered":"Wielki fina\u0142 konkursu \u201eNAUKOLATEK\u201d w Politechnice Bia\u0142ostockiej! 6 grudnia poznamy laureat\u00f3w!"},"content":{"rendered":"<h3>15 zespo\u0142\u00f3w uczniowskich zaprezentuje swoje projekty podczas fina\u0142u etapu mi\u0119dzywojew\u00f3dzkiego I edycji konkursu \u201eNAUKOLATEK \u2013 Nastoletni Naukowiec\u201d, kt\u00f3ry odb\u0119dzie si\u0119 6 grudnia, o godz. 9.00 w Centrum Nowoczesnego Kszta\u0142cenia Politechniki Bia\u0142ostockiej. &nbsp;<\/h3>\n<h3>M\u0142odzi naukowcy reprezentuj\u0105 3 wojew\u00f3dztwa, na rzecz rozwoju kt\u00f3rych dzia\u0142aj\u0105 uczelnie partnerskie w ramach Politechnicznej Sieci VIA CARPATIA im. Prezydenta RP Lecha Kaczy\u0144skiego.<\/h3>\n<div style=\"clear: both\">&nbsp;<\/div>\n<p>Gala fina\u0142owa b\u0119dzie po\u0142\u0105czona z konferencj\u0105 prasow\u0105 dotycz\u0105c\u0105 podsumowania konkursu skierowanego do zdolnej m\u0142odzie\u017cy z regionu Polski p\u00f3\u0142nocno-wschodniej, kt\u00f3r\u0105 wspieraj\u0105 w ramach Sieci: Politechnika Bia\u0142ostocka, Politechnika Lubelska oraz Politechnika Rzeszowska. Jako gospodarz wydarzenia b\u0119dziemy go\u015bci\u0107 przedstawicieli w\u0142adz uczelni partnerskich oraz zaproszonych go\u015bci.<\/p>\n<h4><span style=\"color: #3366ff\"><strong>Harmonogram <\/strong><strong>fina\u0142u etapu mi\u0119dzywojew\u00f3dzkiego konkursu <\/strong><strong>\u201eNAUKOLATEK \u2013 Nastoletni Naukowiec\u201d<\/strong><\/span><\/h4>\n<h4><span style=\"color: #3366ff\"><strong>6 grudnia, godz. 9.00 \/ Centrum Nowoczesnego Kszta\u0142cenia Politechniki Bia\u0142ostockiej, ul. Zwierzyniecka 16<\/strong><\/span><\/h4>\n<ul>\n<li><strong>9:00 \u2013 9:30 &nbsp;&nbsp; Przywitanie uczestnik\u00f3w <\/strong><\/li>\n<li><strong>9:30 \u2013 11:30 Wyst\u0105pienia zespo\u0142\u00f3w prezentuj\u0105cych projekty:<\/strong><\/li>\n<\/ul>\n<ol>\n<li><em>Maszyna produkuj\u0105ca filament z odpad\u00f3w, <\/em>Zesp\u00f3\u0142 Szk\u00f3\u0142 Elektronicznych w Lublinie<\/li>\n<li><em>CO-OPernik Project<\/em>, I Liceum Og\u00f3lnokszta\u0142c\u0105ce z&nbsp;Oddzia\u0142ami Dwuj\u0119zycznymi im.&nbsp;Miko\u0142aja Kopernika w&nbsp;Kro\u015bnie<\/li>\n<li><em>CyberFill<\/em>, Technikum Programistyczne INFOTECH w Bia\u0142ymstoku<\/li>\n<li><em>Druk 3D z odpad\u00f3w: W poszukiwaniu nowych, zr\u00f3wnowa\u017conych materia\u0142\u00f3w<\/em>, Zesp\u00f3\u0142 Szk\u00f3\u0142 Transportowo &#8211; Komunikacyjnych im. Tadeusza Ko\u015bciuszki w Lublinie<\/li>\n<li><em>Mobile Water Monitoring Platform<\/em>, Zesp\u00f3\u0142 Szk\u00f3\u0142 Technicznych w Le\u017cajsku<\/li>\n<li><em>Air Quality Meter System<\/em>, II Liceum Og\u00f3lnokszta\u0142c\u0105ce z Bia\u0142oruskim J\u0119zykiem Nauczania im. Bronis\u0142awa Taraszkiewicza w Bielsku Podlaskim<\/li>\n<li><em>Wn\u0119ka niesko\u0144czono\u015bci<\/em>, Liceum Og\u00f3lnokszta\u0142c\u0105ce im. Janka Bytnara w Kolbuszowej<\/li>\n<\/ol>\n<ul>\n<li><strong>11:30 \u2013 12:00 Przerwa kawowa<\/strong><\/li>\n<li><strong>12:00 \u2013 14:15 Wyst\u0105pienia zespo\u0142\u00f3w prezentuj\u0105cych projekty:<\/strong><\/li>\n<\/ul>\n<ol>\n<li><em>EnergiAutoPelt &#8211; Optymalizacja systemu odzyskiwania energii z o\u015bwietlenia na autostradzie z&nbsp;wykorzystaniem ogniwa Peltiera i magazynowania jej w ogniwach LiFePO4 w celu redukcji emisji CO2<\/em>, Zesp\u00f3\u0142 Szk\u00f3\u0142 Technicznych im. gen. Z. Bohusza \u2013 Szyszko w Che\u0142mie<\/li>\n<li><em>Monitorowanie i optymalizacja warunk\u00f3w w mieszkaniu<\/em>, Technikum Programistyczne INFOTECH w Bia\u0142ymstoku<\/li>\n<li><em>Obwodowy system ochrony posesji i zwierz\u0105t<\/em>, Zesp\u00f3\u0142 Szk\u00f3\u0142 nr 2 im. Eugeniusza Kwiatkowskiego w D\u0119bicy<\/li>\n<li><em>Wp\u0142yw sk\u0142adowisk odpad\u00f3w komunalnych oraz nielegalnych wysypisk \u015bmieci w&nbsp;wybranych dzielnicach Lublina na wybrane elementy \u015brodowiska naturalnego oraz na mieszka\u0144c\u00f3w<\/em>, Mi\u0119dzynarodowe Liceum Og\u00f3lnokszta\u0142c\u0105ce Paderewski w Lublinie<\/li>\n<li><em>Waloryzacja \u015brodowiska przyrodniczego w wybranych dzielnicach Bia\u0142egostoku i&nbsp;na&nbsp;obszarach podmiejskich na podstawie skali porostowej<\/em>, VI Liceum Og\u00f3lnokszta\u0142c\u0105ce im. Kr\u00f3la Zygmunta Augusta w Bia\u0142ymstoku<\/li>\n<li><em>Zwi\u0119kszenie atrakcyjno\u015bci organoleptycznej i zdrowotnej przetwor\u00f3w z buraka \u0107wik\u0142owego z&nbsp;uwzgl\u0119dnieniem metody DPPH<\/em>, Zesp\u00f3\u0142 Szk\u00f3\u0142 Zawodowych im. Kr\u00f3la Jana III Sobieskiego<\/li>\n<li><em>Spy Rover \u2013 robot ratunkowo-rozpoznawczy<\/em>, Akademickie Liceum Og\u00f3lnokszta\u0142c\u0105ce Politechniki Bia\u0142ostockiej<\/li>\n<li><em>Flying Food Deliveries<\/em>, III Liceum Og\u00f3lnokszta\u0142c\u0105ce im. Unii Lubelskiej w Lublinie<\/li>\n<\/ol>\n<ul>\n<li><strong>14:15 \u2013 14:45 Przerwa obiadowa<\/strong><\/li>\n<li><strong>14:45 \u2013 15:15 Spotkanie z ko\u0142ami dla uczestnik\u00f3w i obrady komisji<\/strong><\/li>\n<li><strong>15:15 \u2013 16:00 Og\u0142oszenie wynik\u00f3w, wr\u0119czenie nagr\u00f3d i zako\u0144czenie konferencji <\/strong><\/li>\n<\/ul>\n<p>&nbsp;<\/p>\n<p>W komisji konkursowej zasi\u0105d\u0105 przedstawiciele trzech uczelni. Ze strony naszej uczelni ocenia\u0107 projekty b\u0119d\u0105: dr hab. in\u017c. Miros\u0142aw \u015awiercz, prof. PB, Prorektor ds. Rozwoju, prof. dr hab. in\u017c. Marek Kr\u0119towski, Prorektor ds. Nauki, dr hab. in\u017c. Jaros\u0142aw Szusta, prof. PB, Prorektor ds. Studenckich. Politechnik\u0119 Lubelsk\u0105 b\u0119d\u0105 prezentowa\u0107 <span style=\"color: black\">prof. dr hab. in\u017c. Wojciech Franus, Prorektor ds. nauki, <\/span><span style=\"color: black\">dr hab. in\u017c. Dariusz Czerwi\u0144ski, Prorektor ds. og\u00f3lnych i rozwoju oraz <\/span><span style=\"color: black\">dr hab. in\u017c. Dariusz Zieli\u0144ski. W komisji konkursowej b\u0119d\u0105 r\u00f3wnie\u017c przedstawiciele Politechniki Rzeszowskiej: <\/span>dr hab. in\u017c. Les\u0142aw Gniewek, prof. PRz, Prorektor ds. Nauki, prof. dr hab. in\u017c. Jaros\u0142aw S\u0119p, Prorektor ds. Rozwoju i Wsp\u00f3\u0142pracy z Otoczeniem , dr hab. in\u017c. Mariusz Oszust, prof. PRz, Koordynator obszaru Nauka.<\/p>\n<p>Dodatkow\u0105 atrakcj\u0105 b\u0119d\u0105 tak\u017ce stoiska studenckich k\u00f3\u0142 naukowych z 6 wydzia\u0142\u00f3w naszej uczelni:<\/p>\n<ul>\n<li>Zesp\u00f3\u0142 Cerber Motorsport dzia\u0142aj\u0105cy w ramach Studenckiego Ko\u0142a Naukowego Auto-Moto-Club&nbsp; na Wydziale Mechanicznym&nbsp;<\/li>\n<li>Ko\u0142o Naukowe PRZESTRZE\u0143 ZIELENI na Wydziale Budownictwa i Nauk o \u015arodowisku<\/li>\n<li>Ko\u0142a Naukowego Le\u015bnik\u00f3w na Wydziale Budownictwa i Nauk o \u015arodowisku<\/li>\n<li>Studenckie Ko\u0142o Naukowe Analizy Danych w Biznesie ADaBiz na Wydziale In\u017cynierii Zarz\u0105dzania<\/li>\n<li>Ko\u0142o Naukowej Kreatywno\u015bci na Wydziale In\u017cynierii Zarz\u0105dzania<\/li>\n<li>Studenckie Ko\u0142o Naukowe Chess WIZ na Wydziale In\u017cynierii Zarz\u0105dzania<\/li>\n<li>Ko\u0142o Naukowe Math4You na Wydziale Informatyki<\/li>\n<\/ul>\n<p>W trakcie I edycji konkursu kilkadziesi\u0105t zespo\u0142\u00f3w otrzyma\u0142o dofinansowanie na realizacj\u0119 mini projekt\u00f3w badawczych w wys. do 10.000 z\u0142. Najlepsze z nich zosta\u0142y nagrodzone w fina\u0142ach regionalnych. W wojew\u00f3dztwie podlaskim komisja konkursowa, sk\u0142adaj\u0105ca si\u0119 z naukowc\u00f3w naszej Uczelni wy\u0142oni\u0142a 5 zespo\u0142\u00f3w uczniowskich, kt\u00f3re b\u0119d\u0105 konkurowa\u0107 z zespo\u0142ami wybranymi przez Politechnik\u0119 Lubelsk\u0105 oraz Politechnik\u0119 Rzeszowsk\u0105. 6 najlepszych zespo\u0142\u00f3w projektowych z trzech wojew\u00f3dztw otrzyma atrakcyjne nagrody rzeczowe &#8211; hulajnogi elektryczne. Nauczyciele otrzymaj\u0105 czytniki e-book\u00f3w.<\/p>\n<h3><a title=\"\" href=\"https:\/\/pb.edu.pl\/via-carpatia\/2023\/11\/22\/rozstrzygniecie-etapu-regionalnego-konkursu-naukolatek-nastoletni-naukowiec-politechnicznej-sieci-via-carpatia\/\"><span style=\"color: #0000ff\">Przypomnijmy, podczas fina\u0142u regionalnego konkursu najwy\u017cej ocenili\u015bmy w woj. podlaskim nast\u0119puj\u0105ce zespo\u0142y uczniowskie:<\/span><\/a><\/h3>\n<ul>\n<li><strong>Zesp\u00f3\u0142 w sk\u0142adzie: Micha\u0142 Pogorzelski, Mateusz Kondzior, Gerard Przybyszewski<\/strong><\/li>\n<\/ul>\n<p><strong>Nauczyciel:<\/strong> Karol Przybyszewski<\/p>\n<p><strong>Opiekun z PB:<\/strong> dr in\u017c. Tomasz Grze\u015b<\/p>\n<p><strong>Tytu\u0142 projektu:<\/strong> Monitorowanie i optymalizacja warunk\u00f3w w mieszkaniu<\/p>\n<p><strong>Szko\u0142a:<\/strong> Technikum Programistyczne INFOTECH<\/p>\n<ul>\n<li><strong>&nbsp;Zesp\u00f3\u0142 w sk\u0142adzie: Filip Kackie\u0142o-Wargulewski, Zachary Czech, Dawid Kakareko<\/strong><\/li>\n<\/ul>\n<p><strong>Nauczyciel:<\/strong> Karol Przybyszewski<\/p>\n<p><strong>Opiekun z PB:<\/strong> dr in\u017c. Jaros\u0142aw Wiater<\/p>\n<p><strong>Tytu\u0142 projektu:<\/strong> CyberFill<\/p>\n<p><strong>Szko\u0142a: <\/strong>Technikum Programistyczne INFOTECH<\/p>\n<ul>\n<li><strong>&nbsp;Zesp\u00f3\u0142 w sk\u0142adzie: William Zag\u00f3recki, Jonasz Michaluk, Zofia Budnicka<\/strong><\/li>\n<\/ul>\n<p><strong>Nauczyciel:<\/strong> Honorata Buczkowicz<\/p>\n<p><strong>Opiekun z PB:<\/strong> dr in\u017c. Rafa\u0142 Kociszewski<\/p>\n<p><strong>Tytu\u0142 projektu:<\/strong> Spy Rover \u2013 robot ratunkowo-rozpoznawczy<\/p>\n<p><strong>Szko\u0142a: <\/strong>Akademickie Liceum Og\u00f3lnokszta\u0142c\u0105ce Politechniki Bia\u0142ostockiej<\/p>\n<ul>\n<li>&nbsp;<strong>Zesp\u00f3\u0142 w sk\u0142adzie: Lena Jurczuk, Kasjan Artemiuk, Julian Czykwin<\/strong><\/li>\n<\/ul>\n<p><strong>Nauczyciel:<\/strong> Ireneusz Krasowski<\/p>\n<p><strong>Opiekun z PB:<\/strong> dr in\u017c. Ewa Szaty\u0142owicz<\/p>\n<p><strong>Tytu\u0142 projektu:<\/strong> Air Quality Meter System<\/p>\n<p><strong>Szko\u0142a: <\/strong>II Liceum Og\u00f3lnokszta\u0142c\u0105ce z Bia\u0142oruskim J\u0119zykiem Nauczania im. Bronis\u0142awa Taraszkiewicza w Bielsku Podlaskim<\/p>\n<ul>\n<li><strong>&nbsp;Zesp\u00f3\u0142 w sk\u0142adzie: Bartosz Grodzki, Miko\u0142aj Kowalczuk, \u0141ukasz \u0141aszkiewicz<\/strong><\/li>\n<\/ul>\n<p><strong>Nauczyciel:<\/strong> Marzenna Skibicka<\/p>\n<p><strong>Opiekun z PB<\/strong>: dr in\u017c. Ma\u0142gorzata Rauba<\/p>\n<p><strong>Tytu\u0142 projektu:<\/strong> Waloryzacja \u015brodowiska przyrodniczego w wybranych dzielnicach Bia\u0142egostoku i na obszarach podmiejskich na podstawie skali porostowej<\/p>\n<p><strong>Szko\u0142a: <\/strong>VI Liceum Og\u00f3lnokszta\u0142c\u0105ce im. Kr\u00f3la Zygmunta Augusta w Bia\u0142ymstoku<\/p>\n<p>&nbsp;<\/p>\n<p><span style=\"color: #0000ff;font-size: 14pt\"><strong>A oto lista zespo\u0142\u00f3w wybranych przez uczelnie wsp\u00f3\u0142pracuj\u0105ce z nami w Politechnicznej Sieci VIA CARPATIA:<\/strong><\/span><\/p>\n<p>&nbsp;<\/p>\n<p><strong>Politechnika Lubelska<\/strong><\/p>\n<ul>\n<li><strong>Zesp\u00f3\u0142: <\/strong>Jakub Jarosi\u0144ski, Krzysztof W\u0105sik, Karol Poroch<\/li>\n<\/ul>\n<p><strong>Nauczyciel<\/strong>: Mateusz Nawrot<\/p>\n<p><strong>Tytu\u0142 projektu<\/strong>:&nbsp; Maszyna produkuj\u0105ca filament z odpad\u00f3w<\/p>\n<p><strong>Szko\u0142a:<\/strong> Zesp\u00f3\u0142 Szk\u00f3\u0142 Elektronicznych w Lublinie<\/p>\n<ul>\n<li><strong>&nbsp;<\/strong><strong>Zesp\u00f3\u0142<\/strong>:<\/li>\n<\/ul>\n<p>Dominik Samonek<\/p>\n<p>Jakub Delega<\/p>\n<p>Mi\u0142osz Patrzylas<\/p>\n<p><strong>Nauczyciel<\/strong>: Dariusz Kuli\u0144ski<\/p>\n<p><strong>Tytu\u0142 projektu<\/strong>:&nbsp; Flying Food Deliveries<\/p>\n<p><strong>Szko\u0142a:<\/strong> III Liceum Og\u00f3lnokszta\u0142c\u0105ce im. Unii Lubelskiej w Lublinie<\/p>\n<ul>\n<li><strong>Zesp\u00f3\u0142<\/strong>:<\/li>\n<\/ul>\n<p>Maciej Pytka<\/p>\n<p>Konrad Serenda<\/p>\n<p>Damian Semeniuk<\/p>\n<p><strong>Nauczyciel<\/strong>: Tomasz Kosicki<\/p>\n<p><strong>Tytu\u0142 projektu<\/strong>:&nbsp; Druk 3D z odpad\u00f3w: W poszukiwaniu nowych, zr\u00f3wnowa\u017conych materia\u0142\u00f3w<\/p>\n<p><strong>Szko\u0142a:<\/strong> Zesp\u00f3\u0142 Szk\u00f3\u0142 Transportowo &#8211; Komunikacyjnych im. Tadeusza Ko\u015bciuszki w Lublinie<\/p>\n<ul>\n<li><strong>Zesp\u00f3\u0142<\/strong>:<\/li>\n<\/ul>\n<p>Miko\u0142aj S\u0142otwi\u0144ski<\/p>\n<p>Gabriela Popio\u0142ek<\/p>\n<p>Patrycja Gromek<\/p>\n<p><strong>Nauczyciel<\/strong>: Marta Kusznerczuk<\/p>\n<p><strong>Tytu\u0142 projektu<\/strong>:&nbsp; Wp\u0142yw sk\u0142adowisk odpad\u00f3w komunalnych oraz nielegalnych wysypisk \u015bmieci w wybranych dzielnicach Lublina na wybrane elementy \u015brodowiska naturalnego<\/p>\n<p><strong>Szko\u0142a:<\/strong> Mi\u0119dzynarodowe Liceum Og\u00f3lnokszta\u0142c\u0105ce Paderewski w Lublinie<\/p>\n<ul>\n<li><strong>Zesp\u00f3\u0142<\/strong>:<\/li>\n<\/ul>\n<p>Filip Zaj\u0105c<\/p>\n<p>Krzysztof Grel<\/p>\n<p>Karol Stepczuk<\/p>\n<p><strong>Nauczyciel<\/strong>: Grzegorz Jegorow<\/p>\n<p><strong>Tytu\u0142 projektu<\/strong>:&nbsp; EnergiAutoPelt &#8211; Optymalizacja systemu odzyskiwania energii z o\u015bwietlenia na autostradzie z wykorzystaniem ogniwa Peltiera i magazynowania jej w ogniwach<\/p>\n<p><strong>Szko\u0142a:<\/strong> Zesp\u00f3\u0142 Szk\u00f3\u0142 Technicznych w Che\u0142mie im. gen. Z. Bohusza &#8211; Szyszko<\/p>\n<p><strong>&nbsp;<\/strong><\/p>\n<p><strong>Politechnika Rzeszowska:<\/strong><\/p>\n<ul>\n<li><strong>Zesp\u00f3\u0142<\/strong>: Pawe\u0142 Ga\u0142usza, Mateusz Czucha, Kacper Gorzkiewiczem<\/li>\n<\/ul>\n<p><strong>Nauczyciel<\/strong>: Robert Maruszak<\/p>\n<p><strong>Tytu\u0142 projektu<\/strong>:&nbsp; Mobile Water Monitoring Platform<\/p>\n<p><strong>Szko\u0142a:<\/strong> Zesp\u00f3\u0142 Szk\u00f3\u0142 Technicznych w Le\u017cajsku<\/p>\n<ul>\n<li><strong>Zesp\u00f3\u0142<\/strong>: Dawid Szynal, Jakub Stanula, Jakub Oleksy<\/li>\n<\/ul>\n<p><strong>Nauczyciel<\/strong>: Marek Braun<\/p>\n<p><strong>Tytu\u0142 projektu<\/strong>: Obwodowy system ochrony posesji i zwierz\u0105t<\/p>\n<p><strong>Szko\u0142a:<\/strong> Zesp\u00f3\u0142 Szk\u00f3\u0142 nr 2 im. Eugeniusza Kwiatkowskiego w D\u0119bicy<\/p>\n<ul>\n<li><strong>Zesp\u00f3\u0142<\/strong>: Bartosz Sawu\u0142a, Kacper &nbsp;Orzech, Konrad Kisiel<\/li>\n<\/ul>\n<p><strong>Nauczyciel<\/strong>: Anna Ro\u017cnowska<\/p>\n<p><strong>Tytu\u0142 projektu<\/strong>: Wn\u0119ka niesko\u0144czono\u015bci<\/p>\n<p><strong>Szko\u0142a:<\/strong> Liceum Og\u00f3lnokszta\u0142c\u0105ce im. Janka Bytnara w Kolbuszowej<\/p>\n<ul>\n<li><strong>Zesp\u00f3\u0142<\/strong>: Angelika Bester, Magdalena Suchodolska, Kamila Kowal<\/li>\n<\/ul>\n<p><strong>Nauczyciel<\/strong>: El\u017cbieta Zi\u0119ba<\/p>\n<p><strong>Tytu\u0142 projektu<\/strong>: Zwi\u0119kszenie atrakcyjno\u015bci organoleptycznej i zdrowotnej przetwor\u00f3w z buraka \u0107wik\u0142owego z uwzgl\u0119dnieniem metody DPPH<\/p>\n<p><strong>Szko\u0142a:<\/strong> Zesp\u00f3\u0142 Szk\u00f3\u0142 Zawodowych im. Kr\u00f3la Jana III Sobieskiego<\/p>\n<ul>\n<li><strong>Zesp\u00f3\u0142<\/strong>: Mi\u0142osz Gab\u0142o, Franciszek Trzeciak, Krzysztof Kasperowicz<\/li>\n<\/ul>\n<p><strong>Nauczyciel<\/strong>: Maciej Jagie\u0142o<\/p>\n<p><strong>Tytu\u0142 projektu<\/strong>: CO-OPernik Project<\/p>\n<p><strong>Szko\u0142a:<\/strong> I Liceum Og\u00f3lnokszta\u0142c\u0105ce z&nbsp;Oddzia\u0142ami Dwuj\u0119zycznymi im.&nbsp;Miko\u0142aja Kopernika w&nbsp;Kro\u015bnie&nbsp;<\/p>\n<p><strong>Trzymamy kciuki za wszystkich uczestnik\u00f3w, cho\u0107 sercem jeste\u015bmy za uczniami z Podlasia!<\/strong><\/p>\n<p><strong>Konkurs \u201eNAUKOLATEK\u201d \u2013 Nastoletni Naukowiec jest realizowany w obszarze NAUKA w ramach Politechnicznej Sieci VIA CARPATIA im. Prezydenta RP Lecha Kaczy\u0144skiego.<\/strong><\/p>\n<p><strong>20 czerwca 2023 r. wystartowa\u0142a II edycja konkursu<\/strong> <strong>\u201eNAUKOLATEK\u201d. Uczniowie realizuj\u0105 swoje projekty badawcze od 1 listopada 2023 r. do 30 kwietnia 2024 r.<\/strong><\/p>\n<p><em><strong><a title=\"\" href=\"https:\/\/pb.edu.pl\/i\/qju8\">Wi\u0119cej informacji o I edycji konkursu \u201eNAUKOLATEK\u201d na stronie<\/a><\/strong><\/em><\/p>\n<p><em><strong><a title=\"\" href=\"https:\/\/pb.edu.pl\/i\/gev2\">Wi\u0119cej informacji o Ii edycji konkursu \u201eNAUKOLATE na stronie<\/a><\/strong><\/em><\/p>\n<div class=\"ratio ratio-16x9\"><iframe loading=\"lazy\" title=\"Prof. dr hab. in\u017c. S\u0142awomir Bakier z Politechniki Bia\u0142ostockiej o konkursie regionalnym \u201eNAUKOLATEK\u201d\" width=\"500\" height=\"281\" src=\"https:\/\/www.youtube.com\/embed\/Y_vmNdiwgg0?feature=oembed\" frameborder=\"0\" allow=\"accelerometer; autoplay; clipboard-write; encrypted-media; gyroscope; picture-in-picture; web-share\" referrerpolicy=\"strict-origin-when-cross-origin\" allowfullscreen><\/iframe><\/div>\n<p>&nbsp;<\/p>\n<div class=\"ratio ratio-16x9\"><iframe loading=\"lazy\" title=\"Nowoczesne metody archiwizacji budynk\u00f3w! Projekt uczni\u00f3w ZSE w Bia\u0142ymstoku w konkursie \u201eNAUKOLATEK\u201d\" width=\"500\" height=\"281\" src=\"https:\/\/www.youtube.com\/embed\/alR9APwwiPA?feature=oembed\" frameborder=\"0\" allow=\"accelerometer; autoplay; clipboard-write; encrypted-media; gyroscope; picture-in-picture; web-share\" referrerpolicy=\"strict-origin-when-cross-origin\" allowfullscreen><\/iframe><\/div>\n<p>&nbsp;<\/p>\n<div class=\"ratio ratio-16x9\"><iframe loading=\"lazy\" title=\"Stacje dzia\u0142aj\u0105ce na zmys\u0142y! Projekt uczennic z I LO w Hajn\u00f3wce w konkursie \u201eNAUKOLATEK\u201d\" width=\"500\" height=\"281\" src=\"https:\/\/www.youtube.com\/embed\/03_BArzqBTc?feature=oembed\" frameborder=\"0\" allow=\"accelerometer; autoplay; clipboard-write; encrypted-media; gyroscope; picture-in-picture; web-share\" referrerpolicy=\"strict-origin-when-cross-origin\" allowfullscreen><\/iframe><\/div>\n<div class=\"ratio ratio-16x9\"><iframe loading=\"lazy\" title=\"Air Quality Meter System. Projekt uczni\u00f3w z II LO w Bielsku Podlaskim w konkursie \u201eNAUKOLATEK\u201d\" width=\"500\" height=\"281\" src=\"https:\/\/www.youtube.com\/embed\/hBdX-OYAwXE?feature=oembed\" frameborder=\"0\" allow=\"accelerometer; autoplay; clipboard-write; encrypted-media; gyroscope; picture-in-picture; web-share\" referrerpolicy=\"strict-origin-when-cross-origin\" allowfullscreen><\/iframe><\/div>\n<p>&nbsp;<\/p>\n<div class=\"ratio ratio-16x9\"><iframe loading=\"lazy\" title=\"Gra ucz\u0105ca oszcz\u0119dza\u0107 energi\u0119! Projekt uczni\u00f3w z XIII LO w Bia\u0142ymstoku w konkursie \u201eNAUKOLATEK\u201d\" width=\"500\" height=\"281\" src=\"https:\/\/www.youtube.com\/embed\/GR1eXWEEwO0?feature=oembed\" frameborder=\"0\" allow=\"accelerometer; autoplay; clipboard-write; encrypted-media; gyroscope; picture-in-picture; web-share\" referrerpolicy=\"strict-origin-when-cross-origin\" allowfullscreen><\/iframe><\/div>\n<div class=\"ratio ratio-16x9\"><iframe loading=\"lazy\" title=\"Uczniowie z D\u0105browy Bia\u0142ostockiej badaj\u0105 jako\u015b\u0107 wody i powietrza! Konkurs \u201eNAUKOLATEK\u201d\" width=\"500\" height=\"281\" src=\"https:\/\/www.youtube.com\/embed\/2YUuDDndUH0?feature=oembed\" frameborder=\"0\" allow=\"accelerometer; autoplay; clipboard-write; encrypted-media; gyroscope; picture-in-picture; web-share\" referrerpolicy=\"strict-origin-when-cross-origin\" allowfullscreen><\/iframe><\/div>\n<p>(mz)<\/p>\n","protected":false},"excerpt":{"rendered":"<p>Gala rozdania nagr\u00f3d po\u0142\u0105czona z konferencj\u0105<\/p>\n<p>\u00a0<\/p>\n","protected":false},"author":110,"featured_media":2692,"comment_status":"open","ping_status":"open","sticky":false,"template":"","format":"standard","meta":{"_acf_changed":false,"ngg_post_thumbnail":0,"footnotes":""},"categories":[1,14],"tags":[],"class_list":["post-2634","post","type-post","status-publish","format-standard","has-post-thumbnail","hentry","category-home","category-naukolatek-1"],"acf":[],"_links":{"self":[{"href":"https:\/\/pb.edu.pl\/via-carpatia\/wp-json\/wp\/v2\/posts\/2634","targetHints":{"allow":["GET"]}}],"collection":[{"href":"https:\/\/pb.edu.pl\/via-carpatia\/wp-json\/wp\/v2\/posts"}],"about":[{"href":"https:\/\/pb.edu.pl\/via-carpatia\/wp-json\/wp\/v2\/types\/post"}],"author":[{"embeddable":true,"href":"https:\/\/pb.edu.pl\/via-carpatia\/wp-json\/wp\/v2\/users\/110"}],"replies":[{"embeddable":true,"href":"https:\/\/pb.edu.pl\/via-carpatia\/wp-json\/wp\/v2\/comments?post=2634"}],"version-history":[{"count":0,"href":"https:\/\/pb.edu.pl\/via-carpatia\/wp-json\/wp\/v2\/posts\/2634\/revisions"}],"wp:featuredmedia":[{"embeddable":true,"href":"https:\/\/pb.edu.pl\/via-carpatia\/wp-json\/wp\/v2\/media\/2692"}],"wp:attachment":[{"href":"https:\/\/pb.edu.pl\/via-carpatia\/wp-json\/wp\/v2\/media?parent=2634"}],"wp:term":[{"taxonomy":"category","embeddable":true,"href":"https:\/\/pb.edu.pl\/via-carpatia\/wp-json\/wp\/v2\/categories?post=2634"},{"taxonomy":"post_tag","embeddable":true,"href":"https:\/\/pb.edu.pl\/via-carpatia\/wp-json\/wp\/v2\/tags?post=2634"}],"curies":[{"name":"wp","href":"https:\/\/api.w.org\/{rel}","templated":true}]}}