{"id":1329,"date":"2023-05-15T10:24:24","date_gmt":"2023-05-15T08:24:24","guid":{"rendered":"https:\/\/pb.edu.pl\/via-carpatia\/?p=1329"},"modified":"2023-11-24T11:52:56","modified_gmt":"2023-11-24T10:52:56","slug":"z-technikum-na-politechniki-kolejne-dzialanie-politechnicznej-sieci-via-carpatia","status":"publish","type":"post","link":"https:\/\/pb.edu.pl\/via-carpatia\/2023\/05\/15\/z-technikum-na-politechniki-kolejne-dzialanie-politechnicznej-sieci-via-carpatia\/","title":{"rendered":"\u201eZ technikum na Politechniki\u201d \u2013 kolejne dzia\u0142anie Politechnicznej Sieci VIA CARPATIA"},"content":{"rendered":"<h3>W ramach Politechnicznej Sieci VIA CARPATIA uruchomili\u015bmy program \u201eZ technikum na Politechniki\u201d, kt\u00f3ry jest adresowany do uczni\u00f3w szk\u00f3\u0142 \u015brednich, nie tylko o profilu technicznym.<\/h3>\n<h3>Uczniowie z wojew\u00f3dztwa podlaskiego mog\u0105 korzysta\u0107 z zaj\u0119\u0107 w laboratoriach naszej uczelni, utrwalaj\u0105c wiedz\u0119 z zakresu biologii, chemii oraz biotechnologii.<\/h3>\n<div style=\"clear: both\">&nbsp;<\/div>\n<p>Zaj\u0119cia w ramach programu &#8222;Z technikum na Politechniki&#8221; trwaj\u0105 w naszej uczelni ju\u017c kolejny miesi\u0105c. W samym kwietniu przeprowadzono oko\u0142o 20 godzin lekcyjnych dla szk\u00f3\u0142 \u015brednich z Bia\u0142egostoku oraz ca\u0142ego wojew\u00f3dztwa. W planach jest realizacja kolejnych 60 godzin zaj\u0119\u0107. Spodziewamy si\u0119 uczni\u00f3w m.in. z Suchowoli, Augustowa, Grajewa, Bielska Podlaskiego.<\/p>\n<p>11 maja 2023 r. go\u015bcili\u015bmy uczni\u00f3w z XIII Liceum Og\u00f3lnokszta\u0142c\u0105cego w Bia\u0142ymstoku, kt\u00f3rzy odbywali zaj\u0119cia na <a title=\"\" href=\"https:\/\/wb.pb.edu.pl\/\">Wydziale Budownictwa i Nauk o \u015arodowisku Politechniki Bia\u0142ostockiej<\/a>. Pod okiem naszych wyk\u0142adowc\u00f3w, m\u0142odzie\u017c zaznajomi\u0142a si\u0119 z nast\u0119puj\u0105cymi zagadnieniami: spektrofotometryczne oznaczanie zawarto\u015bci \u017celaza w wodach, wykrywanie jon\u00f3w w wodzie oraz pomiar SEM ogniwa Daniella w zale\u017cno\u015bci od st\u0119\u017cenia elektrolit\u00f3w. Uczniowie mogli pozna\u0107 potencja\u0142 naszej uczelni, zobaczy\u0107, jak wygl\u0105da nauka w jej nowoczesnych laboratoriach oraz uzupe\u0142ni\u0107, czy te\u017c utrwali\u0107 swoj\u0105 wiedz\u0119 z zakresu biologii, chemii i biotechnologii<\/p>\n<p>\u2013 <em>W ramach Politechnicznej Sieci VIA CARPATIA i dzia\u0142ania \u201eZ technikum na Politechniki\u201d zaproponowali\u015bmy uczniom szk\u00f3\u0142 ponadpodstawowych udzia\u0142 w zaj\u0119ciach laboratoryjnych. W ramach naszych \u0107wicze\u0144 zapewniamy uczniom szeroki wachlarz zaj\u0119\u0107 praktycznych. S\u0105 to zaj\u0119cia, kt\u00f3re dotycz\u0105 program\u00f3w realizowanych w czasie ich nauki w szkole \u015bredniej, ale tak\u017ce daleko wykraczaj\u0105cych poza ten program. Nasi, mam nadziej\u0119, przyszli studenci mog\u0105 zaznajomi\u0107 si\u0119 z nowymi technikami laboratoryjnymi s\u0142u\u017c\u0105cymi do oznaczania jako\u015bciowej i ilo\u015bciowej zawarto\u015bci niekt\u00f3rych wa\u017cnych zwi\u0105zk\u00f3w z pr\u00f3bek r\u00f3\u017cnego pochodzenia, kt\u00f3re s\u0105 wykorzystywane w chemii, biologii i biotechnologii <\/em><span style=\"font-size: 1.5rem\">\u2013 wyja\u015bnia dr hab. Mariola Samsonowicz, prof. PB z Wydzia\u0142u Budownictwa i Nauk o \u015arodowisku Politechniki Bia\u0142ostockiej i dodaje, \u017ce<\/span> zaj\u0119cia ciesz\u0105 si\u0119 bardzo du\u017cym zainteresowaniem<span style=\"font-size: 1.5rem\">.<\/span><\/p>\n<p>Ogromn\u0105 warto\u015bci\u0105 tych spotka\u0144 jest to, \u017ce uczniowie samodzielnie wykonuj\u0105 do\u015bwiadczenia i mog\u0105 si\u0119 poczu\u0107, jak studenci naszej uczelni. Taka forma z pewno\u015bci\u0105 pomo\u017ce im podj\u0105\u0107 decyzj\u0119 dotycz\u0105c\u0105 wyboru kierunku studi\u00f3w. To tak\u017ce znakomity spos\u00f3b na przybli\u017cenie oferty edukacyjnej Wydzia\u0142u Budownictwa i Nauk o \u015arodowisku oraz studi\u00f3w na kierunkach takich, jak in\u017cynieria \u015brodowiska, czy te\u017c biotechnologia. Rekrutacja na studia I. stopnia startuje 1 czerwca 2023 r. <a title=\"\" href=\"https:\/\/kandydacipb.edu.pl\/kierunki-studiow\/\">Pe\u0142na oferta kierunk\u00f3w studi\u00f3w dost\u0119pna jest na stronie dla kandydat\u00f3w<\/a>.<\/p>\n<p>\u2013 <em>Moi uczniowie generalnie lubi\u0105 eksperymentowa\u0107. Bardzo ch\u0119tnie wychodzimy albo na kampus, albo w\u0142a\u015bnie na Politechnik\u0119 Bia\u0142ostock\u0105, gdzie byli\u015bmy r\u00f3wnie\u017c w zesz\u0142ym roku na zaj\u0119ciach warsztatowych. To jest taka m\u0142odzie\u017c, kt\u00f3ra ju\u017c widzia\u0142a prob\u00f3wki, zlewki, wie o co chodzi. Oni nie boj\u0105 si\u0119 takich zaj\u0119\u0107, ich to pasjonuje. A zaj\u0119cia, jak dzisiejsze warsztaty, to na pewno jest praktyczna nauka chemii. Dzi\u0119ki temu b\u0119d\u0105 mieli okazj\u0119 przeprowadzi\u0107 w\u0142asnor\u0119cznie eksperymenty, zobaczy\u0107, jak to dzia\u0142a. Mam nadziej\u0119, \u017ce trafi\u0105 na Politechnik\u0119 Bia\u0142ostock\u0105 po sko\u0144czeniu nauki w szkole \u015bredniej<\/em> \u2013 wypowiada si\u0119 z entuzjazmem Pani Dorota Mironiuk, opiekun uczni\u00f3w klas I. oraz II. o profilu biologiczno-chemicznym z XIII Liceum Og\u00f3lnokszta\u0142c\u0105cego z Bia\u0142egostoku, mieszcz\u0105cego si\u0119 w Zespole Szk\u00f3\u0142 Og\u00f3lnokszta\u0142c\u0105cych Mistrzostwa Sportowego im. M. Konopnickiej.<\/p>\n<p>A co o zaj\u0119ciach my\u015bl\u0105 sami uczniowie? Co im da\u0142y warsztaty z naszymi naukowcami? Spotkali\u015bmy si\u0119 z bardzo pozytywnymi opiniami. Ka\u017cdy wyni\u00f3s\u0142 z zaj\u0119\u0107 co\u015b innego.<\/p>\n<p>\u2013 <em>Podczas zaj\u0119\u0107 mierzyli\u015bmy pr\u0105d zale\u017cnie od st\u0119\u017cenia elektrolit\u00f3w, siarczanu cynku, miedzi oraz z u\u017cyciem klucza elektrolitycznego wodorotlenku potasu. Dzi\u0119ki tym zaj\u0119ciom przypomnia\u0142em sobie w praktyczny spos\u00f3b, jak przeprowadza\u0107 takie do\u015bwiadczenie w laboratorium<\/em> \u2013 m\u00f3wi\u0142 Oliwier Zawadzki po zaj\u0119ciach z pomiaru SEM ogniw Daniella.<\/p>\n<p>Z kolei, jego kole\u017canka Daria, kt\u00f3ra bra\u0142a udzia\u0142 w zaj\u0119ciach z oznaczania \u017celaza w wodzie, zwr\u00f3ci\u0142a uwag\u0119 na tak wa\u017cne aspekty lekcji, jak poznanie chemicznej terminologii i prac\u0119 na profesjonalnym sprz\u0119cie. Co by\u0142o dla niej szczeg\u00f3lnie wa\u017cne \u2013 zobaczy\u0142a, jak wygl\u0105da praca w laboratorium.<\/p>\n<p>\u2013 <em>Brali\u015bmy udzia\u0142 w wykrywaniu i oznaczaniu jon\u00f3w w wodzie poprzez metod\u0119 miareczkowania oraz mierzyli\u015bmy twardo\u015b\u0107 wody. Dowiedzieli\u015bmy si\u0119 du\u017co na temat wody i \u017ce mo\u017ce si\u0119 ona r\u00f3\u017cni\u0107 twardo\u015bci\u0105. Pierwszy raz robili\u015bmy takie rzeczy, ale podoba\u0142o nam si\u0119 i og\u00f3lnie by\u0142o super<\/em> \u2013 jednog\u0142o\u015bnie stwierdzi\u0142y pasjonatki chemii \u00ad\u2013 Julia Kiszycka oraz Anna Chodorowska.<\/p>\n<p>Program \u201eZ technikum na Politechniki\u201d jest realizowany w ramach \u201ePolitechnicznej sieci VIA CARPATIA im. Prezydenta RP Lecha Kaczy\u0144skiego\u201d w obszarze kszta\u0142cenia, za kt\u00f3ry odpowiada Politechnika Bia\u0142ostocka. Celem jest zacie\u015bnianie wsp\u00f3\u0142pracy z regionalnymi szko\u0142ami ponadpodstawowymi, w szczeg\u00f3lno\u015bci technikami. Uczelnie Partnerskie nale\u017c\u0105ce do Sieci podejmuj\u0105 dzia\u0142ania wsp\u00f3lnie z Kuratorium O\u015bwiaty i organami prowadz\u0105cymi w ramach programu Zintegrowanej Strategii Umiej\u0119tno\u015bci.<\/p>\n<p>&nbsp;<\/p>\n<p><strong><a title=\"\" href=\"https:\/\/pb.edu.pl\/via-carpatia\/dzialania\/ksztalcenie\/z-technikum-na-politechniki\/\">Wi\u0119cej o programie \u201eZ technikum na Politechniki\u201d w serwisie Politechnicznej Sieci VIA CARPATIA.<\/a><\/strong><\/p>\n<p><strong>O tym, dlaczego warto wzi\u0105\u0107 udzia\u0142 w zaj\u0119ciach \u2013 m\u00f3wi dr hab. Mariola Samsonowicz, prof. PB z Wydzia\u0142u Budownictwa i Nauk o \u015arodowisku Politechniki Bia\u0142ostockiej. Obejrzyjcie wideo!<\/strong><\/p>\n<div class=\"row\">\n<div class=\"col-sm-4\">\n<div class=\"ratio ratio-16x9\"><iframe loading=\"lazy\" title=\"Dr hab. Mariola Samsonowicz, prof. PB o zaj\u0119ciach w ramach dzia\u0142ania \u201eZ technikum na Politechniki\u201d\" width=\"500\" height=\"281\" src=\"https:\/\/www.youtube.com\/embed\/K05WkPF-YhU?feature=oembed\" frameborder=\"0\" allow=\"accelerometer; autoplay; clipboard-write; encrypted-media; gyroscope; picture-in-picture; web-share\" referrerpolicy=\"strict-origin-when-cross-origin\" allowfullscreen><\/iframe><\/div>\n<\/div>\n<div class=\"col-sm-4\">\n<div class=\"ratio ratio-16x9\"><iframe loading=\"lazy\" title=\"XIII LO w Bia\u0142ymstoku na zaj\u0119ciach w PB! Program \u201eZ technikum na Politechniki\u201d\" width=\"500\" height=\"281\" src=\"https:\/\/www.youtube.com\/embed\/Ct89_R1YjPY?feature=oembed\" frameborder=\"0\" allow=\"accelerometer; autoplay; clipboard-write; encrypted-media; gyroscope; picture-in-picture; web-share\" referrerpolicy=\"strict-origin-when-cross-origin\" allowfullscreen><\/iframe><\/div>\n<\/div>\n<div class=\"col-sm-4\">\n<div class=\"ratio ratio-16x9\"><iframe loading=\"lazy\" title=\"Daria z XIII LO w Bia\u0142ymstoku w laboratorium PB! Program \u201eZ technikum na Politechniki\u201d\" width=\"500\" height=\"281\" src=\"https:\/\/www.youtube.com\/embed\/JCb0TVjxFbM?feature=oembed\" frameborder=\"0\" allow=\"accelerometer; autoplay; clipboard-write; encrypted-media; gyroscope; picture-in-picture; web-share\" referrerpolicy=\"strict-origin-when-cross-origin\" allowfullscreen><\/iframe><\/div>\n<\/div>\n<\/div>\n<p><strong>Zapraszamy do obejrzenia galerii zdj\u0119\u0107 z wizyty uczni\u00f3w XIII LO w Bia\u0142ymstoku:<\/strong><\/p>\nngg_shortcode_0_placeholder(mz)<\/p>\n","protected":false},"excerpt":{"rendered":"<p>Zaj\u0119cia dla uczni\u00f3w szk\u00f3\u0142 \u015brednich w laboratoriach naszej Uczelni<\/p>\n","protected":false},"author":110,"featured_media":1377,"comment_status":"open","ping_status":"open","sticky":false,"template":"","format":"standard","meta":{"_acf_changed":false,"ngg_post_thumbnail":0,"footnotes":""},"categories":[1],"tags":[],"class_list":["post-1329","post","type-post","status-publish","format-standard","has-post-thumbnail","hentry","category-home"],"acf":[],"_links":{"self":[{"href":"https:\/\/pb.edu.pl\/via-carpatia\/wp-json\/wp\/v2\/posts\/1329","targetHints":{"allow":["GET"]}}],"collection":[{"href":"https:\/\/pb.edu.pl\/via-carpatia\/wp-json\/wp\/v2\/posts"}],"about":[{"href":"https:\/\/pb.edu.pl\/via-carpatia\/wp-json\/wp\/v2\/types\/post"}],"author":[{"embeddable":true,"href":"https:\/\/pb.edu.pl\/via-carpatia\/wp-json\/wp\/v2\/users\/110"}],"replies":[{"embeddable":true,"href":"https:\/\/pb.edu.pl\/via-carpatia\/wp-json\/wp\/v2\/comments?post=1329"}],"version-history":[{"count":0,"href":"https:\/\/pb.edu.pl\/via-carpatia\/wp-json\/wp\/v2\/posts\/1329\/revisions"}],"wp:featuredmedia":[{"embeddable":true,"href":"https:\/\/pb.edu.pl\/via-carpatia\/wp-json\/wp\/v2\/media\/1377"}],"wp:attachment":[{"href":"https:\/\/pb.edu.pl\/via-carpatia\/wp-json\/wp\/v2\/media?parent=1329"}],"wp:term":[{"taxonomy":"category","embeddable":true,"href":"https:\/\/pb.edu.pl\/via-carpatia\/wp-json\/wp\/v2\/categories?post=1329"},{"taxonomy":"post_tag","embeddable":true,"href":"https:\/\/pb.edu.pl\/via-carpatia\/wp-json\/wp\/v2\/tags?post=1329"}],"curies":[{"name":"wp","href":"https:\/\/api.w.org\/{rel}","templated":true}]}}