{"id":1602,"date":"2023-12-01T13:30:51","date_gmt":"2023-12-01T12:30:51","guid":{"rendered":"https:\/\/pb.edu.pl\/uci\/?p=1602"},"modified":"2024-01-03T10:01:09","modified_gmt":"2024-01-03T09:01:09","slug":"charlie-crp-3-stopien-alarmowy","status":"publish","type":"post","link":"https:\/\/pb.edu.pl\/uci\/2023\/12\/01\/charlie-crp-3-stopien-alarmowy\/","title":{"rendered":"CHARLIE-CRP- 3 stopie\u0144 alarmowy"},"content":{"rendered":"<div class=\"h3\"><strong>Premier Mateusz Morawiecki podpisa\u0142 zarz\u0105dzenie przed\u0142u\u017caj\u0105ce <a title=\"Otworzy si\u0119 w nowej karcie\" href=\"https:\/\/www.gov.pl\/web\/rcb\/stopnie-alarmowe---do-29-lutego-2024r\" rel=\"noopener\">trzeci stopie\u0144 alarmowy CRP (CHARLIE-CRP)<\/a> na terytorium ca\u0142ego kraju obowi\u0105zuj\u0105ce do 29 lutego 2024 r. do godz. 23:59.<\/strong><\/div>\n<p>&nbsp;<\/p>\n<p>Stopie\u0144 ten jest wprowadzany w przypadku wyst\u0105pienia zdarzenia potwierdzaj\u0105cego prawdopodobny cel ataku o charakterze terrorystycznym w cyberprzestrzeni albo uzyskania wiarygodnych informacji o planowanym zdarzeniu. Wprowadzenie stopnia definiuje <a title=\"Otworzy si\u0119 w nowej karcie\" href=\"https:\/\/www.gov.pl\/web\/mswia\/ustawa-o-dzialaniach-antyterrorystycznych\" rel=\"noopener\">ustawa o dzia\u0142aniach antyterrorystycznych<\/a> z 2016 roku. Znaczenie stopni alarmowych zosta\u0142o wyja\u015bnione na stronie<strong>&nbsp;<\/strong><a title=\"Otworzy si\u0119 w nowej karcie\" href=\"https:\/\/www.gov.pl\/web\/mswia\/stopnie-alarmowe-i-stopnie-alarmowe-crp\" rel=\"noopener\">Ministerstwa Spraw Wewn\u0119trznych i Administracji.<\/a><\/p>\n<p>&nbsp;<\/p>\n<p>Od wprowadzenia (15 lutego 2022r.) na terytorium ca\u0142ego kraju pierwszego stopnia alarmowego ALFA-CRP, administratorzy pe\u0142ni\u0105 ca\u0142odobowe dy\u017cury kluczowych system\u00f3w zarz\u0105dzanych przez Uczelniane Centrum Informatyczne Politechniki Bia\u0142ostockiej.<strong><br \/>\n<\/strong><\/p>\n<p>Nale\u017cy pami\u0119ta\u0107, \u017ce bezpiecze\u0144stwo w czasie obowi\u0105zywania stopnia uzale\u017cnione jest nie tylko od dzia\u0142ania w\u0142a\u015bciwych s\u0142u\u017cb, ale te\u017c od czujno\u015bci nas wszystkich.<\/p>\n<p><strong>Przypominamy, \u017ce na stronie Centrum Kszta\u0142cenia Zdalnego dost\u0119pne jest szkolenie <a title=\"\" href=\"https:\/\/ckz.pb.edu.pl\/LmsProfil\/SciezkaSzkoleniowaElementUzytkownik\/SciezkaSzkoleniowaElementyBySciezkaSzkoleniowaId\/1178\">Pracownik w Cyberprzestrzeni &#8211; Security Awareness<\/a>, kt\u00f3re ma na celu podniesienie kompetencji kadr w obszarze cyberbezpiecze\u0144stwa.<\/strong> Po poprawnie zaliczonym te\u015bcie uczestnik <strong>mo\u017ce pobra\u0107 certyfikat<\/strong>. Zapraszamy do odbycia szkolenia.<\/p>\n<h3>Co zrobi\u0107 w przypadku wykrycia nieprawid\u0142owo\u015bci?<\/h3>\n<p>Prosimy o zachowanie szczeg\u00f3lnej czujno\u015bci w stosunku do nietypowego funkcjonowania system\u00f3w informatycznych, us\u0142ug oraz witryny www Uczelni.<\/p>\n<p><strong>Wszelkie niepokoj\u0105ce i nietypowe sytuacje oraz zagro\u017cenia prosimy kierowa\u0107 do Uczelnianego Centrum Informatycznego:<\/strong><br \/>\n<i class=\"fa fa-phone\" aria-hidden=\"true\"><\/i> (85) 746 9775,<br \/>\n<i class=\"fa fa-envelope-o\" aria-hidden=\"true\"><\/i>  <a href=\"https:\/\/pb.edu.pl\/uci\/pracownicy\/\">uci [at] pb.edu.pl<\/a><\/p>\n<p><a title=\"Otworzy si\u0119 w nowej karcie\" href=\"https:\/\/www.gov.pl\/web\/rcb\" target=\"_blank\" rel=\"noopener\">Rz\u0105dowe Centrum Bezpiecze\u0144stwa<\/a> prosi, aby po zauwa\u017ceniu \u201cnietypowych sytuacji\u201d zg\u0142asza\u0107 je na numer alarmowy <strong>112.<\/strong> Sygna\u0142y s\u0105 ma\u0142o dostrzegalne \u2013 jednak zwracanie uwagi na to, co dzieje si\u0119 w najbli\u017cszym otoczeniu, pozwala na&nbsp;odpowiednio wczesne wykrycie zagro\u017cenia.<\/p>\n<p>&nbsp;<\/p>\n<p><strong>UWAGA!<\/strong><\/p>\n<p>W zwi\u0105zku ze zwi\u0119kszonym zagro\u017ceniem w cyberprzestrzeni wywo\u0142anym sytuacj\u0105 na Ukrainie zapraszamy do zapoznania si\u0119 z <a title=\"Otworzy si\u0119 w nowej karcie\" href=\"https:\/\/cert.pl\/posts\/2022\/02\/rekomendacje-cyberprzestrzen-ukraina\/\" target=\"_blank\" rel=\"noopener\">rekomendacjami przygotowanymi przez zesp\u00f3\u0142 CERT Polska<\/a>.<\/p>\n<p>&nbsp;<\/p>\n<h3>Podstawy bezpiecze\u0144stwa w sieci<\/h3>\n<ul>\n<li>Korzystaj z <strong>mocnych hase\u0142<\/strong> i stosuj unikatowe has\u0142a do r\u00f3\u017cnych system\u00f3w.<\/li>\n<li>Korzystaj tylko z <strong>zaufanych sieci<\/strong> &#8211; nie loguj si\u0119 do serwis\u00f3w internetowych, korzystaj\u0105c z publicznych i otwartych sieci typu hotspot.<\/li>\n<li>Stosuj <strong>oprogramowanie antywirusowe.<\/strong><\/li>\n<li>Nie otwieraj <strong>podejrzanych maili.<\/strong><\/li>\n<li><strong>Aktualizuj<\/strong> przegl\u0105dark\u0119 i system operacyjny.<\/li>\n<li><strong>Nie klikaj<\/strong> w wyskakuj\u0105ce ekrany i podejrzane reklamy.<\/li>\n<li>Korzystaj z <strong>dwustopniowej weryfikacji<\/strong>. Podw\u00f3jna ochrona utrudni uzyskanie dost\u0119pu do Twojego konta.<\/li>\n<li>Instaluj <strong>oprogramowanie tylko ze znanych \u017ar\u00f3de\u0142.<\/strong><\/li>\n<li>Chro\u0144 nie tylko komputer, lecz tak\u017ce pozosta\u0142e urz\u0105dzenia \u2013 <strong>zabezpiecz telefon has\u0142em<\/strong> lub odciskiem biometrycznym i nie instaluj aplikacji niewiadomego pochodzenia.<\/li>\n<li><strong>Nie zapominaj o wylogowaniu si\u0119 z serwis\u00f3w.<\/strong><\/li>\n<\/ul>\n<h3>Jak chroni\u0107 dane?<\/h3>\n<p>Zanim podasz jakiekolwiek dane:<\/p>\n<ol>\n<li>Sprawdzaj, jakich uprawnie\u0144 wymaga instalowana aplikacja.<\/li>\n<li>Nie klikaj w linki oraz za\u0142\u0105czniki. Je\u015bli otrzymasz podejrzan\u0105 wiadomo\u015b\u0107 od znajomego, po\u015bwi\u0119\u0107 chwil\u0119 na zweryfikowanie jej.<\/li>\n<li>Nie podawaj w rozmowie (zw\u0142aszcza telefonicznej) poufnych danych.<\/li>\n<li>Nie wchod\u017a na stron\u0119 banku przez link. Wpisuj adres lub korzystaj z tzw. zaufanych zak\u0142adek. Stosuj podstawowe zasady bezpiecze\u0144stwa takie jak u\u017cywanie z\u0142o\u017conych i indywidualnych hase\u0142 dla ka\u017cdej strony i odwiedzanie tylko zaufanych witryn, bez wzgl\u0119du na to, za pomoc\u0105 jakiego urz\u0105dzenia si\u0119 \u0142\u0105czysz.<\/li>\n<li>Uwa\u017caj na p\u0142atno\u015bci w aplikacjach mobilnych. U\u017cywaj tylko oficjalnych aplikacji, instalowanych z pewnych \u017ar\u00f3de\u0142.<\/li>\n<\/ol>\n","protected":false},"excerpt":{"rendered":"<p>Premier Mateusz Morawiecki podpisa\u0142 zarz\u0105dzenie przed\u0142u\u017caj\u0105ce trzeci stopie\u0144 alarmowy CRP (CHARLIE-CRP) na terytorium ca\u0142ego kraju<\/p>\n","protected":false},"author":88,"featured_media":2996,"comment_status":"open","ping_status":"open","sticky":false,"template":"","format":"standard","meta":{"_acf_changed":false,"ngg_post_thumbnail":0,"footnotes":""},"categories":[1],"tags":[],"class_list":["post-1602","post","type-post","status-publish","format-standard","has-post-thumbnail","hentry","category-bez-kategorii"],"acf":[],"_links":{"self":[{"href":"https:\/\/pb.edu.pl\/uci\/wp-json\/wp\/v2\/posts\/1602","targetHints":{"allow":["GET"]}}],"collection":[{"href":"https:\/\/pb.edu.pl\/uci\/wp-json\/wp\/v2\/posts"}],"about":[{"href":"https:\/\/pb.edu.pl\/uci\/wp-json\/wp\/v2\/types\/post"}],"author":[{"embeddable":true,"href":"https:\/\/pb.edu.pl\/uci\/wp-json\/wp\/v2\/users\/88"}],"replies":[{"embeddable":true,"href":"https:\/\/pb.edu.pl\/uci\/wp-json\/wp\/v2\/comments?post=1602"}],"version-history":[{"count":0,"href":"https:\/\/pb.edu.pl\/uci\/wp-json\/wp\/v2\/posts\/1602\/revisions"}],"wp:featuredmedia":[{"embeddable":true,"href":"https:\/\/pb.edu.pl\/uci\/wp-json\/wp\/v2\/media\/2996"}],"wp:attachment":[{"href":"https:\/\/pb.edu.pl\/uci\/wp-json\/wp\/v2\/media?parent=1602"}],"wp:term":[{"taxonomy":"category","embeddable":true,"href":"https:\/\/pb.edu.pl\/uci\/wp-json\/wp\/v2\/categories?post=1602"},{"taxonomy":"post_tag","embeddable":true,"href":"https:\/\/pb.edu.pl\/uci\/wp-json\/wp\/v2\/tags?post=1602"}],"curies":[{"name":"wp","href":"https:\/\/api.w.org\/{rel}","templated":true}]}}