{"id":31488,"date":"2026-04-30T09:06:35","date_gmt":"2026-04-30T07:06:35","guid":{"rendered":"https:\/\/pb.edu.pl\/sjo\/?p=31488"},"modified":"2026-04-30T09:06:35","modified_gmt":"2026-04-30T07:06:35","slug":"128-prac-w-konkursie-a-story-in-one-moment-rozpoczynamy-glosowanie-na-nagrode-publicznosci","status":"publish","type":"post","link":"https:\/\/pb.edu.pl\/sjo\/2026\/04\/30\/128-prac-w-konkursie-a-story-in-one-moment-rozpoczynamy-glosowanie-na-nagrode-publicznosci\/","title":{"rendered":"128 prac w konkursie \u201eA story in one moment\u201d \u2013 rozpoczynamy g\u0142osowanie na Nagrod\u0119 Publiczno\u015bci"},"content":{"rendered":"<p data-start=\"135\" data-end=\"426\">Dzi\u0119kujemy za tak du\u017ce zainteresowanie 5. edycj\u0105 konkursu fotograficzno-j\u0119zykowego \u201eA story in one moment\u201d. W tegorocznej ods\u0142onie konkursu otrzymali\u015bmy a\u017c 128 prac, kt\u00f3re pokazuj\u0105, jak r\u00f3\u017cnorodnie mo\u017cna interpretowa\u0107 temat jednego momentu i opowiedzie\u0107 histori\u0119 za pomoc\u0105 obrazu oraz s\u0142owa.<\/p>\n<p data-start=\"428\" data-end=\"672\">Uczestnicy po raz kolejny udowodnili, \u017ce kreatywno\u015b\u0107, wra\u017cliwo\u015b\u0107 i umiej\u0119tno\u015bci j\u0119zykowe mog\u0105 tworzy\u0107 wyj\u0105tkowe po\u0142\u0105czenie. Nades\u0142ane fotografie przedstawiaj\u0105 zar\u00f3wno codzienne chwile, jak i wyj\u0105tkowe wydarzenia, emocje oraz osobiste refleksje.<\/p>\n<p data-start=\"674\" data-end=\"814\">Rozpoczynamy g\u0142osowanie na Nagrod\u0119 Publiczno\u015bci. O zwyci\u0119stwie zdecyduje liczba g\u0142os\u00f3w oddanych za po\u015brednictwem formularza Microsoft Forms.&nbsp;<\/p>\n<p data-start=\"674\" data-end=\"814\"><strong>Galeria oraz formularz do g\u0142osowania dost\u0119pne s\u0105 <a title=\"\" href=\"https:\/\/pb.edu.pl\/sjo\/wydarzenia-sjo\/konkurs-fotograficzno-jezykowy-a-story-in-one-moment\/konkurs-a-story-in-one-moment-glosowanie-na-nagrode-publicznosci\">tutaj<\/a>.<\/strong><\/p>\n<p data-start=\"816\" data-end=\"867\">G\u0142osowanie trwa od 29 kwietnia do 7 maja 2026 r.<\/p>\n<p data-start=\"869\" data-end=\"992\">Zach\u0119camy do zapoznania si\u0119 z konkursowymi pracami i oddania g\u0142osu na zdj\u0119cie, kt\u00f3re najbardziej przypad\u0142o Wam do gustu.<\/p>\n<p data-start=\"1048\" data-end=\"1125\">Dzi\u0119kujemy wszystkim uczestnikom za zaanga\u017cowanie i gratulujemy kreatywno\u015bci!<\/p>\n","protected":false},"excerpt":{"rendered":"<p>Dzi\u0119kujemy za tak du\u017ce zainteresowanie 5. edycj\u0105 konkursu fotograficzno-j\u0119zykowego \u201eA story in one moment\u201d. W<\/p>\n","protected":false},"author":132,"featured_media":31489,"comment_status":"closed","ping_status":"closed","sticky":false,"template":"","format":"standard","meta":{"_acf_changed":false,"ngg_post_thumbnail":0,"footnotes":""},"categories":[235,77,4],"tags":[],"class_list":["post-31488","post","type-post","status-publish","format-standard","has-post-thumbnail","hentry","category-a-story-in-one-moment","category-aktualnosci","category-sjo"],"acf":[],"yoast_head":"<!-- This site is optimized with the Yoast SEO plugin v27.0 - https:\/\/yoast.com\/product\/yoast-seo-wordpress\/ -->\n<title>128 prac w konkursie \u201eA story in one moment\u201d \u2013 rozpoczynamy g\u0142osowanie na Nagrod\u0119 Publiczno\u015bci - aktualno\u015bci Studium J\u0119zyk\u00f3w Obcych<\/title>\n<meta name=\"description\" content=\"Dzi\u0119kujemy za tak du\u017ce zainteresowanie 5. edycj\u0105 konkursu fotograficzno-j\u0119zykowego \u201eA story in one moment\u201d. W tegorocznej ods\u0142onie konkursu otrzymali\u015bmy\" \/>\n<meta name=\"robots\" content=\"index, follow, max-snippet:-1, max-image-preview:large, max-video-preview:-1\" \/>\n<link rel=\"canonical\" href=\"https:\/\/pb.edu.pl\/sjo\/2026\/04\/30\/128-prac-w-konkursie-a-story-in-one-moment-rozpoczynamy-glosowanie-na-nagrode-publicznosci\/\" \/>\n<meta property=\"og:locale\" content=\"pl_PL\" \/>\n<meta property=\"og:type\" content=\"article\" \/>\n<meta property=\"og:title\" content=\"128 prac w konkursie \u201eA story in one moment\u201d \u2013 rozpoczynamy g\u0142osowanie na Nagrod\u0119 Publiczno\u015bci - aktualno\u015bci Studium J\u0119zyk\u00f3w Obcych\" \/>\n<meta property=\"og:description\" content=\"Dzi\u0119kujemy za tak du\u017ce zainteresowanie 5. edycj\u0105 konkursu fotograficzno-j\u0119zykowego \u201eA story in one moment\u201d. W tegorocznej ods\u0142onie konkursu otrzymali\u015bmy\" \/>\n<meta property=\"og:url\" content=\"https:\/\/pb.edu.pl\/sjo\/2026\/04\/30\/128-prac-w-konkursie-a-story-in-one-moment-rozpoczynamy-glosowanie-na-nagrode-publicznosci\/\" \/>\n<meta property=\"og:site_name\" content=\"Studium J\u0119zyk\u00f3w Obcych\" \/>\n<meta property=\"article:published_time\" content=\"2026-04-30T07:06:35+00:00\" \/>\n<meta property=\"og:image\" content=\"https:\/\/pb.edu.pl\/sjo\/wp-content\/uploads\/sites\/9\/2026\/04\/ruszylo-glosowanie.png\" \/>\n\t<meta property=\"og:image:width\" content=\"799\" \/>\n\t<meta property=\"og:image:height\" content=\"533\" \/>\n\t<meta property=\"og:image:type\" content=\"image\/png\" \/>\n<meta name=\"author\" content=\"ajuchnicka\" \/>\n<meta name=\"twitter:label1\" content=\"Napisane przez\" \/>\n\t<meta name=\"twitter:data1\" content=\"ajuchnicka\" \/>\n\t<meta name=\"twitter:label2\" content=\"Szacowany czas czytania\" \/>\n\t<meta name=\"twitter:data2\" content=\"1 minuta\" \/>\n<script type=\"application\/ld+json\" class=\"yoast-schema-graph\">{\"@context\":\"https:\/\/schema.org\",\"@graph\":[{\"@type\":\"Article\",\"@id\":\"https:\/\/pb.edu.pl\/sjo\/2026\/04\/30\/128-prac-w-konkursie-a-story-in-one-moment-rozpoczynamy-glosowanie-na-nagrode-publicznosci\/#article\",\"isPartOf\":{\"@id\":\"https:\/\/pb.edu.pl\/sjo\/2026\/04\/30\/128-prac-w-konkursie-a-story-in-one-moment-rozpoczynamy-glosowanie-na-nagrode-publicznosci\/\"},\"author\":{\"name\":\"ajuchnicka\",\"@id\":\"https:\/\/pb.edu.pl\/sjo\/#\/schema\/person\/bc89bcead9df6c2932e99aab9746cb33\"},\"headline\":\"128 prac w konkursie \u201eA story in one moment\u201d \u2013 rozpoczynamy g\u0142osowanie na Nagrod\u0119 Publiczno\u015bci\",\"datePublished\":\"2026-04-30T07:06:35+00:00\",\"mainEntityOfPage\":{\"@id\":\"https:\/\/pb.edu.pl\/sjo\/2026\/04\/30\/128-prac-w-konkursie-a-story-in-one-moment-rozpoczynamy-glosowanie-na-nagrode-publicznosci\/\"},\"wordCount\":174,\"image\":{\"@id\":\"https:\/\/pb.edu.pl\/sjo\/2026\/04\/30\/128-prac-w-konkursie-a-story-in-one-moment-rozpoczynamy-glosowanie-na-nagrode-publicznosci\/#primaryimage\"},\"thumbnailUrl\":\"https:\/\/pb.edu.pl\/sjo\/wp-content\/uploads\/sites\/9\/2026\/04\/ruszylo-glosowanie.png\",\"articleSection\":[\"'A story in one moment\u2019\",\"Aktualno\u015bci\",\"SJO\"],\"inLanguage\":\"pl-PL\"},{\"@type\":\"WebPage\",\"@id\":\"https:\/\/pb.edu.pl\/sjo\/2026\/04\/30\/128-prac-w-konkursie-a-story-in-one-moment-rozpoczynamy-glosowanie-na-nagrode-publicznosci\/\",\"url\":\"https:\/\/pb.edu.pl\/sjo\/2026\/04\/30\/128-prac-w-konkursie-a-story-in-one-moment-rozpoczynamy-glosowanie-na-nagrode-publicznosci\/\",\"name\":\"128 prac w konkursie \u201eA story in one moment\u201d \u2013 rozpoczynamy g\u0142osowanie na Nagrod\u0119 Publiczno\u015bci - aktualno\u015bci Studium J\u0119zyk\u00f3w Obcych\",\"isPartOf\":{\"@id\":\"https:\/\/pb.edu.pl\/sjo\/#website\"},\"primaryImageOfPage\":{\"@id\":\"https:\/\/pb.edu.pl\/sjo\/2026\/04\/30\/128-prac-w-konkursie-a-story-in-one-moment-rozpoczynamy-glosowanie-na-nagrode-publicznosci\/#primaryimage\"},\"image\":{\"@id\":\"https:\/\/pb.edu.pl\/sjo\/2026\/04\/30\/128-prac-w-konkursie-a-story-in-one-moment-rozpoczynamy-glosowanie-na-nagrode-publicznosci\/#primaryimage\"},\"thumbnailUrl\":\"https:\/\/pb.edu.pl\/sjo\/wp-content\/uploads\/sites\/9\/2026\/04\/ruszylo-glosowanie.png\",\"datePublished\":\"2026-04-30T07:06:35+00:00\",\"author\":{\"@id\":\"https:\/\/pb.edu.pl\/sjo\/#\/schema\/person\/bc89bcead9df6c2932e99aab9746cb33\"},\"description\":\"Dzi\u0119kujemy za tak du\u017ce zainteresowanie 5. edycj\u0105 konkursu fotograficzno-j\u0119zykowego \u201eA story in one moment\u201d. W tegorocznej ods\u0142onie konkursu otrzymali\u015bmy\",\"breadcrumb\":{\"@id\":\"https:\/\/pb.edu.pl\/sjo\/2026\/04\/30\/128-prac-w-konkursie-a-story-in-one-moment-rozpoczynamy-glosowanie-na-nagrode-publicznosci\/#breadcrumb\"},\"inLanguage\":\"pl-PL\",\"potentialAction\":[{\"@type\":\"ReadAction\",\"target\":[\"https:\/\/pb.edu.pl\/sjo\/2026\/04\/30\/128-prac-w-konkursie-a-story-in-one-moment-rozpoczynamy-glosowanie-na-nagrode-publicznosci\/\"]}]},{\"@type\":\"ImageObject\",\"inLanguage\":\"pl-PL\",\"@id\":\"https:\/\/pb.edu.pl\/sjo\/2026\/04\/30\/128-prac-w-konkursie-a-story-in-one-moment-rozpoczynamy-glosowanie-na-nagrode-publicznosci\/#primaryimage\",\"url\":\"https:\/\/pb.edu.pl\/sjo\/wp-content\/uploads\/sites\/9\/2026\/04\/ruszylo-glosowanie.png\",\"contentUrl\":\"https:\/\/pb.edu.pl\/sjo\/wp-content\/uploads\/sites\/9\/2026\/04\/ruszylo-glosowanie.png\",\"width\":799,\"height\":533,\"caption\":\"alt=\\\"\\\"\"},{\"@type\":\"BreadcrumbList\",\"@id\":\"https:\/\/pb.edu.pl\/sjo\/2026\/04\/30\/128-prac-w-konkursie-a-story-in-one-moment-rozpoczynamy-glosowanie-na-nagrode-publicznosci\/#breadcrumb\",\"itemListElement\":[{\"@type\":\"ListItem\",\"position\":1,\"name\":\"Home\",\"item\":\"https:\/\/pb.edu.pl\/sjo\/\"},{\"@type\":\"ListItem\",\"position\":2,\"name\":\"128 prac w konkursie \u201eA story in one moment\u201d \u2013 rozpoczynamy g\u0142osowanie na Nagrod\u0119 Publiczno\u015bci\"}]},{\"@type\":\"WebSite\",\"@id\":\"https:\/\/pb.edu.pl\/sjo\/#website\",\"url\":\"https:\/\/pb.edu.pl\/sjo\/\",\"name\":\"Studium J\u0119zyk\u00f3w Obcych\",\"description\":\"\",\"potentialAction\":[{\"@type\":\"SearchAction\",\"target\":{\"@type\":\"EntryPoint\",\"urlTemplate\":\"https:\/\/pb.edu.pl\/sjo\/?s={search_term_string}\"},\"query-input\":{\"@type\":\"PropertyValueSpecification\",\"valueRequired\":true,\"valueName\":\"search_term_string\"}}],\"inLanguage\":\"pl-PL\"},{\"@type\":\"Person\",\"@id\":\"https:\/\/pb.edu.pl\/sjo\/#\/schema\/person\/bc89bcead9df6c2932e99aab9746cb33\",\"name\":\"ajuchnicka\",\"image\":{\"@type\":\"ImageObject\",\"inLanguage\":\"pl-PL\",\"@id\":\"https:\/\/pb.edu.pl\/sjo\/#\/schema\/person\/image\/\",\"url\":\"https:\/\/secure.gravatar.com\/avatar\/1d316076f572919feaf7fb4fb4fd667f2816777bf9731766eb5648e17718eecc?s=96&d=mm&r=g\",\"contentUrl\":\"https:\/\/secure.gravatar.com\/avatar\/1d316076f572919feaf7fb4fb4fd667f2816777bf9731766eb5648e17718eecc?s=96&d=mm&r=g\",\"caption\":\"ajuchnicka\"},\"url\":\"https:\/\/pb.edu.pl\/sjo\/author\/ajuchnicka\/\"}]}<\/script>\n<!-- \/ Yoast SEO plugin. -->","yoast_head_json":{"title":"128 prac w konkursie \u201eA story in one moment\u201d \u2013 rozpoczynamy g\u0142osowanie na Nagrod\u0119 Publiczno\u015bci - aktualno\u015bci Studium J\u0119zyk\u00f3w Obcych","description":"Dzi\u0119kujemy za tak du\u017ce zainteresowanie 5. edycj\u0105 konkursu fotograficzno-j\u0119zykowego \u201eA story in one moment\u201d. W tegorocznej ods\u0142onie konkursu otrzymali\u015bmy","robots":{"index":"index","follow":"follow","max-snippet":"max-snippet:-1","max-image-preview":"max-image-preview:large","max-video-preview":"max-video-preview:-1"},"canonical":"https:\/\/pb.edu.pl\/sjo\/2026\/04\/30\/128-prac-w-konkursie-a-story-in-one-moment-rozpoczynamy-glosowanie-na-nagrode-publicznosci\/","og_locale":"pl_PL","og_type":"article","og_title":"128 prac w konkursie \u201eA story in one moment\u201d \u2013 rozpoczynamy g\u0142osowanie na Nagrod\u0119 Publiczno\u015bci - aktualno\u015bci Studium J\u0119zyk\u00f3w Obcych","og_description":"Dzi\u0119kujemy za tak du\u017ce zainteresowanie 5. edycj\u0105 konkursu fotograficzno-j\u0119zykowego \u201eA story in one moment\u201d. W tegorocznej ods\u0142onie konkursu otrzymali\u015bmy","og_url":"https:\/\/pb.edu.pl\/sjo\/2026\/04\/30\/128-prac-w-konkursie-a-story-in-one-moment-rozpoczynamy-glosowanie-na-nagrode-publicznosci\/","og_site_name":"Studium J\u0119zyk\u00f3w Obcych","article_published_time":"2026-04-30T07:06:35+00:00","og_image":[{"width":799,"height":533,"url":"https:\/\/pb.edu.pl\/sjo\/wp-content\/uploads\/sites\/9\/2026\/04\/ruszylo-glosowanie.png","type":"image\/png"}],"author":"ajuchnicka","twitter_misc":{"Napisane przez":"ajuchnicka","Szacowany czas czytania":"1 minuta"},"schema":{"@context":"https:\/\/schema.org","@graph":[{"@type":"Article","@id":"https:\/\/pb.edu.pl\/sjo\/2026\/04\/30\/128-prac-w-konkursie-a-story-in-one-moment-rozpoczynamy-glosowanie-na-nagrode-publicznosci\/#article","isPartOf":{"@id":"https:\/\/pb.edu.pl\/sjo\/2026\/04\/30\/128-prac-w-konkursie-a-story-in-one-moment-rozpoczynamy-glosowanie-na-nagrode-publicznosci\/"},"author":{"name":"ajuchnicka","@id":"https:\/\/pb.edu.pl\/sjo\/#\/schema\/person\/bc89bcead9df6c2932e99aab9746cb33"},"headline":"128 prac w konkursie \u201eA story in one moment\u201d \u2013 rozpoczynamy g\u0142osowanie na Nagrod\u0119 Publiczno\u015bci","datePublished":"2026-04-30T07:06:35+00:00","mainEntityOfPage":{"@id":"https:\/\/pb.edu.pl\/sjo\/2026\/04\/30\/128-prac-w-konkursie-a-story-in-one-moment-rozpoczynamy-glosowanie-na-nagrode-publicznosci\/"},"wordCount":174,"image":{"@id":"https:\/\/pb.edu.pl\/sjo\/2026\/04\/30\/128-prac-w-konkursie-a-story-in-one-moment-rozpoczynamy-glosowanie-na-nagrode-publicznosci\/#primaryimage"},"thumbnailUrl":"https:\/\/pb.edu.pl\/sjo\/wp-content\/uploads\/sites\/9\/2026\/04\/ruszylo-glosowanie.png","articleSection":["'A story in one moment\u2019","Aktualno\u015bci","SJO"],"inLanguage":"pl-PL"},{"@type":"WebPage","@id":"https:\/\/pb.edu.pl\/sjo\/2026\/04\/30\/128-prac-w-konkursie-a-story-in-one-moment-rozpoczynamy-glosowanie-na-nagrode-publicznosci\/","url":"https:\/\/pb.edu.pl\/sjo\/2026\/04\/30\/128-prac-w-konkursie-a-story-in-one-moment-rozpoczynamy-glosowanie-na-nagrode-publicznosci\/","name":"128 prac w konkursie \u201eA story in one moment\u201d \u2013 rozpoczynamy g\u0142osowanie na Nagrod\u0119 Publiczno\u015bci - aktualno\u015bci Studium J\u0119zyk\u00f3w Obcych","isPartOf":{"@id":"https:\/\/pb.edu.pl\/sjo\/#website"},"primaryImageOfPage":{"@id":"https:\/\/pb.edu.pl\/sjo\/2026\/04\/30\/128-prac-w-konkursie-a-story-in-one-moment-rozpoczynamy-glosowanie-na-nagrode-publicznosci\/#primaryimage"},"image":{"@id":"https:\/\/pb.edu.pl\/sjo\/2026\/04\/30\/128-prac-w-konkursie-a-story-in-one-moment-rozpoczynamy-glosowanie-na-nagrode-publicznosci\/#primaryimage"},"thumbnailUrl":"https:\/\/pb.edu.pl\/sjo\/wp-content\/uploads\/sites\/9\/2026\/04\/ruszylo-glosowanie.png","datePublished":"2026-04-30T07:06:35+00:00","author":{"@id":"https:\/\/pb.edu.pl\/sjo\/#\/schema\/person\/bc89bcead9df6c2932e99aab9746cb33"},"description":"Dzi\u0119kujemy za tak du\u017ce zainteresowanie 5. edycj\u0105 konkursu fotograficzno-j\u0119zykowego \u201eA story in one moment\u201d. W tegorocznej ods\u0142onie konkursu otrzymali\u015bmy","breadcrumb":{"@id":"https:\/\/pb.edu.pl\/sjo\/2026\/04\/30\/128-prac-w-konkursie-a-story-in-one-moment-rozpoczynamy-glosowanie-na-nagrode-publicznosci\/#breadcrumb"},"inLanguage":"pl-PL","potentialAction":[{"@type":"ReadAction","target":["https:\/\/pb.edu.pl\/sjo\/2026\/04\/30\/128-prac-w-konkursie-a-story-in-one-moment-rozpoczynamy-glosowanie-na-nagrode-publicznosci\/"]}]},{"@type":"ImageObject","inLanguage":"pl-PL","@id":"https:\/\/pb.edu.pl\/sjo\/2026\/04\/30\/128-prac-w-konkursie-a-story-in-one-moment-rozpoczynamy-glosowanie-na-nagrode-publicznosci\/#primaryimage","url":"https:\/\/pb.edu.pl\/sjo\/wp-content\/uploads\/sites\/9\/2026\/04\/ruszylo-glosowanie.png","contentUrl":"https:\/\/pb.edu.pl\/sjo\/wp-content\/uploads\/sites\/9\/2026\/04\/ruszylo-glosowanie.png","width":799,"height":533,"caption":"alt=\"\""},{"@type":"BreadcrumbList","@id":"https:\/\/pb.edu.pl\/sjo\/2026\/04\/30\/128-prac-w-konkursie-a-story-in-one-moment-rozpoczynamy-glosowanie-na-nagrode-publicznosci\/#breadcrumb","itemListElement":[{"@type":"ListItem","position":1,"name":"Home","item":"https:\/\/pb.edu.pl\/sjo\/"},{"@type":"ListItem","position":2,"name":"128 prac w konkursie \u201eA story in one moment\u201d \u2013 rozpoczynamy g\u0142osowanie na Nagrod\u0119 Publiczno\u015bci"}]},{"@type":"WebSite","@id":"https:\/\/pb.edu.pl\/sjo\/#website","url":"https:\/\/pb.edu.pl\/sjo\/","name":"Studium J\u0119zyk\u00f3w Obcych","description":"","potentialAction":[{"@type":"SearchAction","target":{"@type":"EntryPoint","urlTemplate":"https:\/\/pb.edu.pl\/sjo\/?s={search_term_string}"},"query-input":{"@type":"PropertyValueSpecification","valueRequired":true,"valueName":"search_term_string"}}],"inLanguage":"pl-PL"},{"@type":"Person","@id":"https:\/\/pb.edu.pl\/sjo\/#\/schema\/person\/bc89bcead9df6c2932e99aab9746cb33","name":"ajuchnicka","image":{"@type":"ImageObject","inLanguage":"pl-PL","@id":"https:\/\/pb.edu.pl\/sjo\/#\/schema\/person\/image\/","url":"https:\/\/secure.gravatar.com\/avatar\/1d316076f572919feaf7fb4fb4fd667f2816777bf9731766eb5648e17718eecc?s=96&d=mm&r=g","contentUrl":"https:\/\/secure.gravatar.com\/avatar\/1d316076f572919feaf7fb4fb4fd667f2816777bf9731766eb5648e17718eecc?s=96&d=mm&r=g","caption":"ajuchnicka"},"url":"https:\/\/pb.edu.pl\/sjo\/author\/ajuchnicka\/"}]}},"_links":{"self":[{"href":"https:\/\/pb.edu.pl\/sjo\/wp-json\/wp\/v2\/posts\/31488","targetHints":{"allow":["GET"]}}],"collection":[{"href":"https:\/\/pb.edu.pl\/sjo\/wp-json\/wp\/v2\/posts"}],"about":[{"href":"https:\/\/pb.edu.pl\/sjo\/wp-json\/wp\/v2\/types\/post"}],"author":[{"embeddable":true,"href":"https:\/\/pb.edu.pl\/sjo\/wp-json\/wp\/v2\/users\/132"}],"replies":[{"embeddable":true,"href":"https:\/\/pb.edu.pl\/sjo\/wp-json\/wp\/v2\/comments?post=31488"}],"version-history":[{"count":2,"href":"https:\/\/pb.edu.pl\/sjo\/wp-json\/wp\/v2\/posts\/31488\/revisions"}],"predecessor-version":[{"id":31498,"href":"https:\/\/pb.edu.pl\/sjo\/wp-json\/wp\/v2\/posts\/31488\/revisions\/31498"}],"wp:featuredmedia":[{"embeddable":true,"href":"https:\/\/pb.edu.pl\/sjo\/wp-json\/wp\/v2\/media\/31489"}],"wp:attachment":[{"href":"https:\/\/pb.edu.pl\/sjo\/wp-json\/wp\/v2\/media?parent=31488"}],"wp:term":[{"taxonomy":"category","embeddable":true,"href":"https:\/\/pb.edu.pl\/sjo\/wp-json\/wp\/v2\/categories?post=31488"},{"taxonomy":"post_tag","embeddable":true,"href":"https:\/\/pb.edu.pl\/sjo\/wp-json\/wp\/v2\/tags?post=31488"}],"curies":[{"name":"wp","href":"https:\/\/api.w.org\/{rel}","templated":true}]}}