{"id":31299,"date":"2026-04-21T13:11:14","date_gmt":"2026-04-21T11:11:14","guid":{"rendered":"https:\/\/pb.edu.pl\/sjo\/?p=31299"},"modified":"2026-04-21T13:42:39","modified_gmt":"2026-04-21T11:42:39","slug":"od-kultury-polskiej-po-prosty-angielski-sjo-na-universidad-politecnica-de-madrid","status":"publish","type":"post","link":"https:\/\/pb.edu.pl\/sjo\/2026\/04\/21\/od-kultury-polskiej-po-prosty-angielski-sjo-na-universidad-politecnica-de-madrid\/","title":{"rendered":"Od kultury polskiej po prosty angielski \u2013 SJO na Universidad Polit\u00e9cnica de Madrid"},"content":{"rendered":"<p>W dniach 13\u201317 kwietnia 2026 r. mgr Halina Bramska oraz dr Monika \u015aleszy\u0144ska odwiedzi\u0142y Wydzia\u0142 Budownictwa (Escuela T\u00e9cnica Superior de Edificaci\u00f3n) Politechniki w Madrycie. Po spotkaniu w biurze koordynatora programu Erasmus+, dr. Miguela Fern\u00e1ndeza \u00c1lvareza, Halina Bramska poprowadzi\u0142a zaj\u0119cia po\u015bwi\u0119cone kulturze i j\u0119zykowi polskiemu (\u201ePolish culture and language in a nutshell\u201d), natomiast Monika \u015aleszy\u0144ska przeprowadzi\u0142a warsztaty dotycz\u0105ce prostego j\u0119zyka angielskiego (\u201eStrength lies in simplicity\u201d).<\/p>\n<p>W trakcie wizyty odby\u0142y si\u0119 r\u00f3wnie\u017c spotkania z dziekanem wydzia\u0142u oraz prof. Pilar Izquierdo, prowadz\u0105c\u0105 zaj\u0119cia dla student\u00f3w programu Erasmus+, a tak\u017ce z Lan\u0105 Kudumovic z Politechniki w Stambule. Mia\u0142y\u015bmy ponadto okazj\u0119 zwiedzi\u0107 laboratoria oraz muzeum wydzia\u0142owe.<\/p>\n<p>W\u015br\u00f3d uczestnik\u00f3w zaj\u0119\u0107 znale\u017ali si\u0119 studenci planuj\u0105cy przyjazd do Polski w ramach programu Erasmus+ w kolejnym semestrze, w tym pi\u0119cioro, kt\u00f3rzy podejm\u0105 studia na naszej uczelni. Istotnym elementem wizyty by\u0142a tak\u017ce mo\u017cliwo\u015b\u0107 obserwacji pracy oraz rozm\u00f3w ze studentami studi\u00f3w magisterskich i doktoranckich prowadz\u0105cymi badania w laboratoriach wydzia\u0142owych.<\/p>\n<p>Universidad Polit\u00e9cnica de Madrid (UPM) obejmuje 17 wydzia\u0142\u00f3w i dzieli kampus z dwiema innymi uczelniami. Jest to przestrze\u0144 pe\u0142na zieleni, eleganckiej architektury oraz miejsc sprzyjaj\u0105cych aktywno\u015bci kulturalnej.<\/p>\n<p>W pobli\u017cu Wydzia\u0142u Architektury znajduje si\u0119 gotycka brama, przeniesiona z innej cz\u0119\u015bci miasta, kt\u00f3ra ma stanowi\u0107 zal\u0105\u017cek przysz\u0142ego muzeum. Jej obecno\u015b\u0107 robi szczeg\u00f3lne wra\u017cenie na tle nowoczesnej zabudowy kampusu. Z kolei hol Wydzia\u0142u Budownictwa cieszy si\u0119 popularno\u015bci\u0105 w\u015br\u00f3d filmowc\u00f3w ze wzgl\u0119du na zachowany wystr\u00f3j z lat 70. XX wieku \u2014 by\u0142 on ju\u017c t\u0142em dla wielu film\u00f3w i reklam telewizyjnych. W budynku funkcjonuje r\u00f3wnie\u017c kafeteria oferuj\u0105ca studentom kilkudaniowy lunch z napojem w przyst\u0119pnej cenie (6,5 euro). Panuje tam przyjazna atmosfera, a miejsce t\u0119tni \u017cyciem nawet w godzinach wieczornych.<\/p>\n<p>Madryt zachwyci\u0142 nas zieleni\u0105, starannie zagospodarowanymi przestrzeniami publicznymi oraz sprawnie funkcjonuj\u0105c\u0105 komunikacj\u0105 miejsk\u0105. W wielu muzeach, w tym w najpopularniejszych, takich jak Prado, nauczyciele posiadaj\u0105cy wa\u017cn\u0105 legitymacj\u0119 akademick\u0105 mog\u0105 korzysta\u0107 z bezp\u0142atnego wst\u0119pu.<\/p>\n<p>Nasza wizyta w Madrycie by\u0142a bardzo udana \u2014 nie tylko ze wzgl\u0119du na spotkania i zaj\u0119cia ze studentami, lecz tak\u017ce dzi\u0119ki niezwyk\u0142ej serdeczno\u015bci i zaanga\u017cowaniu gospodarzy.<\/p>\n<p>(hb)<\/p>\nngg_shortcode_0_placeholder\n","protected":false},"excerpt":{"rendered":"<p>W dniach 13\u201317 kwietnia 2026 r. mgr Halina Bramska oraz dr Monika \u015aleszy\u0144ska odwiedzi\u0142y Wydzia\u0142<\/p>\n","protected":false},"author":132,"featured_media":31306,"comment_status":"closed","ping_status":"closed","sticky":false,"template":"","format":"standard","meta":{"_acf_changed":false,"ngg_post_thumbnail":0,"footnotes":""},"categories":[77,229,4],"tags":[],"class_list":["post-31299","post","type-post","status-publish","format-standard","has-post-thumbnail","hentry","category-aktualnosci","category-erasmus","category-sjo"],"acf":[],"yoast_head":"<!-- This site is optimized with the Yoast SEO plugin v27.0 - https:\/\/yoast.com\/product\/yoast-seo-wordpress\/ -->\n<title>Od kultury polskiej po prosty angielski \u2013 SJO na Universidad Polit\u00e9cnica de Madrid - aktualno\u015bci Studium J\u0119zyk\u00f3w Obcych<\/title>\n<meta name=\"description\" content=\"W dniach 13\u201317 kwietnia 2026 r. mgr Halina Bramska oraz dr Monika \u015aleszy\u0144ska odwiedzi\u0142y Wydzia\u0142 Budownictwa (Escuela T\u00e9cnica Superior de Edificaci\u00f3n)\" \/>\n<meta name=\"robots\" content=\"index, follow, max-snippet:-1, max-image-preview:large, max-video-preview:-1\" \/>\n<link rel=\"canonical\" href=\"https:\/\/pb.edu.pl\/sjo\/2026\/04\/21\/od-kultury-polskiej-po-prosty-angielski-sjo-na-universidad-politecnica-de-madrid\/\" \/>\n<meta property=\"og:locale\" content=\"pl_PL\" \/>\n<meta property=\"og:type\" content=\"article\" \/>\n<meta property=\"og:title\" content=\"Od kultury polskiej po prosty angielski \u2013 SJO na Universidad Polit\u00e9cnica de Madrid - aktualno\u015bci Studium J\u0119zyk\u00f3w Obcych\" \/>\n<meta property=\"og:description\" content=\"W dniach 13\u201317 kwietnia 2026 r. mgr Halina Bramska oraz dr Monika \u015aleszy\u0144ska odwiedzi\u0142y Wydzia\u0142 Budownictwa (Escuela T\u00e9cnica Superior de Edificaci\u00f3n)\" \/>\n<meta property=\"og:url\" content=\"https:\/\/pb.edu.pl\/sjo\/2026\/04\/21\/od-kultury-polskiej-po-prosty-angielski-sjo-na-universidad-politecnica-de-madrid\/\" \/>\n<meta property=\"og:site_name\" content=\"Studium J\u0119zyk\u00f3w Obcych\" \/>\n<meta property=\"article:published_time\" content=\"2026-04-21T11:11:14+00:00\" \/>\n<meta property=\"article:modified_time\" content=\"2026-04-21T11:42:39+00:00\" \/>\n<meta property=\"og:image\" content=\"https:\/\/pb.edu.pl\/sjo\/wp-content\/uploads\/sites\/9\/2026\/04\/Madryt-04.2026.png\" \/>\n\t<meta property=\"og:image:width\" content=\"1080\" \/>\n\t<meta property=\"og:image:height\" content=\"675\" \/>\n\t<meta property=\"og:image:type\" content=\"image\/png\" \/>\n<meta name=\"author\" content=\"ajuchnicka\" \/>\n<meta name=\"twitter:label1\" content=\"Napisane przez\" \/>\n\t<meta name=\"twitter:data1\" content=\"ajuchnicka\" \/>\n\t<meta name=\"twitter:label2\" content=\"Szacowany czas czytania\" \/>\n\t<meta name=\"twitter:data2\" content=\"3 minuty\" \/>\n<script type=\"application\/ld+json\" class=\"yoast-schema-graph\">{\"@context\":\"https:\/\/schema.org\",\"@graph\":[{\"@type\":\"Article\",\"@id\":\"https:\/\/pb.edu.pl\/sjo\/2026\/04\/21\/od-kultury-polskiej-po-prosty-angielski-sjo-na-universidad-politecnica-de-madrid\/#article\",\"isPartOf\":{\"@id\":\"https:\/\/pb.edu.pl\/sjo\/2026\/04\/21\/od-kultury-polskiej-po-prosty-angielski-sjo-na-universidad-politecnica-de-madrid\/\"},\"author\":{\"name\":\"ajuchnicka\",\"@id\":\"https:\/\/pb.edu.pl\/sjo\/#\/schema\/person\/bc89bcead9df6c2932e99aab9746cb33\"},\"headline\":\"Od kultury polskiej po prosty angielski \u2013 SJO na Universidad Polit\u00e9cnica de Madrid\",\"datePublished\":\"2026-04-21T11:11:14+00:00\",\"dateModified\":\"2026-04-21T11:42:39+00:00\",\"mainEntityOfPage\":{\"@id\":\"https:\/\/pb.edu.pl\/sjo\/2026\/04\/21\/od-kultury-polskiej-po-prosty-angielski-sjo-na-universidad-politecnica-de-madrid\/\"},\"wordCount\":418,\"image\":{\"@id\":\"https:\/\/pb.edu.pl\/sjo\/2026\/04\/21\/od-kultury-polskiej-po-prosty-angielski-sjo-na-universidad-politecnica-de-madrid\/#primaryimage\"},\"thumbnailUrl\":\"https:\/\/pb.edu.pl\/sjo\/wp-content\/uploads\/sites\/9\/2026\/04\/Madryt-04.2026.png\",\"articleSection\":[\"Aktualno\u015bci\",\"Erasmus\",\"SJO\"],\"inLanguage\":\"pl-PL\"},{\"@type\":\"WebPage\",\"@id\":\"https:\/\/pb.edu.pl\/sjo\/2026\/04\/21\/od-kultury-polskiej-po-prosty-angielski-sjo-na-universidad-politecnica-de-madrid\/\",\"url\":\"https:\/\/pb.edu.pl\/sjo\/2026\/04\/21\/od-kultury-polskiej-po-prosty-angielski-sjo-na-universidad-politecnica-de-madrid\/\",\"name\":\"Od kultury polskiej po prosty angielski \u2013 SJO na Universidad Polit\u00e9cnica de Madrid - aktualno\u015bci Studium J\u0119zyk\u00f3w Obcych\",\"isPartOf\":{\"@id\":\"https:\/\/pb.edu.pl\/sjo\/#website\"},\"primaryImageOfPage\":{\"@id\":\"https:\/\/pb.edu.pl\/sjo\/2026\/04\/21\/od-kultury-polskiej-po-prosty-angielski-sjo-na-universidad-politecnica-de-madrid\/#primaryimage\"},\"image\":{\"@id\":\"https:\/\/pb.edu.pl\/sjo\/2026\/04\/21\/od-kultury-polskiej-po-prosty-angielski-sjo-na-universidad-politecnica-de-madrid\/#primaryimage\"},\"thumbnailUrl\":\"https:\/\/pb.edu.pl\/sjo\/wp-content\/uploads\/sites\/9\/2026\/04\/Madryt-04.2026.png\",\"datePublished\":\"2026-04-21T11:11:14+00:00\",\"dateModified\":\"2026-04-21T11:42:39+00:00\",\"author\":{\"@id\":\"https:\/\/pb.edu.pl\/sjo\/#\/schema\/person\/bc89bcead9df6c2932e99aab9746cb33\"},\"description\":\"W dniach 13\u201317 kwietnia 2026 r. mgr Halina Bramska oraz dr Monika \u015aleszy\u0144ska odwiedzi\u0142y Wydzia\u0142 Budownictwa (Escuela T\u00e9cnica Superior de Edificaci\u00f3n)\",\"breadcrumb\":{\"@id\":\"https:\/\/pb.edu.pl\/sjo\/2026\/04\/21\/od-kultury-polskiej-po-prosty-angielski-sjo-na-universidad-politecnica-de-madrid\/#breadcrumb\"},\"inLanguage\":\"pl-PL\",\"potentialAction\":[{\"@type\":\"ReadAction\",\"target\":[\"https:\/\/pb.edu.pl\/sjo\/2026\/04\/21\/od-kultury-polskiej-po-prosty-angielski-sjo-na-universidad-politecnica-de-madrid\/\"]}]},{\"@type\":\"ImageObject\",\"inLanguage\":\"pl-PL\",\"@id\":\"https:\/\/pb.edu.pl\/sjo\/2026\/04\/21\/od-kultury-polskiej-po-prosty-angielski-sjo-na-universidad-politecnica-de-madrid\/#primaryimage\",\"url\":\"https:\/\/pb.edu.pl\/sjo\/wp-content\/uploads\/sites\/9\/2026\/04\/Madryt-04.2026.png\",\"contentUrl\":\"https:\/\/pb.edu.pl\/sjo\/wp-content\/uploads\/sites\/9\/2026\/04\/Madryt-04.2026.png\",\"width\":1080,\"height\":675,\"caption\":\"Kilkunastoosobowa grupa student\u00f3w stoj\u0105ca w sali wyk\u0142adowej, przed \u015bcian\u0105 z logo i napisem \u201eEscuela T\u00e9cnica Superior de Edificaci\u00f3n\u201d.\"},{\"@type\":\"BreadcrumbList\",\"@id\":\"https:\/\/pb.edu.pl\/sjo\/2026\/04\/21\/od-kultury-polskiej-po-prosty-angielski-sjo-na-universidad-politecnica-de-madrid\/#breadcrumb\",\"itemListElement\":[{\"@type\":\"ListItem\",\"position\":1,\"name\":\"Home\",\"item\":\"https:\/\/pb.edu.pl\/sjo\/\"},{\"@type\":\"ListItem\",\"position\":2,\"name\":\"Od kultury polskiej po prosty angielski \u2013 SJO na Universidad Polit\u00e9cnica de Madrid\"}]},{\"@type\":\"WebSite\",\"@id\":\"https:\/\/pb.edu.pl\/sjo\/#website\",\"url\":\"https:\/\/pb.edu.pl\/sjo\/\",\"name\":\"Studium J\u0119zyk\u00f3w Obcych\",\"description\":\"\",\"potentialAction\":[{\"@type\":\"SearchAction\",\"target\":{\"@type\":\"EntryPoint\",\"urlTemplate\":\"https:\/\/pb.edu.pl\/sjo\/?s={search_term_string}\"},\"query-input\":{\"@type\":\"PropertyValueSpecification\",\"valueRequired\":true,\"valueName\":\"search_term_string\"}}],\"inLanguage\":\"pl-PL\"},{\"@type\":\"Person\",\"@id\":\"https:\/\/pb.edu.pl\/sjo\/#\/schema\/person\/bc89bcead9df6c2932e99aab9746cb33\",\"name\":\"ajuchnicka\",\"image\":{\"@type\":\"ImageObject\",\"inLanguage\":\"pl-PL\",\"@id\":\"https:\/\/pb.edu.pl\/sjo\/#\/schema\/person\/image\/\",\"url\":\"https:\/\/secure.gravatar.com\/avatar\/1d316076f572919feaf7fb4fb4fd667f2816777bf9731766eb5648e17718eecc?s=96&d=mm&r=g\",\"contentUrl\":\"https:\/\/secure.gravatar.com\/avatar\/1d316076f572919feaf7fb4fb4fd667f2816777bf9731766eb5648e17718eecc?s=96&d=mm&r=g\",\"caption\":\"ajuchnicka\"},\"url\":\"https:\/\/pb.edu.pl\/sjo\/author\/ajuchnicka\/\"}]}<\/script>\n<!-- \/ Yoast SEO plugin. -->","yoast_head_json":{"title":"Od kultury polskiej po prosty angielski \u2013 SJO na Universidad Polit\u00e9cnica de Madrid - aktualno\u015bci Studium J\u0119zyk\u00f3w Obcych","description":"W dniach 13\u201317 kwietnia 2026 r. mgr Halina Bramska oraz dr Monika \u015aleszy\u0144ska odwiedzi\u0142y Wydzia\u0142 Budownictwa (Escuela T\u00e9cnica Superior de Edificaci\u00f3n)","robots":{"index":"index","follow":"follow","max-snippet":"max-snippet:-1","max-image-preview":"max-image-preview:large","max-video-preview":"max-video-preview:-1"},"canonical":"https:\/\/pb.edu.pl\/sjo\/2026\/04\/21\/od-kultury-polskiej-po-prosty-angielski-sjo-na-universidad-politecnica-de-madrid\/","og_locale":"pl_PL","og_type":"article","og_title":"Od kultury polskiej po prosty angielski \u2013 SJO na Universidad Polit\u00e9cnica de Madrid - aktualno\u015bci Studium J\u0119zyk\u00f3w Obcych","og_description":"W dniach 13\u201317 kwietnia 2026 r. mgr Halina Bramska oraz dr Monika \u015aleszy\u0144ska odwiedzi\u0142y Wydzia\u0142 Budownictwa (Escuela T\u00e9cnica Superior de Edificaci\u00f3n)","og_url":"https:\/\/pb.edu.pl\/sjo\/2026\/04\/21\/od-kultury-polskiej-po-prosty-angielski-sjo-na-universidad-politecnica-de-madrid\/","og_site_name":"Studium J\u0119zyk\u00f3w Obcych","article_published_time":"2026-04-21T11:11:14+00:00","article_modified_time":"2026-04-21T11:42:39+00:00","og_image":[{"width":1080,"height":675,"url":"https:\/\/pb.edu.pl\/sjo\/wp-content\/uploads\/sites\/9\/2026\/04\/Madryt-04.2026.png","type":"image\/png"}],"author":"ajuchnicka","twitter_misc":{"Napisane przez":"ajuchnicka","Szacowany czas czytania":"3 minuty"},"schema":{"@context":"https:\/\/schema.org","@graph":[{"@type":"Article","@id":"https:\/\/pb.edu.pl\/sjo\/2026\/04\/21\/od-kultury-polskiej-po-prosty-angielski-sjo-na-universidad-politecnica-de-madrid\/#article","isPartOf":{"@id":"https:\/\/pb.edu.pl\/sjo\/2026\/04\/21\/od-kultury-polskiej-po-prosty-angielski-sjo-na-universidad-politecnica-de-madrid\/"},"author":{"name":"ajuchnicka","@id":"https:\/\/pb.edu.pl\/sjo\/#\/schema\/person\/bc89bcead9df6c2932e99aab9746cb33"},"headline":"Od kultury polskiej po prosty angielski \u2013 SJO na Universidad Polit\u00e9cnica de Madrid","datePublished":"2026-04-21T11:11:14+00:00","dateModified":"2026-04-21T11:42:39+00:00","mainEntityOfPage":{"@id":"https:\/\/pb.edu.pl\/sjo\/2026\/04\/21\/od-kultury-polskiej-po-prosty-angielski-sjo-na-universidad-politecnica-de-madrid\/"},"wordCount":418,"image":{"@id":"https:\/\/pb.edu.pl\/sjo\/2026\/04\/21\/od-kultury-polskiej-po-prosty-angielski-sjo-na-universidad-politecnica-de-madrid\/#primaryimage"},"thumbnailUrl":"https:\/\/pb.edu.pl\/sjo\/wp-content\/uploads\/sites\/9\/2026\/04\/Madryt-04.2026.png","articleSection":["Aktualno\u015bci","Erasmus","SJO"],"inLanguage":"pl-PL"},{"@type":"WebPage","@id":"https:\/\/pb.edu.pl\/sjo\/2026\/04\/21\/od-kultury-polskiej-po-prosty-angielski-sjo-na-universidad-politecnica-de-madrid\/","url":"https:\/\/pb.edu.pl\/sjo\/2026\/04\/21\/od-kultury-polskiej-po-prosty-angielski-sjo-na-universidad-politecnica-de-madrid\/","name":"Od kultury polskiej po prosty angielski \u2013 SJO na Universidad Polit\u00e9cnica de Madrid - aktualno\u015bci Studium J\u0119zyk\u00f3w Obcych","isPartOf":{"@id":"https:\/\/pb.edu.pl\/sjo\/#website"},"primaryImageOfPage":{"@id":"https:\/\/pb.edu.pl\/sjo\/2026\/04\/21\/od-kultury-polskiej-po-prosty-angielski-sjo-na-universidad-politecnica-de-madrid\/#primaryimage"},"image":{"@id":"https:\/\/pb.edu.pl\/sjo\/2026\/04\/21\/od-kultury-polskiej-po-prosty-angielski-sjo-na-universidad-politecnica-de-madrid\/#primaryimage"},"thumbnailUrl":"https:\/\/pb.edu.pl\/sjo\/wp-content\/uploads\/sites\/9\/2026\/04\/Madryt-04.2026.png","datePublished":"2026-04-21T11:11:14+00:00","dateModified":"2026-04-21T11:42:39+00:00","author":{"@id":"https:\/\/pb.edu.pl\/sjo\/#\/schema\/person\/bc89bcead9df6c2932e99aab9746cb33"},"description":"W dniach 13\u201317 kwietnia 2026 r. mgr Halina Bramska oraz dr Monika \u015aleszy\u0144ska odwiedzi\u0142y Wydzia\u0142 Budownictwa (Escuela T\u00e9cnica Superior de Edificaci\u00f3n)","breadcrumb":{"@id":"https:\/\/pb.edu.pl\/sjo\/2026\/04\/21\/od-kultury-polskiej-po-prosty-angielski-sjo-na-universidad-politecnica-de-madrid\/#breadcrumb"},"inLanguage":"pl-PL","potentialAction":[{"@type":"ReadAction","target":["https:\/\/pb.edu.pl\/sjo\/2026\/04\/21\/od-kultury-polskiej-po-prosty-angielski-sjo-na-universidad-politecnica-de-madrid\/"]}]},{"@type":"ImageObject","inLanguage":"pl-PL","@id":"https:\/\/pb.edu.pl\/sjo\/2026\/04\/21\/od-kultury-polskiej-po-prosty-angielski-sjo-na-universidad-politecnica-de-madrid\/#primaryimage","url":"https:\/\/pb.edu.pl\/sjo\/wp-content\/uploads\/sites\/9\/2026\/04\/Madryt-04.2026.png","contentUrl":"https:\/\/pb.edu.pl\/sjo\/wp-content\/uploads\/sites\/9\/2026\/04\/Madryt-04.2026.png","width":1080,"height":675,"caption":"Kilkunastoosobowa grupa student\u00f3w stoj\u0105ca w sali wyk\u0142adowej, przed \u015bcian\u0105 z logo i napisem \u201eEscuela T\u00e9cnica Superior de Edificaci\u00f3n\u201d."},{"@type":"BreadcrumbList","@id":"https:\/\/pb.edu.pl\/sjo\/2026\/04\/21\/od-kultury-polskiej-po-prosty-angielski-sjo-na-universidad-politecnica-de-madrid\/#breadcrumb","itemListElement":[{"@type":"ListItem","position":1,"name":"Home","item":"https:\/\/pb.edu.pl\/sjo\/"},{"@type":"ListItem","position":2,"name":"Od kultury polskiej po prosty angielski \u2013 SJO na Universidad Polit\u00e9cnica de Madrid"}]},{"@type":"WebSite","@id":"https:\/\/pb.edu.pl\/sjo\/#website","url":"https:\/\/pb.edu.pl\/sjo\/","name":"Studium J\u0119zyk\u00f3w Obcych","description":"","potentialAction":[{"@type":"SearchAction","target":{"@type":"EntryPoint","urlTemplate":"https:\/\/pb.edu.pl\/sjo\/?s={search_term_string}"},"query-input":{"@type":"PropertyValueSpecification","valueRequired":true,"valueName":"search_term_string"}}],"inLanguage":"pl-PL"},{"@type":"Person","@id":"https:\/\/pb.edu.pl\/sjo\/#\/schema\/person\/bc89bcead9df6c2932e99aab9746cb33","name":"ajuchnicka","image":{"@type":"ImageObject","inLanguage":"pl-PL","@id":"https:\/\/pb.edu.pl\/sjo\/#\/schema\/person\/image\/","url":"https:\/\/secure.gravatar.com\/avatar\/1d316076f572919feaf7fb4fb4fd667f2816777bf9731766eb5648e17718eecc?s=96&d=mm&r=g","contentUrl":"https:\/\/secure.gravatar.com\/avatar\/1d316076f572919feaf7fb4fb4fd667f2816777bf9731766eb5648e17718eecc?s=96&d=mm&r=g","caption":"ajuchnicka"},"url":"https:\/\/pb.edu.pl\/sjo\/author\/ajuchnicka\/"}]}},"_links":{"self":[{"href":"https:\/\/pb.edu.pl\/sjo\/wp-json\/wp\/v2\/posts\/31299","targetHints":{"allow":["GET"]}}],"collection":[{"href":"https:\/\/pb.edu.pl\/sjo\/wp-json\/wp\/v2\/posts"}],"about":[{"href":"https:\/\/pb.edu.pl\/sjo\/wp-json\/wp\/v2\/types\/post"}],"author":[{"embeddable":true,"href":"https:\/\/pb.edu.pl\/sjo\/wp-json\/wp\/v2\/users\/132"}],"replies":[{"embeddable":true,"href":"https:\/\/pb.edu.pl\/sjo\/wp-json\/wp\/v2\/comments?post=31299"}],"version-history":[{"count":4,"href":"https:\/\/pb.edu.pl\/sjo\/wp-json\/wp\/v2\/posts\/31299\/revisions"}],"predecessor-version":[{"id":31311,"href":"https:\/\/pb.edu.pl\/sjo\/wp-json\/wp\/v2\/posts\/31299\/revisions\/31311"}],"wp:featuredmedia":[{"embeddable":true,"href":"https:\/\/pb.edu.pl\/sjo\/wp-json\/wp\/v2\/media\/31306"}],"wp:attachment":[{"href":"https:\/\/pb.edu.pl\/sjo\/wp-json\/wp\/v2\/media?parent=31299"}],"wp:term":[{"taxonomy":"category","embeddable":true,"href":"https:\/\/pb.edu.pl\/sjo\/wp-json\/wp\/v2\/categories?post=31299"},{"taxonomy":"post_tag","embeddable":true,"href":"https:\/\/pb.edu.pl\/sjo\/wp-json\/wp\/v2\/tags?post=31299"}],"curies":[{"name":"wp","href":"https:\/\/api.w.org\/{rel}","templated":true}]}}