{"id":30538,"date":"2026-01-29T11:12:55","date_gmt":"2026-01-29T10:12:55","guid":{"rendered":"https:\/\/pb.edu.pl\/sjo\/?p=30538"},"modified":"2026-01-29T11:12:55","modified_gmt":"2026-01-29T10:12:55","slug":"sustainable-regional-development-of-the-baltic-sea-region-studencka-perspektywa","status":"publish","type":"post","link":"https:\/\/pb.edu.pl\/sjo\/2026\/01\/29\/sustainable-regional-development-of-the-baltic-sea-region-studencka-perspektywa\/","title":{"rendered":"Sustainable Regional Development of the Baltic Sea Region &#8211; studencka perspektywa"},"content":{"rendered":"<p data-start=\"458\" data-end=\"877\">W przestrzeni SJO pojawi\u0142a si\u0119 mini-wystawa prezentuj\u0105ca efekty pracy student\u00f3w szerszej spo\u0142eczno\u015bci uczelni, maj\u0105ca na celu zwr\u00f3cenie uwagi na tematyk\u0119 Baltic University Programme.<\/p>\n<p data-start=\"458\" data-end=\"877\">Prezentowane plakaty powsta\u0142y w ramach wyk\u0142ad\u00f3w i interdyscyplinarnych warsztat\u00f3w po\u015bwi\u0119conych zagadnieniu <em data-start=\"544\" data-end=\"609\">Sustainable Regional Development of the Baltic Sea Region (BSR)<\/em>, realizowanych w ramach Baltic University Programme (BUP). Punktem wyj\u015bcia do pracy projektowej by\u0142a analiza zr\u00f3wnowa\u017conego rozwoju regionu Morza Ba\u0142tyckiego z perspektywy jednego z kraj\u00f3w le\u017c\u0105cych w jego obszarze, ze szczeg\u00f3lnym uwzgl\u0119dnieniem energii i technologii.<\/p>\n<p data-start=\"879\" data-end=\"1254\">Podczas zaj\u0119\u0107 studenci podejmowali tematyk\u0119 obejmuj\u0105c\u0105 m.in. uwarunkowania gospodarcze, spo\u0142eczne i \u015brodowiskowe wybranych pa\u0144stw regionu, stoj\u0105ce przed nimi wyzwania oraz przyk\u0142ady dzia\u0142a\u0144 i projekt\u00f3w proekologicznych. Wa\u017cnym elementem pracy by\u0142o r\u00f3wnie\u017c wskazanie du\u017cych organizacji i inicjatyw zaanga\u017cowanych w rozw\u00f3j zr\u00f3wnowa\u017conych rozwi\u0105za\u0144 w regionie Morza Ba\u0142tyckiego.<\/p>\n<p data-start=\"1256\" data-end=\"1681\">Zwie\u0144czeniem warsztat\u00f3w by\u0142a pr\u00f3ba odpowiedzi na pytanie, jakie wsp\u00f3lne dzia\u0142ania i rozwi\u0105zania mog\u0142yby zosta\u0107 podj\u0119te przez wszystkie kraje regionu, aby rozwija\u0107 Morze Ba\u0142tyckie w spos\u00f3b odpowiedzialny i zr\u00f3wnowa\u017cony. Powsta\u0142e plakaty stanowi\u0105 autorsk\u0105 interpretacj\u0119 tych zagadnie\u0144 oraz przyk\u0142ad tego, jak tematy globalne i regionalne mog\u0105 by\u0107 analizowane z perspektywy studenckiej i prezentowane w przestrzeni akademickiej.<\/p>\n<p data-start=\"1256\" data-end=\"1681\">Zapraszamy do obejrzenia prac student\u00f3w w korytarzu SJO na II pi\u0119trze (budynek CNK) oraz sali P2\/16.<\/p>\n<p data-start=\"1256\" data-end=\"1681\">Wi\u0119cej o Baltic University Programme <a href=\"https:\/\/pb.edu.pl\/sjo\/projekty-2-2\/baltic-university-programme\/\">tutaj<\/a>.<\/p>\n","protected":false},"excerpt":{"rendered":"<p>W przestrzeni SJO pojawi\u0142a si\u0119 mini-wystawa prezentuj\u0105ca efekty pracy student\u00f3w szerszej spo\u0142eczno\u015bci uczelni, maj\u0105ca na<\/p>\n","protected":false},"author":132,"featured_media":30539,"comment_status":"closed","ping_status":"closed","sticky":false,"template":"","format":"standard","meta":{"_acf_changed":false,"ngg_post_thumbnail":0,"footnotes":""},"categories":[77,103,4],"tags":[],"class_list":["post-30538","post","type-post","status-publish","format-standard","has-post-thumbnail","hentry","category-aktualnosci","category-bup","category-sjo"],"acf":[],"yoast_head":"<!-- This site is optimized with the Yoast SEO plugin v27.0 - https:\/\/yoast.com\/product\/yoast-seo-wordpress\/ -->\n<title>Sustainable Regional Development of the Baltic Sea Region - studencka perspektywa - aktualno\u015bci Studium J\u0119zyk\u00f3w Obcych<\/title>\n<meta name=\"description\" content=\"W przestrzeni SJO pojawi\u0142a si\u0119 mini-wystawa prezentuj\u0105ca efekty pracy student\u00f3w szerszej spo\u0142eczno\u015bci uczelni, maj\u0105ca na celu zwr\u00f3cenie uwagi na tematyk\u0119\" \/>\n<meta name=\"robots\" content=\"index, follow, max-snippet:-1, max-image-preview:large, max-video-preview:-1\" \/>\n<link rel=\"canonical\" href=\"https:\/\/pb.edu.pl\/sjo\/2026\/01\/29\/sustainable-regional-development-of-the-baltic-sea-region-studencka-perspektywa\/\" \/>\n<meta property=\"og:locale\" content=\"pl_PL\" \/>\n<meta property=\"og:type\" content=\"article\" \/>\n<meta property=\"og:title\" content=\"Sustainable Regional Development of the Baltic Sea Region - studencka perspektywa - aktualno\u015bci Studium J\u0119zyk\u00f3w Obcych\" \/>\n<meta property=\"og:description\" content=\"W przestrzeni SJO pojawi\u0142a si\u0119 mini-wystawa prezentuj\u0105ca efekty pracy student\u00f3w szerszej spo\u0142eczno\u015bci uczelni, maj\u0105ca na celu zwr\u00f3cenie uwagi na tematyk\u0119\" \/>\n<meta property=\"og:url\" content=\"https:\/\/pb.edu.pl\/sjo\/2026\/01\/29\/sustainable-regional-development-of-the-baltic-sea-region-studencka-perspektywa\/\" \/>\n<meta property=\"og:site_name\" content=\"Studium J\u0119zyk\u00f3w Obcych\" \/>\n<meta property=\"article:published_time\" content=\"2026-01-29T10:12:55+00:00\" \/>\n<meta property=\"og:image\" content=\"https:\/\/pb.edu.pl\/sjo\/wp-content\/uploads\/sites\/9\/2026\/01\/BUP-plakaty-2026.png\" \/>\n\t<meta property=\"og:image:width\" content=\"1080\" \/>\n\t<meta property=\"og:image:height\" content=\"675\" \/>\n\t<meta property=\"og:image:type\" content=\"image\/png\" \/>\n<meta name=\"author\" content=\"ajuchnicka\" \/>\n<meta name=\"twitter:label1\" content=\"Napisane przez\" \/>\n\t<meta name=\"twitter:data1\" content=\"ajuchnicka\" \/>\n\t<meta name=\"twitter:label2\" content=\"Szacowany czas czytania\" \/>\n\t<meta name=\"twitter:data2\" content=\"2 minuty\" \/>\n<script type=\"application\/ld+json\" class=\"yoast-schema-graph\">{\"@context\":\"https:\/\/schema.org\",\"@graph\":[{\"@type\":\"Article\",\"@id\":\"https:\/\/pb.edu.pl\/sjo\/2026\/01\/29\/sustainable-regional-development-of-the-baltic-sea-region-studencka-perspektywa\/#article\",\"isPartOf\":{\"@id\":\"https:\/\/pb.edu.pl\/sjo\/2026\/01\/29\/sustainable-regional-development-of-the-baltic-sea-region-studencka-perspektywa\/\"},\"author\":{\"name\":\"ajuchnicka\",\"@id\":\"https:\/\/pb.edu.pl\/sjo\/#\/schema\/person\/bc89bcead9df6c2932e99aab9746cb33\"},\"headline\":\"Sustainable Regional Development of the Baltic Sea Region &#8211; studencka perspektywa\",\"datePublished\":\"2026-01-29T10:12:55+00:00\",\"mainEntityOfPage\":{\"@id\":\"https:\/\/pb.edu.pl\/sjo\/2026\/01\/29\/sustainable-regional-development-of-the-baltic-sea-region-studencka-perspektywa\/\"},\"wordCount\":266,\"image\":{\"@id\":\"https:\/\/pb.edu.pl\/sjo\/2026\/01\/29\/sustainable-regional-development-of-the-baltic-sea-region-studencka-perspektywa\/#primaryimage\"},\"thumbnailUrl\":\"https:\/\/pb.edu.pl\/sjo\/wp-content\/uploads\/sites\/9\/2026\/01\/BUP-plakaty-2026.png\",\"articleSection\":[\"Aktualno\u015bci\",\"BUP\",\"SJO\"],\"inLanguage\":\"pl-PL\"},{\"@type\":\"WebPage\",\"@id\":\"https:\/\/pb.edu.pl\/sjo\/2026\/01\/29\/sustainable-regional-development-of-the-baltic-sea-region-studencka-perspektywa\/\",\"url\":\"https:\/\/pb.edu.pl\/sjo\/2026\/01\/29\/sustainable-regional-development-of-the-baltic-sea-region-studencka-perspektywa\/\",\"name\":\"Sustainable Regional Development of the Baltic Sea Region - studencka perspektywa - aktualno\u015bci Studium J\u0119zyk\u00f3w Obcych\",\"isPartOf\":{\"@id\":\"https:\/\/pb.edu.pl\/sjo\/#website\"},\"primaryImageOfPage\":{\"@id\":\"https:\/\/pb.edu.pl\/sjo\/2026\/01\/29\/sustainable-regional-development-of-the-baltic-sea-region-studencka-perspektywa\/#primaryimage\"},\"image\":{\"@id\":\"https:\/\/pb.edu.pl\/sjo\/2026\/01\/29\/sustainable-regional-development-of-the-baltic-sea-region-studencka-perspektywa\/#primaryimage\"},\"thumbnailUrl\":\"https:\/\/pb.edu.pl\/sjo\/wp-content\/uploads\/sites\/9\/2026\/01\/BUP-plakaty-2026.png\",\"datePublished\":\"2026-01-29T10:12:55+00:00\",\"author\":{\"@id\":\"https:\/\/pb.edu.pl\/sjo\/#\/schema\/person\/bc89bcead9df6c2932e99aab9746cb33\"},\"description\":\"W przestrzeni SJO pojawi\u0142a si\u0119 mini-wystawa prezentuj\u0105ca efekty pracy student\u00f3w szerszej spo\u0142eczno\u015bci uczelni, maj\u0105ca na celu zwr\u00f3cenie uwagi na tematyk\u0119\",\"breadcrumb\":{\"@id\":\"https:\/\/pb.edu.pl\/sjo\/2026\/01\/29\/sustainable-regional-development-of-the-baltic-sea-region-studencka-perspektywa\/#breadcrumb\"},\"inLanguage\":\"pl-PL\",\"potentialAction\":[{\"@type\":\"ReadAction\",\"target\":[\"https:\/\/pb.edu.pl\/sjo\/2026\/01\/29\/sustainable-regional-development-of-the-baltic-sea-region-studencka-perspektywa\/\"]}]},{\"@type\":\"ImageObject\",\"inLanguage\":\"pl-PL\",\"@id\":\"https:\/\/pb.edu.pl\/sjo\/2026\/01\/29\/sustainable-regional-development-of-the-baltic-sea-region-studencka-perspektywa\/#primaryimage\",\"url\":\"https:\/\/pb.edu.pl\/sjo\/wp-content\/uploads\/sites\/9\/2026\/01\/BUP-plakaty-2026.png\",\"contentUrl\":\"https:\/\/pb.edu.pl\/sjo\/wp-content\/uploads\/sites\/9\/2026\/01\/BUP-plakaty-2026.png\",\"width\":1080,\"height\":675},{\"@type\":\"BreadcrumbList\",\"@id\":\"https:\/\/pb.edu.pl\/sjo\/2026\/01\/29\/sustainable-regional-development-of-the-baltic-sea-region-studencka-perspektywa\/#breadcrumb\",\"itemListElement\":[{\"@type\":\"ListItem\",\"position\":1,\"name\":\"Home\",\"item\":\"https:\/\/pb.edu.pl\/sjo\/\"},{\"@type\":\"ListItem\",\"position\":2,\"name\":\"Sustainable Regional Development of the Baltic Sea Region &#8211; studencka perspektywa\"}]},{\"@type\":\"WebSite\",\"@id\":\"https:\/\/pb.edu.pl\/sjo\/#website\",\"url\":\"https:\/\/pb.edu.pl\/sjo\/\",\"name\":\"Studium J\u0119zyk\u00f3w Obcych\",\"description\":\"\",\"potentialAction\":[{\"@type\":\"SearchAction\",\"target\":{\"@type\":\"EntryPoint\",\"urlTemplate\":\"https:\/\/pb.edu.pl\/sjo\/?s={search_term_string}\"},\"query-input\":{\"@type\":\"PropertyValueSpecification\",\"valueRequired\":true,\"valueName\":\"search_term_string\"}}],\"inLanguage\":\"pl-PL\"},{\"@type\":\"Person\",\"@id\":\"https:\/\/pb.edu.pl\/sjo\/#\/schema\/person\/bc89bcead9df6c2932e99aab9746cb33\",\"name\":\"ajuchnicka\",\"image\":{\"@type\":\"ImageObject\",\"inLanguage\":\"pl-PL\",\"@id\":\"https:\/\/pb.edu.pl\/sjo\/#\/schema\/person\/image\/\",\"url\":\"https:\/\/secure.gravatar.com\/avatar\/1d316076f572919feaf7fb4fb4fd667f2816777bf9731766eb5648e17718eecc?s=96&d=mm&r=g\",\"contentUrl\":\"https:\/\/secure.gravatar.com\/avatar\/1d316076f572919feaf7fb4fb4fd667f2816777bf9731766eb5648e17718eecc?s=96&d=mm&r=g\",\"caption\":\"ajuchnicka\"},\"url\":\"https:\/\/pb.edu.pl\/sjo\/author\/ajuchnicka\/\"}]}<\/script>\n<!-- \/ Yoast SEO plugin. -->","yoast_head_json":{"title":"Sustainable Regional Development of the Baltic Sea Region - studencka perspektywa - aktualno\u015bci Studium J\u0119zyk\u00f3w Obcych","description":"W przestrzeni SJO pojawi\u0142a si\u0119 mini-wystawa prezentuj\u0105ca efekty pracy student\u00f3w szerszej spo\u0142eczno\u015bci uczelni, maj\u0105ca na celu zwr\u00f3cenie uwagi na tematyk\u0119","robots":{"index":"index","follow":"follow","max-snippet":"max-snippet:-1","max-image-preview":"max-image-preview:large","max-video-preview":"max-video-preview:-1"},"canonical":"https:\/\/pb.edu.pl\/sjo\/2026\/01\/29\/sustainable-regional-development-of-the-baltic-sea-region-studencka-perspektywa\/","og_locale":"pl_PL","og_type":"article","og_title":"Sustainable Regional Development of the Baltic Sea Region - studencka perspektywa - aktualno\u015bci Studium J\u0119zyk\u00f3w Obcych","og_description":"W przestrzeni SJO pojawi\u0142a si\u0119 mini-wystawa prezentuj\u0105ca efekty pracy student\u00f3w szerszej spo\u0142eczno\u015bci uczelni, maj\u0105ca na celu zwr\u00f3cenie uwagi na tematyk\u0119","og_url":"https:\/\/pb.edu.pl\/sjo\/2026\/01\/29\/sustainable-regional-development-of-the-baltic-sea-region-studencka-perspektywa\/","og_site_name":"Studium J\u0119zyk\u00f3w Obcych","article_published_time":"2026-01-29T10:12:55+00:00","og_image":[{"width":1080,"height":675,"url":"https:\/\/pb.edu.pl\/sjo\/wp-content\/uploads\/sites\/9\/2026\/01\/BUP-plakaty-2026.png","type":"image\/png"}],"author":"ajuchnicka","twitter_misc":{"Napisane przez":"ajuchnicka","Szacowany czas czytania":"2 minuty"},"schema":{"@context":"https:\/\/schema.org","@graph":[{"@type":"Article","@id":"https:\/\/pb.edu.pl\/sjo\/2026\/01\/29\/sustainable-regional-development-of-the-baltic-sea-region-studencka-perspektywa\/#article","isPartOf":{"@id":"https:\/\/pb.edu.pl\/sjo\/2026\/01\/29\/sustainable-regional-development-of-the-baltic-sea-region-studencka-perspektywa\/"},"author":{"name":"ajuchnicka","@id":"https:\/\/pb.edu.pl\/sjo\/#\/schema\/person\/bc89bcead9df6c2932e99aab9746cb33"},"headline":"Sustainable Regional Development of the Baltic Sea Region &#8211; studencka perspektywa","datePublished":"2026-01-29T10:12:55+00:00","mainEntityOfPage":{"@id":"https:\/\/pb.edu.pl\/sjo\/2026\/01\/29\/sustainable-regional-development-of-the-baltic-sea-region-studencka-perspektywa\/"},"wordCount":266,"image":{"@id":"https:\/\/pb.edu.pl\/sjo\/2026\/01\/29\/sustainable-regional-development-of-the-baltic-sea-region-studencka-perspektywa\/#primaryimage"},"thumbnailUrl":"https:\/\/pb.edu.pl\/sjo\/wp-content\/uploads\/sites\/9\/2026\/01\/BUP-plakaty-2026.png","articleSection":["Aktualno\u015bci","BUP","SJO"],"inLanguage":"pl-PL"},{"@type":"WebPage","@id":"https:\/\/pb.edu.pl\/sjo\/2026\/01\/29\/sustainable-regional-development-of-the-baltic-sea-region-studencka-perspektywa\/","url":"https:\/\/pb.edu.pl\/sjo\/2026\/01\/29\/sustainable-regional-development-of-the-baltic-sea-region-studencka-perspektywa\/","name":"Sustainable Regional Development of the Baltic Sea Region - studencka perspektywa - aktualno\u015bci Studium J\u0119zyk\u00f3w Obcych","isPartOf":{"@id":"https:\/\/pb.edu.pl\/sjo\/#website"},"primaryImageOfPage":{"@id":"https:\/\/pb.edu.pl\/sjo\/2026\/01\/29\/sustainable-regional-development-of-the-baltic-sea-region-studencka-perspektywa\/#primaryimage"},"image":{"@id":"https:\/\/pb.edu.pl\/sjo\/2026\/01\/29\/sustainable-regional-development-of-the-baltic-sea-region-studencka-perspektywa\/#primaryimage"},"thumbnailUrl":"https:\/\/pb.edu.pl\/sjo\/wp-content\/uploads\/sites\/9\/2026\/01\/BUP-plakaty-2026.png","datePublished":"2026-01-29T10:12:55+00:00","author":{"@id":"https:\/\/pb.edu.pl\/sjo\/#\/schema\/person\/bc89bcead9df6c2932e99aab9746cb33"},"description":"W przestrzeni SJO pojawi\u0142a si\u0119 mini-wystawa prezentuj\u0105ca efekty pracy student\u00f3w szerszej spo\u0142eczno\u015bci uczelni, maj\u0105ca na celu zwr\u00f3cenie uwagi na tematyk\u0119","breadcrumb":{"@id":"https:\/\/pb.edu.pl\/sjo\/2026\/01\/29\/sustainable-regional-development-of-the-baltic-sea-region-studencka-perspektywa\/#breadcrumb"},"inLanguage":"pl-PL","potentialAction":[{"@type":"ReadAction","target":["https:\/\/pb.edu.pl\/sjo\/2026\/01\/29\/sustainable-regional-development-of-the-baltic-sea-region-studencka-perspektywa\/"]}]},{"@type":"ImageObject","inLanguage":"pl-PL","@id":"https:\/\/pb.edu.pl\/sjo\/2026\/01\/29\/sustainable-regional-development-of-the-baltic-sea-region-studencka-perspektywa\/#primaryimage","url":"https:\/\/pb.edu.pl\/sjo\/wp-content\/uploads\/sites\/9\/2026\/01\/BUP-plakaty-2026.png","contentUrl":"https:\/\/pb.edu.pl\/sjo\/wp-content\/uploads\/sites\/9\/2026\/01\/BUP-plakaty-2026.png","width":1080,"height":675},{"@type":"BreadcrumbList","@id":"https:\/\/pb.edu.pl\/sjo\/2026\/01\/29\/sustainable-regional-development-of-the-baltic-sea-region-studencka-perspektywa\/#breadcrumb","itemListElement":[{"@type":"ListItem","position":1,"name":"Home","item":"https:\/\/pb.edu.pl\/sjo\/"},{"@type":"ListItem","position":2,"name":"Sustainable Regional Development of the Baltic Sea Region &#8211; studencka perspektywa"}]},{"@type":"WebSite","@id":"https:\/\/pb.edu.pl\/sjo\/#website","url":"https:\/\/pb.edu.pl\/sjo\/","name":"Studium J\u0119zyk\u00f3w Obcych","description":"","potentialAction":[{"@type":"SearchAction","target":{"@type":"EntryPoint","urlTemplate":"https:\/\/pb.edu.pl\/sjo\/?s={search_term_string}"},"query-input":{"@type":"PropertyValueSpecification","valueRequired":true,"valueName":"search_term_string"}}],"inLanguage":"pl-PL"},{"@type":"Person","@id":"https:\/\/pb.edu.pl\/sjo\/#\/schema\/person\/bc89bcead9df6c2932e99aab9746cb33","name":"ajuchnicka","image":{"@type":"ImageObject","inLanguage":"pl-PL","@id":"https:\/\/pb.edu.pl\/sjo\/#\/schema\/person\/image\/","url":"https:\/\/secure.gravatar.com\/avatar\/1d316076f572919feaf7fb4fb4fd667f2816777bf9731766eb5648e17718eecc?s=96&d=mm&r=g","contentUrl":"https:\/\/secure.gravatar.com\/avatar\/1d316076f572919feaf7fb4fb4fd667f2816777bf9731766eb5648e17718eecc?s=96&d=mm&r=g","caption":"ajuchnicka"},"url":"https:\/\/pb.edu.pl\/sjo\/author\/ajuchnicka\/"}]}},"_links":{"self":[{"href":"https:\/\/pb.edu.pl\/sjo\/wp-json\/wp\/v2\/posts\/30538","targetHints":{"allow":["GET"]}}],"collection":[{"href":"https:\/\/pb.edu.pl\/sjo\/wp-json\/wp\/v2\/posts"}],"about":[{"href":"https:\/\/pb.edu.pl\/sjo\/wp-json\/wp\/v2\/types\/post"}],"author":[{"embeddable":true,"href":"https:\/\/pb.edu.pl\/sjo\/wp-json\/wp\/v2\/users\/132"}],"replies":[{"embeddable":true,"href":"https:\/\/pb.edu.pl\/sjo\/wp-json\/wp\/v2\/comments?post=30538"}],"version-history":[{"count":1,"href":"https:\/\/pb.edu.pl\/sjo\/wp-json\/wp\/v2\/posts\/30538\/revisions"}],"predecessor-version":[{"id":30541,"href":"https:\/\/pb.edu.pl\/sjo\/wp-json\/wp\/v2\/posts\/30538\/revisions\/30541"}],"wp:featuredmedia":[{"embeddable":true,"href":"https:\/\/pb.edu.pl\/sjo\/wp-json\/wp\/v2\/media\/30539"}],"wp:attachment":[{"href":"https:\/\/pb.edu.pl\/sjo\/wp-json\/wp\/v2\/media?parent=30538"}],"wp:term":[{"taxonomy":"category","embeddable":true,"href":"https:\/\/pb.edu.pl\/sjo\/wp-json\/wp\/v2\/categories?post=30538"},{"taxonomy":"post_tag","embeddable":true,"href":"https:\/\/pb.edu.pl\/sjo\/wp-json\/wp\/v2\/tags?post=30538"}],"curies":[{"name":"wp","href":"https:\/\/api.w.org\/{rel}","templated":true}]}}