{"id":30232,"date":"2025-12-08T14:33:04","date_gmt":"2025-12-08T13:33:04","guid":{"rendered":"https:\/\/pb.edu.pl\/sjo\/?p=30232"},"modified":"2025-12-08T14:35:04","modified_gmt":"2025-12-08T13:35:04","slug":"wizyta-profesora-z-estonii-na-sjo-i-lekcja-gospodarki-o-obiegu-zamknietym-po-angielsku","status":"publish","type":"post","link":"https:\/\/pb.edu.pl\/sjo\/2025\/12\/08\/wizyta-profesora-z-estonii-na-sjo-i-lekcja-gospodarki-o-obiegu-zamknietym-po-angielsku\/","title":{"rendered":"Wizyta profesora z Estonii na SJO i lekcja gospodarki o obiegu zamkni\u0119tym po angielsku"},"content":{"rendered":"<p>Podczas XV International Staff Week studenci Studium J\u0119zyk\u00f3w Obcych mieli przyjemno\u015b\u0107 spotka\u0107 go\u015bci z partnerskich uniwersytet\u00f3w z ca\u0142ego \u015bwiata. Stoiska kulturalne wydarzenia, prezentuj\u0105ce tradycje, kuchni\u0119 i \u017cycie studenckie, stworzy\u0142y inspiruj\u0105ce t\u0142o dla wymiany mi\u0119dzykulturowej i dialogu. W\u015br\u00f3d go\u015bci by\u0142 profesor wizytuj\u0105cy z Estonii.<\/p>\n<p>Dr Veiko Karu z Estonia Business School wyg\u0142osi\u0142 prezentacj\u0119 na temat koncepcji gospodarki o obiegu zamkni\u0119tym, zw\u0142aszcza w kontek\u015bcie in\u017cynierii l\u0105dowej i zr\u00f3wnowa\u017conego rozwoju regionu Morza Ba\u0142tyckiego. Jest on cz\u0142onkiem Baltic University Programme, inicjatywy wspieranej przez SJO oraz PB.<\/p>\n<p>Profesor wyja\u015bni\u0142, jak gospodarka o obiegu zamkni\u0119tym r\u00f3\u017cni si\u0119 od tradycyjnego liniowego modelu &#8222;take, make, dispose&#8221;, k\u0142ad\u0105c nacisk na zasady efektywno\u015bci zasob\u00f3w i minimalizacji odpad\u00f3w, zw\u0142aszcza w przemy\u015ble wydobywczym. Cz\u0119\u015b\u0107 wyk\u0142adu dotyczy\u0142a wyzwa\u0144 zwi\u0105zanych ze zr\u00f3wnowa\u017conym rozwojem w regionie Morza Ba\u0142tyckiego, pokazuj\u0105c, jak in\u017cynierowie budownictwa l\u0105dowego i plani\u015bci regionalni coraz cz\u0119\u015bciej integruj\u0105 rozwi\u0105zania o obiegu zamkni\u0119tym, aby zwi\u0119kszy\u0107 odporno\u015b\u0107 ekosystem\u00f3w. Studenci dowiedzieli si\u0119, jak niezb\u0119dna jest wsp\u00f3\u0142praca mi\u0119dzynarodowa do osi\u0105gni\u0119cia wsp\u00f3lnych cel\u00f3w zr\u00f3wnowa\u017conego rozwoju w tym po\u0142\u0105czonym regionie.<\/p>\n<p>Studium J\u0119zyk\u00f3w Obcych przyczyni\u0142o si\u0119 do tej wymiany, pokazuj\u0105c, jak zaj\u0119cia j\u0119zykowe mog\u0105 s\u0142u\u017cy\u0107 jako platforma do nauki interdyscyplinarnej. Z niecierpliwo\u015bci\u0105 czekamy na kolejne edycje International Staff Week, kontynuuj\u0105c budowanie most\u00f3w mi\u0119dzy kulturami, dyscyplinami i wsp\u00f3lnymi zobowi\u0105zaniami na rzecz zr\u00f3wnowa\u017conej przysz\u0142o\u015bci.<\/p>\nngg_shortcode_0_placeholder\n","protected":false},"excerpt":{"rendered":"<p>Podczas XV International Staff Week studenci Studium J\u0119zyk\u00f3w Obcych mieli przyjemno\u015b\u0107 spotka\u0107 go\u015bci z partnerskich<\/p>\n","protected":false},"author":132,"featured_media":30237,"comment_status":"closed","ping_status":"closed","sticky":false,"template":"","format":"standard","meta":{"_acf_changed":false,"ngg_post_thumbnail":0,"footnotes":""},"categories":[77,1,103,4],"tags":[],"class_list":["post-30232","post","type-post","status-publish","format-standard","has-post-thumbnail","hentry","category-aktualnosci","category-bez-kategorii","category-bup","category-sjo"],"acf":[],"yoast_head":"<!-- This site is optimized with the Yoast SEO plugin v27.0 - https:\/\/yoast.com\/product\/yoast-seo-wordpress\/ -->\n<title>Wizyta profesora z Estonii na SJO i lekcja gospodarki o obiegu zamkni\u0119tym po angielsku - aktualno\u015bci Studium J\u0119zyk\u00f3w Obcych<\/title>\n<meta name=\"description\" content=\"Podczas XV International Staff Week studenci Studium J\u0119zyk\u00f3w Obcych mieli przyjemno\u015b\u0107 spotka\u0107 go\u015bci z partnerskich uniwersytet\u00f3w z ca\u0142ego \u015bwiata. Stoiska\" \/>\n<meta name=\"robots\" content=\"index, follow, max-snippet:-1, max-image-preview:large, max-video-preview:-1\" \/>\n<link rel=\"canonical\" href=\"https:\/\/pb.edu.pl\/sjo\/2025\/12\/08\/wizyta-profesora-z-estonii-na-sjo-i-lekcja-gospodarki-o-obiegu-zamknietym-po-angielsku\/\" \/>\n<meta property=\"og:locale\" content=\"pl_PL\" \/>\n<meta property=\"og:type\" content=\"article\" \/>\n<meta property=\"og:title\" content=\"Wizyta profesora z Estonii na SJO i lekcja gospodarki o obiegu zamkni\u0119tym po angielsku - aktualno\u015bci Studium J\u0119zyk\u00f3w Obcych\" \/>\n<meta property=\"og:description\" content=\"Podczas XV International Staff Week studenci Studium J\u0119zyk\u00f3w Obcych mieli przyjemno\u015b\u0107 spotka\u0107 go\u015bci z partnerskich uniwersytet\u00f3w z ca\u0142ego \u015bwiata. Stoiska\" \/>\n<meta property=\"og:url\" content=\"https:\/\/pb.edu.pl\/sjo\/2025\/12\/08\/wizyta-profesora-z-estonii-na-sjo-i-lekcja-gospodarki-o-obiegu-zamknietym-po-angielsku\/\" \/>\n<meta property=\"og:site_name\" content=\"Studium J\u0119zyk\u00f3w Obcych\" \/>\n<meta property=\"article:published_time\" content=\"2025-12-08T13:33:04+00:00\" \/>\n<meta property=\"article:modified_time\" content=\"2025-12-08T13:35:04+00:00\" \/>\n<meta property=\"og:image\" content=\"https:\/\/pb.edu.pl\/sjo\/wp-content\/uploads\/sites\/9\/2025\/12\/Dr-Veiko-Karu-grudzien-2025.png\" \/>\n\t<meta property=\"og:image:width\" content=\"1080\" \/>\n\t<meta property=\"og:image:height\" content=\"675\" \/>\n\t<meta property=\"og:image:type\" content=\"image\/png\" \/>\n<meta name=\"author\" content=\"ajuchnicka\" \/>\n<meta name=\"twitter:label1\" content=\"Napisane przez\" \/>\n\t<meta name=\"twitter:data1\" content=\"ajuchnicka\" \/>\n\t<meta name=\"twitter:label2\" content=\"Szacowany czas czytania\" \/>\n\t<meta name=\"twitter:data2\" content=\"2 minuty\" \/>\n<script type=\"application\/ld+json\" class=\"yoast-schema-graph\">{\"@context\":\"https:\/\/schema.org\",\"@graph\":[{\"@type\":\"Article\",\"@id\":\"https:\/\/pb.edu.pl\/sjo\/2025\/12\/08\/wizyta-profesora-z-estonii-na-sjo-i-lekcja-gospodarki-o-obiegu-zamknietym-po-angielsku\/#article\",\"isPartOf\":{\"@id\":\"https:\/\/pb.edu.pl\/sjo\/2025\/12\/08\/wizyta-profesora-z-estonii-na-sjo-i-lekcja-gospodarki-o-obiegu-zamknietym-po-angielsku\/\"},\"author\":{\"name\":\"ajuchnicka\",\"@id\":\"https:\/\/pb.edu.pl\/sjo\/#\/schema\/person\/bc89bcead9df6c2932e99aab9746cb33\"},\"headline\":\"Wizyta profesora z Estonii na SJO i lekcja gospodarki o obiegu zamkni\u0119tym po angielsku\",\"datePublished\":\"2025-12-08T13:33:04+00:00\",\"dateModified\":\"2025-12-08T13:35:04+00:00\",\"mainEntityOfPage\":{\"@id\":\"https:\/\/pb.edu.pl\/sjo\/2025\/12\/08\/wizyta-profesora-z-estonii-na-sjo-i-lekcja-gospodarki-o-obiegu-zamknietym-po-angielsku\/\"},\"wordCount\":306,\"image\":{\"@id\":\"https:\/\/pb.edu.pl\/sjo\/2025\/12\/08\/wizyta-profesora-z-estonii-na-sjo-i-lekcja-gospodarki-o-obiegu-zamknietym-po-angielsku\/#primaryimage\"},\"thumbnailUrl\":\"https:\/\/pb.edu.pl\/sjo\/wp-content\/uploads\/sites\/9\/2025\/12\/Dr-Veiko-Karu-grudzien-2025.png\",\"articleSection\":{\"0\":\"Aktualno\u015bci\",\"2\":\"BUP\",\"3\":\"SJO\"},\"inLanguage\":\"pl-PL\"},{\"@type\":\"WebPage\",\"@id\":\"https:\/\/pb.edu.pl\/sjo\/2025\/12\/08\/wizyta-profesora-z-estonii-na-sjo-i-lekcja-gospodarki-o-obiegu-zamknietym-po-angielsku\/\",\"url\":\"https:\/\/pb.edu.pl\/sjo\/2025\/12\/08\/wizyta-profesora-z-estonii-na-sjo-i-lekcja-gospodarki-o-obiegu-zamknietym-po-angielsku\/\",\"name\":\"Wizyta profesora z Estonii na SJO i lekcja gospodarki o obiegu zamkni\u0119tym po angielsku - aktualno\u015bci Studium J\u0119zyk\u00f3w Obcych\",\"isPartOf\":{\"@id\":\"https:\/\/pb.edu.pl\/sjo\/#website\"},\"primaryImageOfPage\":{\"@id\":\"https:\/\/pb.edu.pl\/sjo\/2025\/12\/08\/wizyta-profesora-z-estonii-na-sjo-i-lekcja-gospodarki-o-obiegu-zamknietym-po-angielsku\/#primaryimage\"},\"image\":{\"@id\":\"https:\/\/pb.edu.pl\/sjo\/2025\/12\/08\/wizyta-profesora-z-estonii-na-sjo-i-lekcja-gospodarki-o-obiegu-zamknietym-po-angielsku\/#primaryimage\"},\"thumbnailUrl\":\"https:\/\/pb.edu.pl\/sjo\/wp-content\/uploads\/sites\/9\/2025\/12\/Dr-Veiko-Karu-grudzien-2025.png\",\"datePublished\":\"2025-12-08T13:33:04+00:00\",\"dateModified\":\"2025-12-08T13:35:04+00:00\",\"author\":{\"@id\":\"https:\/\/pb.edu.pl\/sjo\/#\/schema\/person\/bc89bcead9df6c2932e99aab9746cb33\"},\"description\":\"Podczas XV International Staff Week studenci Studium J\u0119zyk\u00f3w Obcych mieli przyjemno\u015b\u0107 spotka\u0107 go\u015bci z partnerskich uniwersytet\u00f3w z ca\u0142ego \u015bwiata. Stoiska\",\"breadcrumb\":{\"@id\":\"https:\/\/pb.edu.pl\/sjo\/2025\/12\/08\/wizyta-profesora-z-estonii-na-sjo-i-lekcja-gospodarki-o-obiegu-zamknietym-po-angielsku\/#breadcrumb\"},\"inLanguage\":\"pl-PL\",\"potentialAction\":[{\"@type\":\"ReadAction\",\"target\":[\"https:\/\/pb.edu.pl\/sjo\/2025\/12\/08\/wizyta-profesora-z-estonii-na-sjo-i-lekcja-gospodarki-o-obiegu-zamknietym-po-angielsku\/\"]}]},{\"@type\":\"ImageObject\",\"inLanguage\":\"pl-PL\",\"@id\":\"https:\/\/pb.edu.pl\/sjo\/2025\/12\/08\/wizyta-profesora-z-estonii-na-sjo-i-lekcja-gospodarki-o-obiegu-zamknietym-po-angielsku\/#primaryimage\",\"url\":\"https:\/\/pb.edu.pl\/sjo\/wp-content\/uploads\/sites\/9\/2025\/12\/Dr-Veiko-Karu-grudzien-2025.png\",\"contentUrl\":\"https:\/\/pb.edu.pl\/sjo\/wp-content\/uploads\/sites\/9\/2025\/12\/Dr-Veiko-Karu-grudzien-2025.png\",\"width\":1080,\"height\":675},{\"@type\":\"BreadcrumbList\",\"@id\":\"https:\/\/pb.edu.pl\/sjo\/2025\/12\/08\/wizyta-profesora-z-estonii-na-sjo-i-lekcja-gospodarki-o-obiegu-zamknietym-po-angielsku\/#breadcrumb\",\"itemListElement\":[{\"@type\":\"ListItem\",\"position\":1,\"name\":\"Home\",\"item\":\"https:\/\/pb.edu.pl\/sjo\/\"},{\"@type\":\"ListItem\",\"position\":2,\"name\":\"Wizyta profesora z Estonii na SJO i lekcja gospodarki o obiegu zamkni\u0119tym po angielsku\"}]},{\"@type\":\"WebSite\",\"@id\":\"https:\/\/pb.edu.pl\/sjo\/#website\",\"url\":\"https:\/\/pb.edu.pl\/sjo\/\",\"name\":\"Studium J\u0119zyk\u00f3w Obcych\",\"description\":\"\",\"potentialAction\":[{\"@type\":\"SearchAction\",\"target\":{\"@type\":\"EntryPoint\",\"urlTemplate\":\"https:\/\/pb.edu.pl\/sjo\/?s={search_term_string}\"},\"query-input\":{\"@type\":\"PropertyValueSpecification\",\"valueRequired\":true,\"valueName\":\"search_term_string\"}}],\"inLanguage\":\"pl-PL\"},{\"@type\":\"Person\",\"@id\":\"https:\/\/pb.edu.pl\/sjo\/#\/schema\/person\/bc89bcead9df6c2932e99aab9746cb33\",\"name\":\"ajuchnicka\",\"image\":{\"@type\":\"ImageObject\",\"inLanguage\":\"pl-PL\",\"@id\":\"https:\/\/pb.edu.pl\/sjo\/#\/schema\/person\/image\/\",\"url\":\"https:\/\/secure.gravatar.com\/avatar\/1d316076f572919feaf7fb4fb4fd667f2816777bf9731766eb5648e17718eecc?s=96&d=mm&r=g\",\"contentUrl\":\"https:\/\/secure.gravatar.com\/avatar\/1d316076f572919feaf7fb4fb4fd667f2816777bf9731766eb5648e17718eecc?s=96&d=mm&r=g\",\"caption\":\"ajuchnicka\"},\"url\":\"https:\/\/pb.edu.pl\/sjo\/author\/ajuchnicka\/\"}]}<\/script>\n<!-- \/ Yoast SEO plugin. -->","yoast_head_json":{"title":"Wizyta profesora z Estonii na SJO i lekcja gospodarki o obiegu zamkni\u0119tym po angielsku - aktualno\u015bci Studium J\u0119zyk\u00f3w Obcych","description":"Podczas XV International Staff Week studenci Studium J\u0119zyk\u00f3w Obcych mieli przyjemno\u015b\u0107 spotka\u0107 go\u015bci z partnerskich uniwersytet\u00f3w z ca\u0142ego \u015bwiata. Stoiska","robots":{"index":"index","follow":"follow","max-snippet":"max-snippet:-1","max-image-preview":"max-image-preview:large","max-video-preview":"max-video-preview:-1"},"canonical":"https:\/\/pb.edu.pl\/sjo\/2025\/12\/08\/wizyta-profesora-z-estonii-na-sjo-i-lekcja-gospodarki-o-obiegu-zamknietym-po-angielsku\/","og_locale":"pl_PL","og_type":"article","og_title":"Wizyta profesora z Estonii na SJO i lekcja gospodarki o obiegu zamkni\u0119tym po angielsku - aktualno\u015bci Studium J\u0119zyk\u00f3w Obcych","og_description":"Podczas XV International Staff Week studenci Studium J\u0119zyk\u00f3w Obcych mieli przyjemno\u015b\u0107 spotka\u0107 go\u015bci z partnerskich uniwersytet\u00f3w z ca\u0142ego \u015bwiata. Stoiska","og_url":"https:\/\/pb.edu.pl\/sjo\/2025\/12\/08\/wizyta-profesora-z-estonii-na-sjo-i-lekcja-gospodarki-o-obiegu-zamknietym-po-angielsku\/","og_site_name":"Studium J\u0119zyk\u00f3w Obcych","article_published_time":"2025-12-08T13:33:04+00:00","article_modified_time":"2025-12-08T13:35:04+00:00","og_image":[{"width":1080,"height":675,"url":"https:\/\/pb.edu.pl\/sjo\/wp-content\/uploads\/sites\/9\/2025\/12\/Dr-Veiko-Karu-grudzien-2025.png","type":"image\/png"}],"author":"ajuchnicka","twitter_misc":{"Napisane przez":"ajuchnicka","Szacowany czas czytania":"2 minuty"},"schema":{"@context":"https:\/\/schema.org","@graph":[{"@type":"Article","@id":"https:\/\/pb.edu.pl\/sjo\/2025\/12\/08\/wizyta-profesora-z-estonii-na-sjo-i-lekcja-gospodarki-o-obiegu-zamknietym-po-angielsku\/#article","isPartOf":{"@id":"https:\/\/pb.edu.pl\/sjo\/2025\/12\/08\/wizyta-profesora-z-estonii-na-sjo-i-lekcja-gospodarki-o-obiegu-zamknietym-po-angielsku\/"},"author":{"name":"ajuchnicka","@id":"https:\/\/pb.edu.pl\/sjo\/#\/schema\/person\/bc89bcead9df6c2932e99aab9746cb33"},"headline":"Wizyta profesora z Estonii na SJO i lekcja gospodarki o obiegu zamkni\u0119tym po angielsku","datePublished":"2025-12-08T13:33:04+00:00","dateModified":"2025-12-08T13:35:04+00:00","mainEntityOfPage":{"@id":"https:\/\/pb.edu.pl\/sjo\/2025\/12\/08\/wizyta-profesora-z-estonii-na-sjo-i-lekcja-gospodarki-o-obiegu-zamknietym-po-angielsku\/"},"wordCount":306,"image":{"@id":"https:\/\/pb.edu.pl\/sjo\/2025\/12\/08\/wizyta-profesora-z-estonii-na-sjo-i-lekcja-gospodarki-o-obiegu-zamknietym-po-angielsku\/#primaryimage"},"thumbnailUrl":"https:\/\/pb.edu.pl\/sjo\/wp-content\/uploads\/sites\/9\/2025\/12\/Dr-Veiko-Karu-grudzien-2025.png","articleSection":{"0":"Aktualno\u015bci","2":"BUP","3":"SJO"},"inLanguage":"pl-PL"},{"@type":"WebPage","@id":"https:\/\/pb.edu.pl\/sjo\/2025\/12\/08\/wizyta-profesora-z-estonii-na-sjo-i-lekcja-gospodarki-o-obiegu-zamknietym-po-angielsku\/","url":"https:\/\/pb.edu.pl\/sjo\/2025\/12\/08\/wizyta-profesora-z-estonii-na-sjo-i-lekcja-gospodarki-o-obiegu-zamknietym-po-angielsku\/","name":"Wizyta profesora z Estonii na SJO i lekcja gospodarki o obiegu zamkni\u0119tym po angielsku - aktualno\u015bci Studium J\u0119zyk\u00f3w Obcych","isPartOf":{"@id":"https:\/\/pb.edu.pl\/sjo\/#website"},"primaryImageOfPage":{"@id":"https:\/\/pb.edu.pl\/sjo\/2025\/12\/08\/wizyta-profesora-z-estonii-na-sjo-i-lekcja-gospodarki-o-obiegu-zamknietym-po-angielsku\/#primaryimage"},"image":{"@id":"https:\/\/pb.edu.pl\/sjo\/2025\/12\/08\/wizyta-profesora-z-estonii-na-sjo-i-lekcja-gospodarki-o-obiegu-zamknietym-po-angielsku\/#primaryimage"},"thumbnailUrl":"https:\/\/pb.edu.pl\/sjo\/wp-content\/uploads\/sites\/9\/2025\/12\/Dr-Veiko-Karu-grudzien-2025.png","datePublished":"2025-12-08T13:33:04+00:00","dateModified":"2025-12-08T13:35:04+00:00","author":{"@id":"https:\/\/pb.edu.pl\/sjo\/#\/schema\/person\/bc89bcead9df6c2932e99aab9746cb33"},"description":"Podczas XV International Staff Week studenci Studium J\u0119zyk\u00f3w Obcych mieli przyjemno\u015b\u0107 spotka\u0107 go\u015bci z partnerskich uniwersytet\u00f3w z ca\u0142ego \u015bwiata. Stoiska","breadcrumb":{"@id":"https:\/\/pb.edu.pl\/sjo\/2025\/12\/08\/wizyta-profesora-z-estonii-na-sjo-i-lekcja-gospodarki-o-obiegu-zamknietym-po-angielsku\/#breadcrumb"},"inLanguage":"pl-PL","potentialAction":[{"@type":"ReadAction","target":["https:\/\/pb.edu.pl\/sjo\/2025\/12\/08\/wizyta-profesora-z-estonii-na-sjo-i-lekcja-gospodarki-o-obiegu-zamknietym-po-angielsku\/"]}]},{"@type":"ImageObject","inLanguage":"pl-PL","@id":"https:\/\/pb.edu.pl\/sjo\/2025\/12\/08\/wizyta-profesora-z-estonii-na-sjo-i-lekcja-gospodarki-o-obiegu-zamknietym-po-angielsku\/#primaryimage","url":"https:\/\/pb.edu.pl\/sjo\/wp-content\/uploads\/sites\/9\/2025\/12\/Dr-Veiko-Karu-grudzien-2025.png","contentUrl":"https:\/\/pb.edu.pl\/sjo\/wp-content\/uploads\/sites\/9\/2025\/12\/Dr-Veiko-Karu-grudzien-2025.png","width":1080,"height":675},{"@type":"BreadcrumbList","@id":"https:\/\/pb.edu.pl\/sjo\/2025\/12\/08\/wizyta-profesora-z-estonii-na-sjo-i-lekcja-gospodarki-o-obiegu-zamknietym-po-angielsku\/#breadcrumb","itemListElement":[{"@type":"ListItem","position":1,"name":"Home","item":"https:\/\/pb.edu.pl\/sjo\/"},{"@type":"ListItem","position":2,"name":"Wizyta profesora z Estonii na SJO i lekcja gospodarki o obiegu zamkni\u0119tym po angielsku"}]},{"@type":"WebSite","@id":"https:\/\/pb.edu.pl\/sjo\/#website","url":"https:\/\/pb.edu.pl\/sjo\/","name":"Studium J\u0119zyk\u00f3w Obcych","description":"","potentialAction":[{"@type":"SearchAction","target":{"@type":"EntryPoint","urlTemplate":"https:\/\/pb.edu.pl\/sjo\/?s={search_term_string}"},"query-input":{"@type":"PropertyValueSpecification","valueRequired":true,"valueName":"search_term_string"}}],"inLanguage":"pl-PL"},{"@type":"Person","@id":"https:\/\/pb.edu.pl\/sjo\/#\/schema\/person\/bc89bcead9df6c2932e99aab9746cb33","name":"ajuchnicka","image":{"@type":"ImageObject","inLanguage":"pl-PL","@id":"https:\/\/pb.edu.pl\/sjo\/#\/schema\/person\/image\/","url":"https:\/\/secure.gravatar.com\/avatar\/1d316076f572919feaf7fb4fb4fd667f2816777bf9731766eb5648e17718eecc?s=96&d=mm&r=g","contentUrl":"https:\/\/secure.gravatar.com\/avatar\/1d316076f572919feaf7fb4fb4fd667f2816777bf9731766eb5648e17718eecc?s=96&d=mm&r=g","caption":"ajuchnicka"},"url":"https:\/\/pb.edu.pl\/sjo\/author\/ajuchnicka\/"}]}},"_links":{"self":[{"href":"https:\/\/pb.edu.pl\/sjo\/wp-json\/wp\/v2\/posts\/30232","targetHints":{"allow":["GET"]}}],"collection":[{"href":"https:\/\/pb.edu.pl\/sjo\/wp-json\/wp\/v2\/posts"}],"about":[{"href":"https:\/\/pb.edu.pl\/sjo\/wp-json\/wp\/v2\/types\/post"}],"author":[{"embeddable":true,"href":"https:\/\/pb.edu.pl\/sjo\/wp-json\/wp\/v2\/users\/132"}],"replies":[{"embeddable":true,"href":"https:\/\/pb.edu.pl\/sjo\/wp-json\/wp\/v2\/comments?post=30232"}],"version-history":[{"count":0,"href":"https:\/\/pb.edu.pl\/sjo\/wp-json\/wp\/v2\/posts\/30232\/revisions"}],"wp:featuredmedia":[{"embeddable":true,"href":"https:\/\/pb.edu.pl\/sjo\/wp-json\/wp\/v2\/media\/30237"}],"wp:attachment":[{"href":"https:\/\/pb.edu.pl\/sjo\/wp-json\/wp\/v2\/media?parent=30232"}],"wp:term":[{"taxonomy":"category","embeddable":true,"href":"https:\/\/pb.edu.pl\/sjo\/wp-json\/wp\/v2\/categories?post=30232"},{"taxonomy":"post_tag","embeddable":true,"href":"https:\/\/pb.edu.pl\/sjo\/wp-json\/wp\/v2\/tags?post=30232"}],"curies":[{"name":"wp","href":"https:\/\/api.w.org\/{rel}","templated":true}]}}