{"id":25466,"date":"2024-04-21T21:38:38","date_gmt":"2024-04-21T19:38:38","guid":{"rendered":"https:\/\/pb.edu.pl\/sjo\/?p=25466"},"modified":"2024-04-25T11:16:14","modified_gmt":"2024-04-25T09:16:14","slug":"uroczyste-odsloniecie-muralu-sjo","status":"publish","type":"post","link":"https:\/\/pb.edu.pl\/sjo\/2024\/04\/21\/uroczyste-odsloniecie-muralu-sjo\/","title":{"rendered":"Uroczyste ods\u0142oni\u0119cie muralu SJO"},"content":{"rendered":"<h2>Wymarzyli\u015bmy sobie mural w Studium J\u0119zyk\u00f3w Obcych&#8230;<\/h2>\n<p>We wsp\u00f3\u0142pracy z Wydzia\u0142em Architektury PB uda\u0142o si\u0119 to marzenie zrealizowa\u0107. <a href=\"https:\/\/pb.edu.pl\/sjo\/2023\/11\/07\/oglaszamy-konkurs\/\">Konkurs na mural<\/a> og\u0142osili\u015bmy w listopadzie 2023 r. Potem przez kilka miesi\u0119cy studenci z kierunk\u00f3w: Architektura, Architektura wn\u0119trz oraz Grafika pracowali nad szczeg\u00f3\u0142ami. Z projekt\u00f3w 34 uczestnik\u00f3w <a href=\"https:\/\/pb.edu.pl\/sjo\/2024\/02\/08\/wyniki-konkursu-na-projekt-muralu-w-sjo\/\">jury wybra\u0142o cztery wyj\u0105tkowe <\/a><strong>murale reprezentuj\u0105ce 4 j\u0119zyki, kt\u00f3rych uczymy w SJO &#8211; angielski, hiszpa\u0144ski, niemiecki i polski<\/strong>.<\/p>\n<p>17 kwietnia 2024 r., w ramach <a href=\"https:\/\/pb.edu.pl\/sjo\/wydarzenia-sjo\/jubileusz-60-lecia-sjo\/\">jubileuszu 60-lecia Studium J\u0119zyk\u00f3w Obcych<\/a>, Rektor PB, dr hab. in\u017c. Marta Kosior-Kazberuk, prof. PB, uroczy\u015bcie przeci\u0119\u0142a wst\u0119g\u0119 i &#8222;otworzy\u0142a&#8221; murale.<\/p>\n<p>Tego dnia autorka projekt\u00f3w, p. Weronika Konopka otrzyma\u0142a nagrod\u0119, a studenci, kt\u00f3rzy zaanga\u017cowali si\u0119 w malowanie &#8211; upominki.<\/p>\n<p>Nagrod\u0119 ufundowa\u0142a <a href=\"https:\/\/sroda.com.pl\/\">Kancelaria \u015aroda<\/a>, a materia\u0142y do wykonania muralu zapewni\u0142a firma <a href=\"https:\/\/benmar.com.pl\/\">Benmar<\/a>.<\/p>\n<p>Zapraszamy do relacji fotograficznej:<\/p>\nngg_shortcode_0_placeholder\n<p>&nbsp;<br \/>\n<img loading=\"lazy\" decoding=\"async\" class=\"alignleft wp-image-22796 size-full\" src=\"https:\/\/pb.edu.pl\/sjo\/wp-content\/uploads\/sites\/9\/2023\/11\/mural-pasek.png\" alt=\"\" width=\"4535\" height=\"813\" srcset=\"https:\/\/pb.edu.pl\/sjo\/wp-content\/uploads\/sites\/9\/2023\/11\/mural-pasek.png 4535w, https:\/\/pb.edu.pl\/sjo\/wp-content\/uploads\/sites\/9\/2023\/11\/mural-pasek-300x54.png 300w, https:\/\/pb.edu.pl\/sjo\/wp-content\/uploads\/sites\/9\/2023\/11\/mural-pasek-1024x184.png 1024w, https:\/\/pb.edu.pl\/sjo\/wp-content\/uploads\/sites\/9\/2023\/11\/mural-pasek-768x138.png 768w, https:\/\/pb.edu.pl\/sjo\/wp-content\/uploads\/sites\/9\/2023\/11\/mural-pasek-1536x275.png 1536w, https:\/\/pb.edu.pl\/sjo\/wp-content\/uploads\/sites\/9\/2023\/11\/mural-pasek-2048x367.png 2048w\" sizes=\"auto, (max-width: 4535px) 100vw, 4535px\" \/><\/p>\n","protected":false},"excerpt":{"rendered":"<p>Wymarzyli\u015bmy sobie mural w Studium J\u0119zyk\u00f3w Obcych&#8230; We wsp\u00f3\u0142pracy z Wydzia\u0142em Architektury PB uda\u0142o si\u0119<\/p>\n","protected":false},"author":38,"featured_media":25472,"comment_status":"open","ping_status":"open","sticky":false,"template":"","format":"standard","meta":{"_acf_changed":false,"ngg_post_thumbnail":0,"footnotes":""},"categories":[77,228,4],"tags":[],"class_list":["post-25466","post","type-post","status-publish","format-standard","has-post-thumbnail","hentry","category-aktualnosci","category-mural","category-sjo"],"acf":[],"yoast_head":"<!-- This site is optimized with the Yoast SEO plugin v27.0 - https:\/\/yoast.com\/product\/yoast-seo-wordpress\/ -->\n<title>Uroczyste ods\u0142oni\u0119cie muralu SJO - aktualno\u015bci Studium J\u0119zyk\u00f3w Obcych<\/title>\n<meta name=\"description\" content=\"Wymarzyli\u015bmy sobie mural w Studium J\u0119zyk\u00f3w Obcych... We wsp\u00f3\u0142pracy z Wydzia\u0142em Architektury PB uda\u0142o si\u0119 to marzenie zrealizowa\u0107. Konkurs na mural\" \/>\n<meta name=\"robots\" content=\"index, follow, max-snippet:-1, max-image-preview:large, max-video-preview:-1\" \/>\n<link rel=\"canonical\" href=\"https:\/\/pb.edu.pl\/sjo\/2024\/04\/21\/uroczyste-odsloniecie-muralu-sjo\/\" \/>\n<meta property=\"og:locale\" content=\"pl_PL\" \/>\n<meta property=\"og:type\" content=\"article\" \/>\n<meta property=\"og:title\" content=\"Uroczyste ods\u0142oni\u0119cie muralu SJO - aktualno\u015bci Studium J\u0119zyk\u00f3w Obcych\" \/>\n<meta property=\"og:description\" content=\"Wymarzyli\u015bmy sobie mural w Studium J\u0119zyk\u00f3w Obcych... We wsp\u00f3\u0142pracy z Wydzia\u0142em Architektury PB uda\u0142o si\u0119 to marzenie zrealizowa\u0107. Konkurs na mural\" \/>\n<meta property=\"og:url\" content=\"https:\/\/pb.edu.pl\/sjo\/2024\/04\/21\/uroczyste-odsloniecie-muralu-sjo\/\" \/>\n<meta property=\"og:site_name\" content=\"Studium J\u0119zyk\u00f3w Obcych\" \/>\n<meta property=\"article:published_time\" content=\"2024-04-21T19:38:38+00:00\" \/>\n<meta property=\"article:modified_time\" content=\"2024-04-25T09:16:14+00:00\" \/>\n<meta property=\"og:image\" content=\"https:\/\/pb.edu.pl\/sjo\/wp-content\/uploads\/sites\/9\/2024\/04\/2024-04-17-Jubileusz-SJO-fot-Dariusz-Piekut-65.jpg\" \/>\n\t<meta property=\"og:image:width\" content=\"2160\" \/>\n\t<meta property=\"og:image:height\" content=\"1350\" \/>\n\t<meta property=\"og:image:type\" content=\"image\/jpeg\" \/>\n<meta name=\"author\" content=\"kkch\" \/>\n<meta name=\"twitter:label1\" content=\"Napisane przez\" \/>\n\t<meta name=\"twitter:data1\" content=\"kkch\" \/>\n\t<meta name=\"twitter:label2\" content=\"Szacowany czas czytania\" \/>\n\t<meta name=\"twitter:data2\" content=\"2 minuty\" \/>\n<script type=\"application\/ld+json\" class=\"yoast-schema-graph\">{\"@context\":\"https:\/\/schema.org\",\"@graph\":[{\"@type\":\"Article\",\"@id\":\"https:\/\/pb.edu.pl\/sjo\/2024\/04\/21\/uroczyste-odsloniecie-muralu-sjo\/#article\",\"isPartOf\":{\"@id\":\"https:\/\/pb.edu.pl\/sjo\/2024\/04\/21\/uroczyste-odsloniecie-muralu-sjo\/\"},\"author\":{\"name\":\"kkch\",\"@id\":\"https:\/\/pb.edu.pl\/sjo\/#\/schema\/person\/64645dcc7b91ecb1eee9e11736a03ea1\"},\"headline\":\"Uroczyste ods\u0142oni\u0119cie muralu SJO\",\"datePublished\":\"2024-04-21T19:38:38+00:00\",\"dateModified\":\"2024-04-25T09:16:14+00:00\",\"mainEntityOfPage\":{\"@id\":\"https:\/\/pb.edu.pl\/sjo\/2024\/04\/21\/uroczyste-odsloniecie-muralu-sjo\/\"},\"wordCount\":171,\"commentCount\":0,\"image\":{\"@id\":\"https:\/\/pb.edu.pl\/sjo\/2024\/04\/21\/uroczyste-odsloniecie-muralu-sjo\/#primaryimage\"},\"thumbnailUrl\":\"https:\/\/pb.edu.pl\/sjo\/wp-content\/uploads\/sites\/9\/2024\/04\/2024-04-17-Jubileusz-SJO-fot-Dariusz-Piekut-65.jpg\",\"articleSection\":[\"Aktualno\u015bci\",\"Mural\",\"SJO\"],\"inLanguage\":\"pl-PL\"},{\"@type\":\"WebPage\",\"@id\":\"https:\/\/pb.edu.pl\/sjo\/2024\/04\/21\/uroczyste-odsloniecie-muralu-sjo\/\",\"url\":\"https:\/\/pb.edu.pl\/sjo\/2024\/04\/21\/uroczyste-odsloniecie-muralu-sjo\/\",\"name\":\"Uroczyste ods\u0142oni\u0119cie muralu SJO - aktualno\u015bci Studium J\u0119zyk\u00f3w Obcych\",\"isPartOf\":{\"@id\":\"https:\/\/pb.edu.pl\/sjo\/#website\"},\"primaryImageOfPage\":{\"@id\":\"https:\/\/pb.edu.pl\/sjo\/2024\/04\/21\/uroczyste-odsloniecie-muralu-sjo\/#primaryimage\"},\"image\":{\"@id\":\"https:\/\/pb.edu.pl\/sjo\/2024\/04\/21\/uroczyste-odsloniecie-muralu-sjo\/#primaryimage\"},\"thumbnailUrl\":\"https:\/\/pb.edu.pl\/sjo\/wp-content\/uploads\/sites\/9\/2024\/04\/2024-04-17-Jubileusz-SJO-fot-Dariusz-Piekut-65.jpg\",\"datePublished\":\"2024-04-21T19:38:38+00:00\",\"dateModified\":\"2024-04-25T09:16:14+00:00\",\"author\":{\"@id\":\"https:\/\/pb.edu.pl\/sjo\/#\/schema\/person\/64645dcc7b91ecb1eee9e11736a03ea1\"},\"description\":\"Wymarzyli\u015bmy sobie mural w Studium J\u0119zyk\u00f3w Obcych... We wsp\u00f3\u0142pracy z Wydzia\u0142em Architektury PB uda\u0142o si\u0119 to marzenie zrealizowa\u0107. Konkurs na mural\",\"breadcrumb\":{\"@id\":\"https:\/\/pb.edu.pl\/sjo\/2024\/04\/21\/uroczyste-odsloniecie-muralu-sjo\/#breadcrumb\"},\"inLanguage\":\"pl-PL\",\"potentialAction\":[{\"@type\":\"ReadAction\",\"target\":[\"https:\/\/pb.edu.pl\/sjo\/2024\/04\/21\/uroczyste-odsloniecie-muralu-sjo\/\"]}]},{\"@type\":\"ImageObject\",\"inLanguage\":\"pl-PL\",\"@id\":\"https:\/\/pb.edu.pl\/sjo\/2024\/04\/21\/uroczyste-odsloniecie-muralu-sjo\/#primaryimage\",\"url\":\"https:\/\/pb.edu.pl\/sjo\/wp-content\/uploads\/sites\/9\/2024\/04\/2024-04-17-Jubileusz-SJO-fot-Dariusz-Piekut-65.jpg\",\"contentUrl\":\"https:\/\/pb.edu.pl\/sjo\/wp-content\/uploads\/sites\/9\/2024\/04\/2024-04-17-Jubileusz-SJO-fot-Dariusz-Piekut-65.jpg\",\"width\":2160,\"height\":1350,\"caption\":\"2024-04-17-Jubileusz-SJO-fot-Dariusz-Piekut\"},{\"@type\":\"BreadcrumbList\",\"@id\":\"https:\/\/pb.edu.pl\/sjo\/2024\/04\/21\/uroczyste-odsloniecie-muralu-sjo\/#breadcrumb\",\"itemListElement\":[{\"@type\":\"ListItem\",\"position\":1,\"name\":\"Home\",\"item\":\"https:\/\/pb.edu.pl\/sjo\/\"},{\"@type\":\"ListItem\",\"position\":2,\"name\":\"Uroczyste ods\u0142oni\u0119cie muralu SJO\"}]},{\"@type\":\"WebSite\",\"@id\":\"https:\/\/pb.edu.pl\/sjo\/#website\",\"url\":\"https:\/\/pb.edu.pl\/sjo\/\",\"name\":\"Studium J\u0119zyk\u00f3w Obcych\",\"description\":\"\",\"potentialAction\":[{\"@type\":\"SearchAction\",\"target\":{\"@type\":\"EntryPoint\",\"urlTemplate\":\"https:\/\/pb.edu.pl\/sjo\/?s={search_term_string}\"},\"query-input\":{\"@type\":\"PropertyValueSpecification\",\"valueRequired\":true,\"valueName\":\"search_term_string\"}}],\"inLanguage\":\"pl-PL\"},{\"@type\":\"Person\",\"@id\":\"https:\/\/pb.edu.pl\/sjo\/#\/schema\/person\/64645dcc7b91ecb1eee9e11736a03ea1\",\"name\":\"kkch\",\"image\":{\"@type\":\"ImageObject\",\"inLanguage\":\"pl-PL\",\"@id\":\"https:\/\/pb.edu.pl\/sjo\/#\/schema\/person\/image\/\",\"url\":\"https:\/\/secure.gravatar.com\/avatar\/b079e0c5e74a35af6702f29f5e99338624c39350b042f2113394fabd79b1bbce?s=96&d=mm&r=g\",\"contentUrl\":\"https:\/\/secure.gravatar.com\/avatar\/b079e0c5e74a35af6702f29f5e99338624c39350b042f2113394fabd79b1bbce?s=96&d=mm&r=g\",\"caption\":\"kkch\"},\"url\":\"https:\/\/pb.edu.pl\/sjo\/author\/kkch\/\"}]}<\/script>\n<!-- \/ Yoast SEO plugin. -->","yoast_head_json":{"title":"Uroczyste ods\u0142oni\u0119cie muralu SJO - aktualno\u015bci Studium J\u0119zyk\u00f3w Obcych","description":"Wymarzyli\u015bmy sobie mural w Studium J\u0119zyk\u00f3w Obcych... We wsp\u00f3\u0142pracy z Wydzia\u0142em Architektury PB uda\u0142o si\u0119 to marzenie zrealizowa\u0107. Konkurs na mural","robots":{"index":"index","follow":"follow","max-snippet":"max-snippet:-1","max-image-preview":"max-image-preview:large","max-video-preview":"max-video-preview:-1"},"canonical":"https:\/\/pb.edu.pl\/sjo\/2024\/04\/21\/uroczyste-odsloniecie-muralu-sjo\/","og_locale":"pl_PL","og_type":"article","og_title":"Uroczyste ods\u0142oni\u0119cie muralu SJO - aktualno\u015bci Studium J\u0119zyk\u00f3w Obcych","og_description":"Wymarzyli\u015bmy sobie mural w Studium J\u0119zyk\u00f3w Obcych... We wsp\u00f3\u0142pracy z Wydzia\u0142em Architektury PB uda\u0142o si\u0119 to marzenie zrealizowa\u0107. Konkurs na mural","og_url":"https:\/\/pb.edu.pl\/sjo\/2024\/04\/21\/uroczyste-odsloniecie-muralu-sjo\/","og_site_name":"Studium J\u0119zyk\u00f3w Obcych","article_published_time":"2024-04-21T19:38:38+00:00","article_modified_time":"2024-04-25T09:16:14+00:00","og_image":[{"width":2160,"height":1350,"url":"https:\/\/pb.edu.pl\/sjo\/wp-content\/uploads\/sites\/9\/2024\/04\/2024-04-17-Jubileusz-SJO-fot-Dariusz-Piekut-65.jpg","type":"image\/jpeg"}],"author":"kkch","twitter_misc":{"Napisane przez":"kkch","Szacowany czas czytania":"2 minuty"},"schema":{"@context":"https:\/\/schema.org","@graph":[{"@type":"Article","@id":"https:\/\/pb.edu.pl\/sjo\/2024\/04\/21\/uroczyste-odsloniecie-muralu-sjo\/#article","isPartOf":{"@id":"https:\/\/pb.edu.pl\/sjo\/2024\/04\/21\/uroczyste-odsloniecie-muralu-sjo\/"},"author":{"name":"kkch","@id":"https:\/\/pb.edu.pl\/sjo\/#\/schema\/person\/64645dcc7b91ecb1eee9e11736a03ea1"},"headline":"Uroczyste ods\u0142oni\u0119cie muralu SJO","datePublished":"2024-04-21T19:38:38+00:00","dateModified":"2024-04-25T09:16:14+00:00","mainEntityOfPage":{"@id":"https:\/\/pb.edu.pl\/sjo\/2024\/04\/21\/uroczyste-odsloniecie-muralu-sjo\/"},"wordCount":171,"commentCount":0,"image":{"@id":"https:\/\/pb.edu.pl\/sjo\/2024\/04\/21\/uroczyste-odsloniecie-muralu-sjo\/#primaryimage"},"thumbnailUrl":"https:\/\/pb.edu.pl\/sjo\/wp-content\/uploads\/sites\/9\/2024\/04\/2024-04-17-Jubileusz-SJO-fot-Dariusz-Piekut-65.jpg","articleSection":["Aktualno\u015bci","Mural","SJO"],"inLanguage":"pl-PL"},{"@type":"WebPage","@id":"https:\/\/pb.edu.pl\/sjo\/2024\/04\/21\/uroczyste-odsloniecie-muralu-sjo\/","url":"https:\/\/pb.edu.pl\/sjo\/2024\/04\/21\/uroczyste-odsloniecie-muralu-sjo\/","name":"Uroczyste ods\u0142oni\u0119cie muralu SJO - aktualno\u015bci Studium J\u0119zyk\u00f3w Obcych","isPartOf":{"@id":"https:\/\/pb.edu.pl\/sjo\/#website"},"primaryImageOfPage":{"@id":"https:\/\/pb.edu.pl\/sjo\/2024\/04\/21\/uroczyste-odsloniecie-muralu-sjo\/#primaryimage"},"image":{"@id":"https:\/\/pb.edu.pl\/sjo\/2024\/04\/21\/uroczyste-odsloniecie-muralu-sjo\/#primaryimage"},"thumbnailUrl":"https:\/\/pb.edu.pl\/sjo\/wp-content\/uploads\/sites\/9\/2024\/04\/2024-04-17-Jubileusz-SJO-fot-Dariusz-Piekut-65.jpg","datePublished":"2024-04-21T19:38:38+00:00","dateModified":"2024-04-25T09:16:14+00:00","author":{"@id":"https:\/\/pb.edu.pl\/sjo\/#\/schema\/person\/64645dcc7b91ecb1eee9e11736a03ea1"},"description":"Wymarzyli\u015bmy sobie mural w Studium J\u0119zyk\u00f3w Obcych... We wsp\u00f3\u0142pracy z Wydzia\u0142em Architektury PB uda\u0142o si\u0119 to marzenie zrealizowa\u0107. Konkurs na mural","breadcrumb":{"@id":"https:\/\/pb.edu.pl\/sjo\/2024\/04\/21\/uroczyste-odsloniecie-muralu-sjo\/#breadcrumb"},"inLanguage":"pl-PL","potentialAction":[{"@type":"ReadAction","target":["https:\/\/pb.edu.pl\/sjo\/2024\/04\/21\/uroczyste-odsloniecie-muralu-sjo\/"]}]},{"@type":"ImageObject","inLanguage":"pl-PL","@id":"https:\/\/pb.edu.pl\/sjo\/2024\/04\/21\/uroczyste-odsloniecie-muralu-sjo\/#primaryimage","url":"https:\/\/pb.edu.pl\/sjo\/wp-content\/uploads\/sites\/9\/2024\/04\/2024-04-17-Jubileusz-SJO-fot-Dariusz-Piekut-65.jpg","contentUrl":"https:\/\/pb.edu.pl\/sjo\/wp-content\/uploads\/sites\/9\/2024\/04\/2024-04-17-Jubileusz-SJO-fot-Dariusz-Piekut-65.jpg","width":2160,"height":1350,"caption":"2024-04-17-Jubileusz-SJO-fot-Dariusz-Piekut"},{"@type":"BreadcrumbList","@id":"https:\/\/pb.edu.pl\/sjo\/2024\/04\/21\/uroczyste-odsloniecie-muralu-sjo\/#breadcrumb","itemListElement":[{"@type":"ListItem","position":1,"name":"Home","item":"https:\/\/pb.edu.pl\/sjo\/"},{"@type":"ListItem","position":2,"name":"Uroczyste ods\u0142oni\u0119cie muralu SJO"}]},{"@type":"WebSite","@id":"https:\/\/pb.edu.pl\/sjo\/#website","url":"https:\/\/pb.edu.pl\/sjo\/","name":"Studium J\u0119zyk\u00f3w Obcych","description":"","potentialAction":[{"@type":"SearchAction","target":{"@type":"EntryPoint","urlTemplate":"https:\/\/pb.edu.pl\/sjo\/?s={search_term_string}"},"query-input":{"@type":"PropertyValueSpecification","valueRequired":true,"valueName":"search_term_string"}}],"inLanguage":"pl-PL"},{"@type":"Person","@id":"https:\/\/pb.edu.pl\/sjo\/#\/schema\/person\/64645dcc7b91ecb1eee9e11736a03ea1","name":"kkch","image":{"@type":"ImageObject","inLanguage":"pl-PL","@id":"https:\/\/pb.edu.pl\/sjo\/#\/schema\/person\/image\/","url":"https:\/\/secure.gravatar.com\/avatar\/b079e0c5e74a35af6702f29f5e99338624c39350b042f2113394fabd79b1bbce?s=96&d=mm&r=g","contentUrl":"https:\/\/secure.gravatar.com\/avatar\/b079e0c5e74a35af6702f29f5e99338624c39350b042f2113394fabd79b1bbce?s=96&d=mm&r=g","caption":"kkch"},"url":"https:\/\/pb.edu.pl\/sjo\/author\/kkch\/"}]}},"_links":{"self":[{"href":"https:\/\/pb.edu.pl\/sjo\/wp-json\/wp\/v2\/posts\/25466","targetHints":{"allow":["GET"]}}],"collection":[{"href":"https:\/\/pb.edu.pl\/sjo\/wp-json\/wp\/v2\/posts"}],"about":[{"href":"https:\/\/pb.edu.pl\/sjo\/wp-json\/wp\/v2\/types\/post"}],"author":[{"embeddable":true,"href":"https:\/\/pb.edu.pl\/sjo\/wp-json\/wp\/v2\/users\/38"}],"replies":[{"embeddable":true,"href":"https:\/\/pb.edu.pl\/sjo\/wp-json\/wp\/v2\/comments?post=25466"}],"version-history":[{"count":0,"href":"https:\/\/pb.edu.pl\/sjo\/wp-json\/wp\/v2\/posts\/25466\/revisions"}],"wp:featuredmedia":[{"embeddable":true,"href":"https:\/\/pb.edu.pl\/sjo\/wp-json\/wp\/v2\/media\/25472"}],"wp:attachment":[{"href":"https:\/\/pb.edu.pl\/sjo\/wp-json\/wp\/v2\/media?parent=25466"}],"wp:term":[{"taxonomy":"category","embeddable":true,"href":"https:\/\/pb.edu.pl\/sjo\/wp-json\/wp\/v2\/categories?post=25466"},{"taxonomy":"post_tag","embeddable":true,"href":"https:\/\/pb.edu.pl\/sjo\/wp-json\/wp\/v2\/tags?post=25466"}],"curies":[{"name":"wp","href":"https:\/\/api.w.org\/{rel}","templated":true}]}}