{"id":22403,"date":"2023-10-16T14:23:39","date_gmt":"2023-10-16T12:23:39","guid":{"rendered":"https:\/\/pb.edu.pl\/sjo\/?p=22403"},"modified":"2023-10-24T12:57:12","modified_gmt":"2023-10-24T10:57:12","slug":"22403","status":"publish","type":"post","link":"https:\/\/pb.edu.pl\/sjo\/2023\/10\/16\/22403\/","title":{"rendered":"\u017begnamy wieloletniego pracownika SJO"},"content":{"rendered":"<p>Z ogromnym \u017calem i smutkiem zawiadamiamy, \u017ce 14 pa\u017adziernika 2023 r. po ci\u0119\u017ckiej chorobie zmar\u0142 dr Ryszard Czarnopy\u015b, nasz drogi Kolega ze Studium J\u0119zyk\u00f3w Obcych Politechniki Bia\u0142ostockiej. &nbsp;&nbsp;<\/p>\n<p>Wspominamy Ryszarda jako u\u015bmiechni\u0119tego, serdecznego i \u017cyczliwego Koleg\u0119, na kt\u00f3rego zawsze mo\u017cna by\u0142o liczy\u0107. W naszej pami\u0119ci pozostan\u0105 jego weso\u0142e oczy i pe\u0142ne ciep\u0142a, troch\u0119 zaskakuj\u0105ce poczucie humoru. Trzeba by\u0142o troch\u0119 czasu, \u017ceby si\u0119 nauczy\u0107 kiedy \u017cartuje, a kiedy m\u00f3wi powa\u017cnie, i jest to cecha, z kt\u00f3r\u0105 tylko jego w SJO mo\u017cna kojarzy\u0107.<\/p>\n<p>Dr Ryszard Czarnopy\u015b by\u0142 absolwentem filologii angielskiej UMCS w Lublinie. W Studium J\u0119zyk\u00f3w Obcych PB pracowa\u0142 od 1992 roku, przez wiele lat pe\u0142ni\u0142 funkcj\u0119 opiekuna j\u0119zykowego student\u00f3w Wydzia\u0142u Informatyki, by\u0142 te\u017c cz\u0142onkiem Kolegium SJO. W roku 2015 otrzyma\u0142 Medal Srebrny za Wieloletni\u0105 S\u0142u\u017cb\u0119, otrzyma\u0142 r\u00f3wnie\u017c wiele Nagr\u00f3d Rektora PB za osi\u0105gni\u0119cia dydaktyczne i organizacyjne. W roku 2020 na Uniwersytecie w Bia\u0142ymstoku obroni\u0142 doktorat na temat: &#8222;Problematyka polska w dzia\u0142alno\u015bci pisarskiej Gilberta Keitha Chestertona: historia \u2013 kultura \u2013 polityka&#8221;. By\u0142 autorem wielu materia\u0142\u00f3w specjalistycznych do nauki j\u0119zyka angielskiego, zw\u0142aszcza dla student\u00f3w informatyki. W roku 2020, wraz z mgr Trevorem Coldronem, opracowa\u0142 kurs j\u0119zyka angielskiego online &#8222;English for Business and IT Students&#8221; na platformie Navoica w ramach projektu &#8222;MOOC@PB-Nowoczesne technologie w procesie kszta\u0142cenia&#8221;.<\/p>\n<p>Prywatnie by\u0142 pasjonatem gry w scrabble, podr\u00f3\u017cy i fotografii, autorem wielu zdj\u0119\u0107 krajobrazowych i podr\u00f3\u017cniczych.<\/p>\n<p><img loading=\"lazy\" decoding=\"async\" class=\"alignnone wp-image-22445 size-full\" src=\"https:\/\/pb.edu.pl\/sjo\/wp-content\/uploads\/sites\/9\/2023\/10\/WhatsApp-Image-2023-10-17-at-15.56.02.jpeg\" alt=\"\" width=\"1986\" height=\"1383\" srcset=\"https:\/\/pb.edu.pl\/sjo\/wp-content\/uploads\/sites\/9\/2023\/10\/WhatsApp-Image-2023-10-17-at-15.56.02.jpeg 1986w, https:\/\/pb.edu.pl\/sjo\/wp-content\/uploads\/sites\/9\/2023\/10\/WhatsApp-Image-2023-10-17-at-15.56.02-300x209.jpeg 300w, https:\/\/pb.edu.pl\/sjo\/wp-content\/uploads\/sites\/9\/2023\/10\/WhatsApp-Image-2023-10-17-at-15.56.02-1024x713.jpeg 1024w, https:\/\/pb.edu.pl\/sjo\/wp-content\/uploads\/sites\/9\/2023\/10\/WhatsApp-Image-2023-10-17-at-15.56.02-768x535.jpeg 768w, https:\/\/pb.edu.pl\/sjo\/wp-content\/uploads\/sites\/9\/2023\/10\/WhatsApp-Image-2023-10-17-at-15.56.02-1536x1070.jpeg 1536w\" sizes=\"auto, (max-width: 1986px) 100vw, 1986px\" \/><\/p>\n","protected":false},"excerpt":{"rendered":"<p>Z ogromnym \u017calem i smutkiem zawiadamiamy, \u017ce 14 pa\u017adziernika 2023 r. po ci\u0119\u017ckiej chorobie zmar\u0142<\/p>\n","protected":false},"author":38,"featured_media":22404,"comment_status":"open","ping_status":"open","sticky":false,"template":"","format":"standard","meta":{"_acf_changed":false,"ngg_post_thumbnail":0,"footnotes":""},"categories":[77,4],"tags":[],"class_list":["post-22403","post","type-post","status-publish","format-standard","has-post-thumbnail","hentry","category-aktualnosci","category-sjo"],"acf":[],"yoast_head":"<!-- This site is optimized with the Yoast SEO plugin v27.0 - https:\/\/yoast.com\/product\/yoast-seo-wordpress\/ -->\n<title>\u017begnamy wieloletniego pracownika SJO - aktualno\u015bci Studium J\u0119zyk\u00f3w Obcych<\/title>\n<meta name=\"description\" content=\"Z ogromnym \u017calem i smutkiem zawiadamiamy, \u017ce 14 pa\u017adziernika 2023 r. po ci\u0119\u017ckiej chorobie zmar\u0142 dr Ryszard Czarnopy\u015b, nasz drogi Kolega ze Studium J\u0119zyk\u00f3w\" \/>\n<meta name=\"robots\" content=\"index, follow, max-snippet:-1, max-image-preview:large, max-video-preview:-1\" \/>\n<link rel=\"canonical\" href=\"https:\/\/pb.edu.pl\/sjo\/2023\/10\/16\/22403\/\" \/>\n<meta property=\"og:locale\" content=\"pl_PL\" \/>\n<meta property=\"og:type\" content=\"article\" \/>\n<meta property=\"og:title\" content=\"\u017begnamy wieloletniego pracownika SJO - aktualno\u015bci Studium J\u0119zyk\u00f3w Obcych\" \/>\n<meta property=\"og:description\" content=\"Z ogromnym \u017calem i smutkiem zawiadamiamy, \u017ce 14 pa\u017adziernika 2023 r. po ci\u0119\u017ckiej chorobie zmar\u0142 dr Ryszard Czarnopy\u015b, nasz drogi Kolega ze Studium J\u0119zyk\u00f3w\" \/>\n<meta property=\"og:url\" content=\"https:\/\/pb.edu.pl\/sjo\/2023\/10\/16\/22403\/\" \/>\n<meta property=\"og:site_name\" content=\"Studium J\u0119zyk\u00f3w Obcych\" \/>\n<meta property=\"article:published_time\" content=\"2023-10-16T12:23:39+00:00\" \/>\n<meta property=\"article:modified_time\" content=\"2023-10-24T10:57:12+00:00\" \/>\n<meta property=\"og:image\" content=\"https:\/\/pb.edu.pl\/sjo\/wp-content\/uploads\/sites\/9\/2023\/10\/Ryszard-Czarnopys-1966-2023.png\" \/>\n\t<meta property=\"og:image:width\" content=\"1080\" \/>\n\t<meta property=\"og:image:height\" content=\"675\" \/>\n\t<meta property=\"og:image:type\" content=\"image\/png\" \/>\n<meta name=\"author\" content=\"kkch\" \/>\n<meta name=\"twitter:label1\" content=\"Napisane przez\" \/>\n\t<meta name=\"twitter:data1\" content=\"kkch\" \/>\n\t<meta name=\"twitter:label2\" content=\"Szacowany czas czytania\" \/>\n\t<meta name=\"twitter:data2\" content=\"2 minuty\" \/>\n<script type=\"application\/ld+json\" class=\"yoast-schema-graph\">{\"@context\":\"https:\/\/schema.org\",\"@graph\":[{\"@type\":\"Article\",\"@id\":\"https:\/\/pb.edu.pl\/sjo\/2023\/10\/16\/22403\/#article\",\"isPartOf\":{\"@id\":\"https:\/\/pb.edu.pl\/sjo\/2023\/10\/16\/22403\/\"},\"author\":{\"name\":\"kkch\",\"@id\":\"https:\/\/pb.edu.pl\/sjo\/#\/schema\/person\/64645dcc7b91ecb1eee9e11736a03ea1\"},\"headline\":\"\u017begnamy wieloletniego pracownika SJO\",\"datePublished\":\"2023-10-16T12:23:39+00:00\",\"dateModified\":\"2023-10-24T10:57:12+00:00\",\"mainEntityOfPage\":{\"@id\":\"https:\/\/pb.edu.pl\/sjo\/2023\/10\/16\/22403\/\"},\"wordCount\":259,\"commentCount\":0,\"image\":{\"@id\":\"https:\/\/pb.edu.pl\/sjo\/2023\/10\/16\/22403\/#primaryimage\"},\"thumbnailUrl\":\"https:\/\/pb.edu.pl\/sjo\/wp-content\/uploads\/sites\/9\/2023\/10\/Ryszard-Czarnopys-1966-2023.png\",\"articleSection\":[\"Aktualno\u015bci\",\"SJO\"],\"inLanguage\":\"pl-PL\"},{\"@type\":\"WebPage\",\"@id\":\"https:\/\/pb.edu.pl\/sjo\/2023\/10\/16\/22403\/\",\"url\":\"https:\/\/pb.edu.pl\/sjo\/2023\/10\/16\/22403\/\",\"name\":\"\u017begnamy wieloletniego pracownika SJO - aktualno\u015bci Studium J\u0119zyk\u00f3w Obcych\",\"isPartOf\":{\"@id\":\"https:\/\/pb.edu.pl\/sjo\/#website\"},\"primaryImageOfPage\":{\"@id\":\"https:\/\/pb.edu.pl\/sjo\/2023\/10\/16\/22403\/#primaryimage\"},\"image\":{\"@id\":\"https:\/\/pb.edu.pl\/sjo\/2023\/10\/16\/22403\/#primaryimage\"},\"thumbnailUrl\":\"https:\/\/pb.edu.pl\/sjo\/wp-content\/uploads\/sites\/9\/2023\/10\/Ryszard-Czarnopys-1966-2023.png\",\"datePublished\":\"2023-10-16T12:23:39+00:00\",\"dateModified\":\"2023-10-24T10:57:12+00:00\",\"author\":{\"@id\":\"https:\/\/pb.edu.pl\/sjo\/#\/schema\/person\/64645dcc7b91ecb1eee9e11736a03ea1\"},\"description\":\"Z ogromnym \u017calem i smutkiem zawiadamiamy, \u017ce 14 pa\u017adziernika 2023 r. po ci\u0119\u017ckiej chorobie zmar\u0142 dr Ryszard Czarnopy\u015b, nasz drogi Kolega ze Studium J\u0119zyk\u00f3w\",\"breadcrumb\":{\"@id\":\"https:\/\/pb.edu.pl\/sjo\/2023\/10\/16\/22403\/#breadcrumb\"},\"inLanguage\":\"pl-PL\",\"potentialAction\":[{\"@type\":\"ReadAction\",\"target\":[\"https:\/\/pb.edu.pl\/sjo\/2023\/10\/16\/22403\/\"]}]},{\"@type\":\"ImageObject\",\"inLanguage\":\"pl-PL\",\"@id\":\"https:\/\/pb.edu.pl\/sjo\/2023\/10\/16\/22403\/#primaryimage\",\"url\":\"https:\/\/pb.edu.pl\/sjo\/wp-content\/uploads\/sites\/9\/2023\/10\/Ryszard-Czarnopys-1966-2023.png\",\"contentUrl\":\"https:\/\/pb.edu.pl\/sjo\/wp-content\/uploads\/sites\/9\/2023\/10\/Ryszard-Czarnopys-1966-2023.png\",\"width\":1080,\"height\":675},{\"@type\":\"BreadcrumbList\",\"@id\":\"https:\/\/pb.edu.pl\/sjo\/2023\/10\/16\/22403\/#breadcrumb\",\"itemListElement\":[{\"@type\":\"ListItem\",\"position\":1,\"name\":\"Home\",\"item\":\"https:\/\/pb.edu.pl\/sjo\/\"},{\"@type\":\"ListItem\",\"position\":2,\"name\":\"\u017begnamy wieloletniego pracownika SJO\"}]},{\"@type\":\"WebSite\",\"@id\":\"https:\/\/pb.edu.pl\/sjo\/#website\",\"url\":\"https:\/\/pb.edu.pl\/sjo\/\",\"name\":\"Studium J\u0119zyk\u00f3w Obcych\",\"description\":\"\",\"potentialAction\":[{\"@type\":\"SearchAction\",\"target\":{\"@type\":\"EntryPoint\",\"urlTemplate\":\"https:\/\/pb.edu.pl\/sjo\/?s={search_term_string}\"},\"query-input\":{\"@type\":\"PropertyValueSpecification\",\"valueRequired\":true,\"valueName\":\"search_term_string\"}}],\"inLanguage\":\"pl-PL\"},{\"@type\":\"Person\",\"@id\":\"https:\/\/pb.edu.pl\/sjo\/#\/schema\/person\/64645dcc7b91ecb1eee9e11736a03ea1\",\"name\":\"kkch\",\"image\":{\"@type\":\"ImageObject\",\"inLanguage\":\"pl-PL\",\"@id\":\"https:\/\/pb.edu.pl\/sjo\/#\/schema\/person\/image\/\",\"url\":\"https:\/\/secure.gravatar.com\/avatar\/b079e0c5e74a35af6702f29f5e99338624c39350b042f2113394fabd79b1bbce?s=96&d=mm&r=g\",\"contentUrl\":\"https:\/\/secure.gravatar.com\/avatar\/b079e0c5e74a35af6702f29f5e99338624c39350b042f2113394fabd79b1bbce?s=96&d=mm&r=g\",\"caption\":\"kkch\"},\"url\":\"https:\/\/pb.edu.pl\/sjo\/author\/kkch\/\"}]}<\/script>\n<!-- \/ Yoast SEO plugin. -->","yoast_head_json":{"title":"\u017begnamy wieloletniego pracownika SJO - aktualno\u015bci Studium J\u0119zyk\u00f3w Obcych","description":"Z ogromnym \u017calem i smutkiem zawiadamiamy, \u017ce 14 pa\u017adziernika 2023 r. po ci\u0119\u017ckiej chorobie zmar\u0142 dr Ryszard Czarnopy\u015b, nasz drogi Kolega ze Studium J\u0119zyk\u00f3w","robots":{"index":"index","follow":"follow","max-snippet":"max-snippet:-1","max-image-preview":"max-image-preview:large","max-video-preview":"max-video-preview:-1"},"canonical":"https:\/\/pb.edu.pl\/sjo\/2023\/10\/16\/22403\/","og_locale":"pl_PL","og_type":"article","og_title":"\u017begnamy wieloletniego pracownika SJO - aktualno\u015bci Studium J\u0119zyk\u00f3w Obcych","og_description":"Z ogromnym \u017calem i smutkiem zawiadamiamy, \u017ce 14 pa\u017adziernika 2023 r. po ci\u0119\u017ckiej chorobie zmar\u0142 dr Ryszard Czarnopy\u015b, nasz drogi Kolega ze Studium J\u0119zyk\u00f3w","og_url":"https:\/\/pb.edu.pl\/sjo\/2023\/10\/16\/22403\/","og_site_name":"Studium J\u0119zyk\u00f3w Obcych","article_published_time":"2023-10-16T12:23:39+00:00","article_modified_time":"2023-10-24T10:57:12+00:00","og_image":[{"width":1080,"height":675,"url":"https:\/\/pb.edu.pl\/sjo\/wp-content\/uploads\/sites\/9\/2023\/10\/Ryszard-Czarnopys-1966-2023.png","type":"image\/png"}],"author":"kkch","twitter_misc":{"Napisane przez":"kkch","Szacowany czas czytania":"2 minuty"},"schema":{"@context":"https:\/\/schema.org","@graph":[{"@type":"Article","@id":"https:\/\/pb.edu.pl\/sjo\/2023\/10\/16\/22403\/#article","isPartOf":{"@id":"https:\/\/pb.edu.pl\/sjo\/2023\/10\/16\/22403\/"},"author":{"name":"kkch","@id":"https:\/\/pb.edu.pl\/sjo\/#\/schema\/person\/64645dcc7b91ecb1eee9e11736a03ea1"},"headline":"\u017begnamy wieloletniego pracownika SJO","datePublished":"2023-10-16T12:23:39+00:00","dateModified":"2023-10-24T10:57:12+00:00","mainEntityOfPage":{"@id":"https:\/\/pb.edu.pl\/sjo\/2023\/10\/16\/22403\/"},"wordCount":259,"commentCount":0,"image":{"@id":"https:\/\/pb.edu.pl\/sjo\/2023\/10\/16\/22403\/#primaryimage"},"thumbnailUrl":"https:\/\/pb.edu.pl\/sjo\/wp-content\/uploads\/sites\/9\/2023\/10\/Ryszard-Czarnopys-1966-2023.png","articleSection":["Aktualno\u015bci","SJO"],"inLanguage":"pl-PL"},{"@type":"WebPage","@id":"https:\/\/pb.edu.pl\/sjo\/2023\/10\/16\/22403\/","url":"https:\/\/pb.edu.pl\/sjo\/2023\/10\/16\/22403\/","name":"\u017begnamy wieloletniego pracownika SJO - aktualno\u015bci Studium J\u0119zyk\u00f3w Obcych","isPartOf":{"@id":"https:\/\/pb.edu.pl\/sjo\/#website"},"primaryImageOfPage":{"@id":"https:\/\/pb.edu.pl\/sjo\/2023\/10\/16\/22403\/#primaryimage"},"image":{"@id":"https:\/\/pb.edu.pl\/sjo\/2023\/10\/16\/22403\/#primaryimage"},"thumbnailUrl":"https:\/\/pb.edu.pl\/sjo\/wp-content\/uploads\/sites\/9\/2023\/10\/Ryszard-Czarnopys-1966-2023.png","datePublished":"2023-10-16T12:23:39+00:00","dateModified":"2023-10-24T10:57:12+00:00","author":{"@id":"https:\/\/pb.edu.pl\/sjo\/#\/schema\/person\/64645dcc7b91ecb1eee9e11736a03ea1"},"description":"Z ogromnym \u017calem i smutkiem zawiadamiamy, \u017ce 14 pa\u017adziernika 2023 r. po ci\u0119\u017ckiej chorobie zmar\u0142 dr Ryszard Czarnopy\u015b, nasz drogi Kolega ze Studium J\u0119zyk\u00f3w","breadcrumb":{"@id":"https:\/\/pb.edu.pl\/sjo\/2023\/10\/16\/22403\/#breadcrumb"},"inLanguage":"pl-PL","potentialAction":[{"@type":"ReadAction","target":["https:\/\/pb.edu.pl\/sjo\/2023\/10\/16\/22403\/"]}]},{"@type":"ImageObject","inLanguage":"pl-PL","@id":"https:\/\/pb.edu.pl\/sjo\/2023\/10\/16\/22403\/#primaryimage","url":"https:\/\/pb.edu.pl\/sjo\/wp-content\/uploads\/sites\/9\/2023\/10\/Ryszard-Czarnopys-1966-2023.png","contentUrl":"https:\/\/pb.edu.pl\/sjo\/wp-content\/uploads\/sites\/9\/2023\/10\/Ryszard-Czarnopys-1966-2023.png","width":1080,"height":675},{"@type":"BreadcrumbList","@id":"https:\/\/pb.edu.pl\/sjo\/2023\/10\/16\/22403\/#breadcrumb","itemListElement":[{"@type":"ListItem","position":1,"name":"Home","item":"https:\/\/pb.edu.pl\/sjo\/"},{"@type":"ListItem","position":2,"name":"\u017begnamy wieloletniego pracownika SJO"}]},{"@type":"WebSite","@id":"https:\/\/pb.edu.pl\/sjo\/#website","url":"https:\/\/pb.edu.pl\/sjo\/","name":"Studium J\u0119zyk\u00f3w Obcych","description":"","potentialAction":[{"@type":"SearchAction","target":{"@type":"EntryPoint","urlTemplate":"https:\/\/pb.edu.pl\/sjo\/?s={search_term_string}"},"query-input":{"@type":"PropertyValueSpecification","valueRequired":true,"valueName":"search_term_string"}}],"inLanguage":"pl-PL"},{"@type":"Person","@id":"https:\/\/pb.edu.pl\/sjo\/#\/schema\/person\/64645dcc7b91ecb1eee9e11736a03ea1","name":"kkch","image":{"@type":"ImageObject","inLanguage":"pl-PL","@id":"https:\/\/pb.edu.pl\/sjo\/#\/schema\/person\/image\/","url":"https:\/\/secure.gravatar.com\/avatar\/b079e0c5e74a35af6702f29f5e99338624c39350b042f2113394fabd79b1bbce?s=96&d=mm&r=g","contentUrl":"https:\/\/secure.gravatar.com\/avatar\/b079e0c5e74a35af6702f29f5e99338624c39350b042f2113394fabd79b1bbce?s=96&d=mm&r=g","caption":"kkch"},"url":"https:\/\/pb.edu.pl\/sjo\/author\/kkch\/"}]}},"_links":{"self":[{"href":"https:\/\/pb.edu.pl\/sjo\/wp-json\/wp\/v2\/posts\/22403","targetHints":{"allow":["GET"]}}],"collection":[{"href":"https:\/\/pb.edu.pl\/sjo\/wp-json\/wp\/v2\/posts"}],"about":[{"href":"https:\/\/pb.edu.pl\/sjo\/wp-json\/wp\/v2\/types\/post"}],"author":[{"embeddable":true,"href":"https:\/\/pb.edu.pl\/sjo\/wp-json\/wp\/v2\/users\/38"}],"replies":[{"embeddable":true,"href":"https:\/\/pb.edu.pl\/sjo\/wp-json\/wp\/v2\/comments?post=22403"}],"version-history":[{"count":0,"href":"https:\/\/pb.edu.pl\/sjo\/wp-json\/wp\/v2\/posts\/22403\/revisions"}],"wp:featuredmedia":[{"embeddable":true,"href":"https:\/\/pb.edu.pl\/sjo\/wp-json\/wp\/v2\/media\/22404"}],"wp:attachment":[{"href":"https:\/\/pb.edu.pl\/sjo\/wp-json\/wp\/v2\/media?parent=22403"}],"wp:term":[{"taxonomy":"category","embeddable":true,"href":"https:\/\/pb.edu.pl\/sjo\/wp-json\/wp\/v2\/categories?post=22403"},{"taxonomy":"post_tag","embeddable":true,"href":"https:\/\/pb.edu.pl\/sjo\/wp-json\/wp\/v2\/tags?post=22403"}],"curies":[{"name":"wp","href":"https:\/\/api.w.org\/{rel}","templated":true}]}}