{"id":809,"date":"2021-11-03T14:27:11","date_gmt":"2021-11-03T13:27:11","guid":{"rendered":"https:\/\/pb.edu.pl\/rpkbialystok\/?p=809"},"modified":"2021-11-03T14:27:11","modified_gmt":"2021-11-03T13:27:11","slug":"turcja-i-republika-moldawii-przystepuja-do-programu-horyzont-europa","status":"publish","type":"post","link":"https:\/\/pb.edu.pl\/rpkbialystok\/2021\/11\/03\/turcja-i-republika-moldawii-przystepuja-do-programu-horyzont-europa\/","title":{"rendered":"Turcja i Republika Mo\u0142dawii przyst\u0119puj\u0105 do programu Horyzont Europa"},"content":{"rendered":"<h2><img loading=\"lazy\" decoding=\"async\" class=\"aligncenter size-full wp-image-686\" src=\"https:\/\/pb.edu.pl\/rpkbialystok\/wp-content\/uploads\/sites\/59\/2021\/07\/Konkursy-w-HE.png\" alt=\"\" width=\"850\" height=\"570\" srcset=\"https:\/\/pb.edu.pl\/rpkbialystok\/wp-content\/uploads\/sites\/59\/2021\/07\/Konkursy-w-HE.png 850w, https:\/\/pb.edu.pl\/rpkbialystok\/wp-content\/uploads\/sites\/59\/2021\/07\/Konkursy-w-HE-300x201.png 300w, https:\/\/pb.edu.pl\/rpkbialystok\/wp-content\/uploads\/sites\/59\/2021\/07\/Konkursy-w-HE-768x515.png 768w\" sizes=\"auto, (max-width: 850px) 100vw, 850px\" \/><\/h2>\n<h2>W ostatnich dniach pa\u017adziernika 2021 r. Komisja Europejska podpisa\u0142a z Turcj\u0105 i Republik\u0105 Mo\u0142dawii umowy przyznaj\u0105ce im status kraj\u00f3w stowarzyszonych z programem badawczo-innowacyjnym Horyzont Europa na lata 2021-2027.<\/h2>\n<p>Opr\u00f3cz umowy dotycz\u0105cej programu Horyzont Europa, Komisja podpisa\u0142a z Turcj\u0105 jeszcze umowy stowarzyszeniowe do unijnego programu na rzecz kszta\u0142cenia, szkole\u0144, m\u0142odzie\u017cy i sportu Erasmus+ oraz Europejskiego Korpusu Solidarno\u015bci. Tureccy naukowcy, innowatorzy, studenci, uczniowie, sta\u017cy\u015bci, nauczyciele, m\u0142odzi ludzie mog\u0105 teraz uczestniczy\u0107 w tych programach na takich samych warunkach jak uczestnicy z pa\u0144stw cz\u0142onkowskich UE.<\/p>\n<p>Turcja uczestniczy w unijnych programach badawczych i innowacyjnych od 2003 roku. W 2004 roku Turcja uruchomi\u0142a TARAL \u2013 Tureck\u0105 Przestrze\u0144 Badawcz\u0105 \u2013 wzorowan\u0105 na Europejskiej Przestrzeni Badawczej (ERA). Przyczyni\u0142o si\u0119 to w szczeg\u00f3lno\u015bci do post\u0119p\u00f3w w zakresie priorytet\u00f3w ERA zwi\u0105zanych z e-infrastruktur\u0105, otwartymi danymi i uwzgl\u0119dnianiem problematyki p\u0142ci w badaniach. W 2019 r. Turcja uruchomi\u0142a szereg \u015brodk\u00f3w, kt\u00f3re doprowadzi\u0142y do \u200b\u200bustanowienia planu dzia\u0142ania na rzecz zwi\u0119kszenia krajowych zdolno\u015bci badawczych i innowacyjnych oraz \u015bci\u015blejszego dostosowania do Europejskiej Przestrzeni Badawczej. Doprowadzi\u0142o to do zwi\u0119kszonego udzia\u0142u w programie Horyzont 2020, zw\u0142aszcza w Europejskiej Radzie ds. Bada\u0144 Naukowych (ERC), Dzia\u0142aniach Marii Sk\u0142odowskiej-Curie (MSCA), badaniach w obszarze energii, a ostatnio w konkursach dotycz\u0105cych Covid-19 i Zielonego \u0141adu. W ramach Horyzontu 2020 tureccy uczestnicy otrzymali prawie 277 mln euro dofinansowania. [<a title=\"Strona otworzy si\u0119 w nowym oknie.\" href=\"https:\/\/ec.europa.eu\/info\/news\/turkey-joins-horizon-europe-erasmus-and-solidarity-corps-programmes-2021-oct-27_en\" target=\"_blank\" rel=\"noopener noreferrer\">Wi\u0119cej na ten temat<\/a>].<\/p>\n<p>Republika Mo\u0142dawii jest stowarzyszona z programami ramowymi UE od 2012 r. Mo\u0142dawia by\u0142a pierwszym krajem Partnerstwa Wschodniego, kt\u00f3ry w lipcu 2014 r. przyst\u0105pi\u0142 do unijnego programu ramowego w zakresie bada\u0144 i innowacji Horyzont 2020. Najwi\u0119kszy udzia\u0142 Mo\u0142dawii w programie Horyzont 2020 przypada na obszar Dzia\u0142ania Marii Sk\u0142odowskiej-Curie, infrastruktury badawcze, zdrowie, \u017cywno\u015b\u0107, \u015brodowisko, spo\u0142ecze\u0144stwa, wyzwania spo\u0142eczne i bezpieczne spo\u0142ecze\u0144stwa. Mo\u0142dawscy uczestnicy otrzymali z H2020 7,4 mln euro dofinansowania. [<a title=\"Strona otworzy si\u0119 w nowym oknie.\" href=\"https:\/\/ec.europa.eu\/info\/news\/republic-moldova-joins-horizon-europe-research-and-innovation-programme-2021-oct-28_en\" target=\"_blank\" rel=\"noopener noreferrer\">Wi\u0119cej na ten temat<\/a>].<\/p>\n","protected":false},"excerpt":{"rendered":"<p>W ostatnich dniach pa\u017adziernika 2021 r. Komisja Europejska podpisa\u0142a z Turcj\u0105 i Republik\u0105 Mo\u0142dawii umowy<\/p>\n","protected":false},"author":33,"featured_media":686,"comment_status":"open","ping_status":"open","sticky":false,"template":"","format":"standard","meta":{"_acf_changed":false,"ngg_post_thumbnail":0,"footnotes":""},"categories":[1],"tags":[],"class_list":["post-809","post","type-post","status-publish","format-standard","has-post-thumbnail","hentry","category-home"],"acf":[],"_links":{"self":[{"href":"https:\/\/pb.edu.pl\/rpkbialystok\/wp-json\/wp\/v2\/posts\/809","targetHints":{"allow":["GET"]}}],"collection":[{"href":"https:\/\/pb.edu.pl\/rpkbialystok\/wp-json\/wp\/v2\/posts"}],"about":[{"href":"https:\/\/pb.edu.pl\/rpkbialystok\/wp-json\/wp\/v2\/types\/post"}],"author":[{"embeddable":true,"href":"https:\/\/pb.edu.pl\/rpkbialystok\/wp-json\/wp\/v2\/users\/33"}],"replies":[{"embeddable":true,"href":"https:\/\/pb.edu.pl\/rpkbialystok\/wp-json\/wp\/v2\/comments?post=809"}],"version-history":[{"count":0,"href":"https:\/\/pb.edu.pl\/rpkbialystok\/wp-json\/wp\/v2\/posts\/809\/revisions"}],"wp:featuredmedia":[{"embeddable":true,"href":"https:\/\/pb.edu.pl\/rpkbialystok\/wp-json\/wp\/v2\/media\/686"}],"wp:attachment":[{"href":"https:\/\/pb.edu.pl\/rpkbialystok\/wp-json\/wp\/v2\/media?parent=809"}],"wp:term":[{"taxonomy":"category","embeddable":true,"href":"https:\/\/pb.edu.pl\/rpkbialystok\/wp-json\/wp\/v2\/categories?post=809"},{"taxonomy":"post_tag","embeddable":true,"href":"https:\/\/pb.edu.pl\/rpkbialystok\/wp-json\/wp\/v2\/tags?post=809"}],"curies":[{"name":"wp","href":"https:\/\/api.w.org\/{rel}","templated":true}]}}