{"id":1300,"date":"2025-06-03T10:46:19","date_gmt":"2025-06-03T08:46:19","guid":{"rendered":"https:\/\/pb.edu.pl\/pbbud\/?p=1300"},"modified":"2025-06-03T11:02:15","modified_gmt":"2025-06-03T09:02:15","slug":"7-czerwca-2025-roku-uroczyste-zakonczenie-2","status":"publish","type":"post","link":"https:\/\/pb.edu.pl\/pbbud\/2025\/06\/03\/7-czerwca-2025-roku-uroczyste-zakonczenie-2\/","title":{"rendered":"7 czerwca 2025 roku \u2013 uroczyste zako\u0144czenie"},"content":{"rendered":"<p>Informujemy, \u017ce <strong>7 czerwca 2025 roku (sobota)<\/strong> odb\u0119dzie si\u0119 uroczyste zako\u0144czenie roku akademickiego w ramach projektu \u201ePolitechnika Bia\u0142ostocka \u2013 Bia\u0142ostocki Uniwersytet Dzieci\u0119cy\u201d.<\/p>\n<p>Rozpocz\u0119cie uroczysto\u015bci <strong>o godzinie 10:00. <\/strong><\/p>\n<p><strong>Rejestracja dzieci odbywa\u0107 si\u0119 b\u0119dzie w godzinach: 9:30-9:45.<\/strong><\/p>\n<p>Zaj\u0119cia odb\u0119d\u0105 si\u0119 w Auli Du\u017cej na Wydziale Elektrycznym Politechniki Bia\u0142ostockiej<br \/>\n(ul. Wiejska 45 D; 15-351 Bia\u0142ystok).<\/p>\n<p><img loading=\"lazy\" decoding=\"async\" class=\"alignnone wp-image-713 size-full\" src=\"https:\/\/pb.edu.pl\/pbbud\/wp-content\/uploads\/sites\/27\/2021\/08\/MAPKA-WE.jpg\" alt=\"mapa miasteczka akademickiego Politechniki Bia\u0142ostockiej, wskazanie miejsca spotkania\" width=\"800\" height=\"515\" srcset=\"https:\/\/pb.edu.pl\/pbbud\/wp-content\/uploads\/sites\/27\/2021\/08\/MAPKA-WE.jpg 800w, https:\/\/pb.edu.pl\/pbbud\/wp-content\/uploads\/sites\/27\/2021\/08\/MAPKA-WE-300x193.jpg 300w, https:\/\/pb.edu.pl\/pbbud\/wp-content\/uploads\/sites\/27\/2021\/08\/MAPKA-WE-768x494.jpg 768w\" sizes=\"auto, (max-width: 800px) 100vw, 800px\" \/><\/p>\n<p>W spotkaniu b\u0119d\u0105 r\u00f3wnie\u017c mogli wzi\u0105\u0107 udzia\u0142 rodzice i opiekunowie dzieci.<\/p>\n<p><strong>Prosimy o \u015bledzenie bie\u017c\u0105cych informacji.<\/strong><\/p>\n","protected":false},"excerpt":{"rendered":"<p>Informujemy, \u017ce 7 czerwca 2025 roku (sobota) odb\u0119dzie si\u0119 uroczyste zako\u0144czenie roku akademickiego w ramach<\/p>\n","protected":false},"author":129,"featured_media":1304,"comment_status":"open","ping_status":"open","sticky":false,"template":"","format":"standard","meta":{"_acf_changed":false,"ngg_post_thumbnail":0,"footnotes":""},"categories":[1],"tags":[],"class_list":["post-1300","post","type-post","status-publish","format-standard","has-post-thumbnail","hentry","category-home"],"acf":[],"_links":{"self":[{"href":"https:\/\/pb.edu.pl\/pbbud\/wp-json\/wp\/v2\/posts\/1300","targetHints":{"allow":["GET"]}}],"collection":[{"href":"https:\/\/pb.edu.pl\/pbbud\/wp-json\/wp\/v2\/posts"}],"about":[{"href":"https:\/\/pb.edu.pl\/pbbud\/wp-json\/wp\/v2\/types\/post"}],"author":[{"embeddable":true,"href":"https:\/\/pb.edu.pl\/pbbud\/wp-json\/wp\/v2\/users\/129"}],"replies":[{"embeddable":true,"href":"https:\/\/pb.edu.pl\/pbbud\/wp-json\/wp\/v2\/comments?post=1300"}],"version-history":[{"count":0,"href":"https:\/\/pb.edu.pl\/pbbud\/wp-json\/wp\/v2\/posts\/1300\/revisions"}],"wp:featuredmedia":[{"embeddable":true,"href":"https:\/\/pb.edu.pl\/pbbud\/wp-json\/wp\/v2\/media\/1304"}],"wp:attachment":[{"href":"https:\/\/pb.edu.pl\/pbbud\/wp-json\/wp\/v2\/media?parent=1300"}],"wp:term":[{"taxonomy":"category","embeddable":true,"href":"https:\/\/pb.edu.pl\/pbbud\/wp-json\/wp\/v2\/categories?post=1300"},{"taxonomy":"post_tag","embeddable":true,"href":"https:\/\/pb.edu.pl\/pbbud\/wp-json\/wp\/v2\/tags?post=1300"}],"curies":[{"name":"wp","href":"https:\/\/api.w.org\/{rel}","templated":true}]}}