{"id":455,"date":"2024-11-27T10:36:48","date_gmt":"2024-11-27T09:36:48","guid":{"rendered":"https:\/\/pb.edu.pl\/owi\/?p=455"},"modified":"2024-11-27T10:37:28","modified_gmt":"2024-11-27T09:37:28","slug":"dyzur-stacjonarny-rzecznika-patentowego-pb-w-grudniu","status":"publish","type":"post","link":"https:\/\/pb.edu.pl\/owi\/2024\/11\/27\/dyzur-stacjonarny-rzecznika-patentowego-pb-w-grudniu\/","title":{"rendered":"Dy\u017cur stacjonarny rzecznika patentowego PB w grudniu"},"content":{"rendered":"<p>Szanowni Pa\u0144stwo,<\/p>\n<p>dy\u017cur Rzecznika Patentowego PB, dr Magdaleny Rutkowskiej-Sowy, odbywa si\u0119 w <strong>ka\u017cdy poniedzia\u0142ek w godzinach 9:00 \u2013 13:00 <\/strong>w siedzibie O\u015brodka W\u0142asno\u015bci Intelektualnej (Budynek Rektoratu, p. B2).<\/p>\n<p>&nbsp;<\/p>\n<p>&nbsp;<\/p>\n<p>&nbsp;<\/p>\n<p>&nbsp;<\/p>\n","protected":false},"excerpt":{"rendered":"<p>Szanowni Pa\u0144stwo, dy\u017cur Rzecznika Patentowego PB, dr Magdaleny Rutkowskiej-Sowy, odbywa si\u0119 w ka\u017cdy poniedzia\u0142ek w<\/p>\n","protected":false},"author":176,"featured_media":0,"comment_status":"open","ping_status":"open","sticky":false,"template":"","format":"standard","meta":{"_acf_changed":false,"ngg_post_thumbnail":0,"footnotes":""},"categories":[1,4],"tags":[],"class_list":["post-455","post","type-post","status-publish","format-standard","hentry","category-bez-kategorii","category-owi"],"acf":[],"_links":{"self":[{"href":"https:\/\/pb.edu.pl\/owi\/wp-json\/wp\/v2\/posts\/455","targetHints":{"allow":["GET"]}}],"collection":[{"href":"https:\/\/pb.edu.pl\/owi\/wp-json\/wp\/v2\/posts"}],"about":[{"href":"https:\/\/pb.edu.pl\/owi\/wp-json\/wp\/v2\/types\/post"}],"author":[{"embeddable":true,"href":"https:\/\/pb.edu.pl\/owi\/wp-json\/wp\/v2\/users\/176"}],"replies":[{"embeddable":true,"href":"https:\/\/pb.edu.pl\/owi\/wp-json\/wp\/v2\/comments?post=455"}],"version-history":[{"count":0,"href":"https:\/\/pb.edu.pl\/owi\/wp-json\/wp\/v2\/posts\/455\/revisions"}],"wp:attachment":[{"href":"https:\/\/pb.edu.pl\/owi\/wp-json\/wp\/v2\/media?parent=455"}],"wp:term":[{"taxonomy":"category","embeddable":true,"href":"https:\/\/pb.edu.pl\/owi\/wp-json\/wp\/v2\/categories?post=455"},{"taxonomy":"post_tag","embeddable":true,"href":"https:\/\/pb.edu.pl\/owi\/wp-json\/wp\/v2\/tags?post=455"}],"curies":[{"name":"wp","href":"https:\/\/api.w.org\/{rel}","templated":true}]}}