{"id":208,"date":"2019-01-03T09:06:26","date_gmt":"2019-01-03T08:06:26","guid":{"rendered":"https:\/\/pb.edu.pl\/owi\/?p=208"},"modified":"2019-01-03T11:16:08","modified_gmt":"2019-01-03T10:16:08","slug":"ix-edycja-ogolnopolskiego-konkursu-student-wynalazca","status":"publish","type":"post","link":"https:\/\/pb.edu.pl\/owi\/2019\/01\/03\/ix-edycja-ogolnopolskiego-konkursu-student-wynalazca\/","title":{"rendered":"IX edycja Og\u00f3lnopolskiego Konkursu Student-Wynalazca"},"content":{"rendered":"<p style=\"text-align: justify\">Konkurs jest adresowany do student\u00f3w, doktorant\u00f3w i absolwent\u00f3w, kt\u00f3rzy w trakcie studi\u00f3w zostali tw\u00f3rcami lub wsp\u00f3\u0142tw\u00f3rcami wynalazku, wzoru u\u017cytkowego lub przemys\u0142owego chronionego prawem wy\u0142\u0105cznym lub zg\u0142oszonego do ochrony w Urz\u0119dzie Patentowym Rzeczypospolitej Polskiej lub odpowiednim urz\u0119dzie ds. w\u0142asno\u015bci przemys\u0142owej za granic\u0105. Do konkursu mog\u0105 by\u0107 r\u00f3wnie\u017c zg\u0142oszone wynalazki i wzory u\u017cytkowe, kt\u00f3re powsta\u0142y w ramach wsp\u00f3\u0142pracy mi\u0119dzynarodowej, kt\u00f3rych wsp\u00f3\u0142tw\u00f3rcami s\u0105 studenci uczelni zagranicznych.<\/p>\n<p style=\"text-align: justify\">&nbsp;<\/p>\n<p style=\"text-align: justify\">Pi\u0119ciu laureat\u00f3w nagr\u00f3d g\u0142\u00f3wnych we\u017amie udzia\u0142 w 47. Mi\u0119dzynarodowej Wystawie Wynalazk\u00f3w w Genewie w dniach 10 &#8211; 14 kwietnia 2019 r. Organizator sfinansuje koszty stoiska wystawienniczego oraz podr\u00f3\u017cy i pobytu laureat\u00f3w&nbsp; w Genewie. W dotychczasowych o\u015bmiu edycjach konkursu, laureaci Konkursu Student-Wynalazca zdobyli na tej presti\u017cowej wystawie: 16 z\u0142otych, 14 srebrnych i 5 br\u0105zowych medali oraz liczne nagrody specjalne. Ponadto, laureaci Konkursu zaprezentuj\u0105 swoje rozwi\u0105zania podczas Mi\u0119dzynarodowej Warszawskiej Wystawy Wynalazk\u00f3w IWIS 2019.<\/p>\n<p>&nbsp;<\/p>\n<p>Nab\u00f3r zg\u0142osze\u0144 do Konkursu trwa<b> do 25 stycznia 2019 r.<\/b><\/p>\n<p>&nbsp;<\/p>\n<p style=\"text-align: justify\">Aby dokona\u0107 zg\u0142oszenia konkursowego, nale\u017cy zapozna\u0107 si\u0119 z <a title=\"\" href=\"https:\/\/pb.edu.pl\/owi\/wp-content\/uploads\/sites\/12\/2019\/01\/sw-regulamin.pdf\">regulaminem<\/a> oraz wype\u0142ni\u0107 <a title=\"\" href=\"https:\/\/pb.edu.pl\/owi\/wp-content\/uploads\/sites\/12\/2019\/01\/sw-oswiadczenie.docx\">o\u015bwiadczenie<\/a> i <a href=\"https:\/\/pb.edu.pl\/owi\/wp-content\/uploads\/sites\/12\/2019\/01\/sw-formularz_2018_2019.docx\">formularz zg\u0142oszeniowy<\/a>, a nast\u0119pnie przes\u0142a\u0107 je na adres: <strong><a href=\"mailto:kkot@tu.kielce.pl\">kkot@tu.kielce.pl<\/a><\/strong><\/p>\n<p>&nbsp;<\/p>\n<p>Dodatkowe informacje na temat Konkursu mo\u017cna uzyska\u0107 w Centrum Ochrony W\u0142asno\u015bci Intelektualnej Politechniki \u015awi\u0119tokrzyskiej:<\/p>\n<ul>\n<li>Paula Janus, <a href=\"mailto:pjanus@tu.kielce.pl\">pjanus@tu.kielce.pl<\/a>, tel. 41 34 24 358<\/li>\n<li>Kamil Kot, <a href=\"mailto:kkot@tu.kielce.pl\">kkot@tu.kielce.pl<\/a>, tel. 41 34 24&nbsp;387<\/li>\n<\/ul>\n<p>&nbsp;<\/p>\n","protected":false},"excerpt":{"rendered":"<p>Konkurs jest adresowany do student\u00f3w, doktorant\u00f3w i absolwent\u00f3w, kt\u00f3rzy w trakcie studi\u00f3w zostali tw\u00f3rcami lub<\/p>\n","protected":false},"author":36,"featured_media":0,"comment_status":"open","ping_status":"open","sticky":false,"template":"","format":"standard","meta":{"_acf_changed":false,"ngg_post_thumbnail":0,"footnotes":""},"categories":[4],"tags":[],"class_list":["post-208","post","type-post","status-publish","format-standard","hentry","category-owi"],"acf":[],"_links":{"self":[{"href":"https:\/\/pb.edu.pl\/owi\/wp-json\/wp\/v2\/posts\/208","targetHints":{"allow":["GET"]}}],"collection":[{"href":"https:\/\/pb.edu.pl\/owi\/wp-json\/wp\/v2\/posts"}],"about":[{"href":"https:\/\/pb.edu.pl\/owi\/wp-json\/wp\/v2\/types\/post"}],"author":[{"embeddable":true,"href":"https:\/\/pb.edu.pl\/owi\/wp-json\/wp\/v2\/users\/36"}],"replies":[{"embeddable":true,"href":"https:\/\/pb.edu.pl\/owi\/wp-json\/wp\/v2\/comments?post=208"}],"version-history":[{"count":0,"href":"https:\/\/pb.edu.pl\/owi\/wp-json\/wp\/v2\/posts\/208\/revisions"}],"wp:attachment":[{"href":"https:\/\/pb.edu.pl\/owi\/wp-json\/wp\/v2\/media?parent=208"}],"wp:term":[{"taxonomy":"category","embeddable":true,"href":"https:\/\/pb.edu.pl\/owi\/wp-json\/wp\/v2\/categories?post=208"},{"taxonomy":"post_tag","embeddable":true,"href":"https:\/\/pb.edu.pl\/owi\/wp-json\/wp\/v2\/tags?post=208"}],"curies":[{"name":"wp","href":"https:\/\/api.w.org\/{rel}","templated":true}]}}