{"id":21155,"date":"2026-04-25T08:24:02","date_gmt":"2026-04-25T06:24:02","guid":{"rendered":"https:\/\/pb.edu.pl\/liceum-ogolnoksztalcace\/?p=21155"},"modified":"2026-04-25T08:24:02","modified_gmt":"2026-04-25T06:24:02","slug":"pamiatkowe-fotografie-z-absolwentami-i-rodzicami","status":"publish","type":"post","link":"https:\/\/pb.edu.pl\/liceum-ogolnoksztalcace\/2026\/04\/25\/pamiatkowe-fotografie-z-absolwentami-i-rodzicami\/","title":{"rendered":"Pami\u0105tkowe fotografie z Absolwentami i Rodzicami"},"content":{"rendered":"<div class=\"h3\" data-start=\"0\" data-end=\"323\">Po zako\u0144czeniu oficjalnej cz\u0119\u015bci uroczysto\u015bci zako\u0144czenia lat nauki w klasach czwartych, maturzy\u015bci wraz z rodzicami udali si\u0119 na patio, gdzie odby\u0142a si\u0119 dalsza, bardziej kameralna cz\u0119\u015b\u0107 spotkania.<\/div>\n<p data-start=\"0\" data-end=\"323\">Tam absolwenci odebrali pami\u0105tkowe dyplomy, podzi\u0119kowania oraz upominki za wsp\u00f3lnie sp\u0119dzone lata nauki, zaanga\u017cowanie i osi\u0105gni\u0119cia.<\/p>\n<p data-start=\"325\" data-end=\"631\" data-is-last-node=\"\" data-is-only-node=\"\">Szczeg\u00f3lne s\u0142owa wdzi\u0119czno\u015bci skierowano r\u00f3wnie\u017c do rodzic\u00f3w, kt\u00f3rym podzi\u0119kowano za wieloletni\u0105 wsp\u00f3\u0142prac\u0119 ze szko\u0142\u0105, wsparcie oraz zaanga\u017cowanie w \u017cycie spo\u0142eczno\u015bci szkolnej. By\u0142 to moment pe\u0142en wzrusze\u0144, u\u015bmiech\u00f3w oraz serdecznych gratulacji, kt\u00f3ry na d\u0142ugo pozostanie w pami\u0119ci uczni\u00f3w i ich bliskich.<\/p>\n<p data-start=\"325\" data-end=\"631\" data-is-last-node=\"\" data-is-only-node=\"\">Za opraw\u0119 fotograficzn\u0105 odpowiada\u0142 Franciszek \u0141ajewski z klasy 3B &#8211; dzi\u0119kujemy za po\u015bwi\u0119cony czas i zaanga\u017cowanie.&nbsp;<\/p>\n<p data-start=\"325\" data-end=\"631\" data-is-last-node=\"\" data-is-only-node=\"\"><em>pb<\/em><\/p>\n<p data-start=\"325\" data-end=\"631\" data-is-last-node=\"\" data-is-only-node=\"\">&nbsp;<\/p>\nngg_shortcode_0_placeholder\n","protected":false},"excerpt":{"rendered":"<p>Po zako\u0144czeniu oficjalnej cz\u0119\u015bci uroczysto\u015bci zako\u0144czenia lat nauki w klasach czwartych, maturzy\u015bci wraz z rodzicami<\/p>\n","protected":false},"author":98,"featured_media":21156,"comment_status":"closed","ping_status":"closed","sticky":false,"template":"","format":"standard","meta":{"_acf_changed":false,"ngg_post_thumbnail":0,"footnotes":""},"categories":[4],"tags":[591,257,308,1679,1675],"class_list":["post-21155","post","type-post","status-publish","format-standard","has-post-thumbnail","hentry","category-liceum","tag-fotografia","tag-matura","tag-maturzysci","tag-pamiatka","tag-zakonczenie-klas-4"],"acf":[],"yoast_head":"<!-- This site is optimized with the Yoast SEO plugin v27.0 - https:\/\/yoast.com\/product\/yoast-seo-wordpress\/ -->\n<title>Aktualno\u015bci ALO PB - Pami\u0105tkowe fotografie z Absolwentami i Rodzicami<\/title>\n<meta name=\"description\" content=\"Po zako\u0144czeniu oficjalnej cz\u0119\u015bci uroczysto\u015bci zako\u0144czenia lat nauki w klasach czwartych, maturzy\u015bci wraz z rodzicami udali si\u0119 na patio, gdzie odby\u0142a si\u0119 dalsza, bardziej kameralna cz\u0119\u015b\u0107 spotkania.\" \/>\n<meta name=\"robots\" content=\"index, follow, max-snippet:-1, max-image-preview:large, max-video-preview:-1\" \/>\n<link rel=\"canonical\" href=\"https:\/\/pb.edu.pl\/liceum-ogolnoksztalcace\/2026\/04\/25\/pamiatkowe-fotografie-z-absolwentami-i-rodzicami\/\" \/>\n<meta name=\"twitter:label1\" content=\"Napisane przez\" \/>\n\t<meta name=\"twitter:data1\" content=\"pdzitkowska\" \/>\n\t<meta name=\"twitter:label2\" content=\"Szacowany czas czytania\" \/>\n\t<meta name=\"twitter:data2\" content=\"1 minuta\" \/>\n<script type=\"application\/ld+json\" class=\"yoast-schema-graph\">{\"@context\":\"https:\/\/schema.org\",\"@graph\":[{\"@type\":\"Article\",\"@id\":\"https:\/\/pb.edu.pl\/liceum-ogolnoksztalcace\/2026\/04\/25\/pamiatkowe-fotografie-z-absolwentami-i-rodzicami\/#article\",\"isPartOf\":{\"@id\":\"https:\/\/pb.edu.pl\/liceum-ogolnoksztalcace\/2026\/04\/25\/pamiatkowe-fotografie-z-absolwentami-i-rodzicami\/\"},\"author\":{\"name\":\"pdzitkowska\",\"@id\":\"https:\/\/pb.edu.pl\/liceum-ogolnoksztalcace\/#\/schema\/person\/a0b458d003475c0974cc9dd7799f7158\"},\"headline\":\"Pami\u0105tkowe fotografie z Absolwentami i Rodzicami\",\"datePublished\":\"2026-04-25T06:24:02+00:00\",\"mainEntityOfPage\":{\"@id\":\"https:\/\/pb.edu.pl\/liceum-ogolnoksztalcace\/2026\/04\/25\/pamiatkowe-fotografie-z-absolwentami-i-rodzicami\/\"},\"wordCount\":152,\"image\":{\"@id\":\"https:\/\/pb.edu.pl\/liceum-ogolnoksztalcace\/2026\/04\/25\/pamiatkowe-fotografie-z-absolwentami-i-rodzicami\/#primaryimage\"},\"thumbnailUrl\":\"https:\/\/pb.edu.pl\/liceum-ogolnoksztalcace\/wp-content\/uploads\/sites\/10\/2026\/04\/Maturzysci2026-2-1.jpg\",\"keywords\":[\"fotografia\",\"matura\",\"maturzy\u015bci\",\"pami\u0105tka\",\"zako\u0144czenie klas 4\"],\"articleSection\":[\"Liceum\"],\"inLanguage\":\"pl-PL\"},{\"@type\":\"WebPage\",\"@id\":\"https:\/\/pb.edu.pl\/liceum-ogolnoksztalcace\/2026\/04\/25\/pamiatkowe-fotografie-z-absolwentami-i-rodzicami\/\",\"url\":\"https:\/\/pb.edu.pl\/liceum-ogolnoksztalcace\/2026\/04\/25\/pamiatkowe-fotografie-z-absolwentami-i-rodzicami\/\",\"name\":\"Aktualno\u015bci ALO PB - Pami\u0105tkowe fotografie z Absolwentami i Rodzicami\",\"isPartOf\":{\"@id\":\"https:\/\/pb.edu.pl\/liceum-ogolnoksztalcace\/#website\"},\"primaryImageOfPage\":{\"@id\":\"https:\/\/pb.edu.pl\/liceum-ogolnoksztalcace\/2026\/04\/25\/pamiatkowe-fotografie-z-absolwentami-i-rodzicami\/#primaryimage\"},\"image\":{\"@id\":\"https:\/\/pb.edu.pl\/liceum-ogolnoksztalcace\/2026\/04\/25\/pamiatkowe-fotografie-z-absolwentami-i-rodzicami\/#primaryimage\"},\"thumbnailUrl\":\"https:\/\/pb.edu.pl\/liceum-ogolnoksztalcace\/wp-content\/uploads\/sites\/10\/2026\/04\/Maturzysci2026-2-1.jpg\",\"datePublished\":\"2026-04-25T06:24:02+00:00\",\"author\":{\"@id\":\"https:\/\/pb.edu.pl\/liceum-ogolnoksztalcace\/#\/schema\/person\/a0b458d003475c0974cc9dd7799f7158\"},\"description\":\"Po zako\u0144czeniu oficjalnej cz\u0119\u015bci uroczysto\u015bci zako\u0144czenia lat nauki w klasach czwartych, maturzy\u015bci wraz z rodzicami udali si\u0119 na patio, gdzie odby\u0142a si\u0119 dalsza, bardziej kameralna cz\u0119\u015b\u0107 spotkania.\",\"breadcrumb\":{\"@id\":\"https:\/\/pb.edu.pl\/liceum-ogolnoksztalcace\/2026\/04\/25\/pamiatkowe-fotografie-z-absolwentami-i-rodzicami\/#breadcrumb\"},\"inLanguage\":\"pl-PL\",\"potentialAction\":[{\"@type\":\"ReadAction\",\"target\":[\"https:\/\/pb.edu.pl\/liceum-ogolnoksztalcace\/2026\/04\/25\/pamiatkowe-fotografie-z-absolwentami-i-rodzicami\/\"]}]},{\"@type\":\"ImageObject\",\"inLanguage\":\"pl-PL\",\"@id\":\"https:\/\/pb.edu.pl\/liceum-ogolnoksztalcace\/2026\/04\/25\/pamiatkowe-fotografie-z-absolwentami-i-rodzicami\/#primaryimage\",\"url\":\"https:\/\/pb.edu.pl\/liceum-ogolnoksztalcace\/wp-content\/uploads\/sites\/10\/2026\/04\/Maturzysci2026-2-1.jpg\",\"contentUrl\":\"https:\/\/pb.edu.pl\/liceum-ogolnoksztalcace\/wp-content\/uploads\/sites\/10\/2026\/04\/Maturzysci2026-2-1.jpg\",\"width\":2048,\"height\":1365,\"caption\":\"pami\u0105tka\"},{\"@type\":\"BreadcrumbList\",\"@id\":\"https:\/\/pb.edu.pl\/liceum-ogolnoksztalcace\/2026\/04\/25\/pamiatkowe-fotografie-z-absolwentami-i-rodzicami\/#breadcrumb\",\"itemListElement\":[{\"@type\":\"ListItem\",\"position\":1,\"name\":\"Home\",\"item\":\"https:\/\/pb.edu.pl\/liceum-ogolnoksztalcace\/\"},{\"@type\":\"ListItem\",\"position\":2,\"name\":\"Pami\u0105tkowe fotografie z Absolwentami i Rodzicami\"}]},{\"@type\":\"WebSite\",\"@id\":\"https:\/\/pb.edu.pl\/liceum-ogolnoksztalcace\/#website\",\"url\":\"https:\/\/pb.edu.pl\/liceum-ogolnoksztalcace\/\",\"name\":\"Akademickie Liceum Og\u00f3lnokszta\u0142c\u0105ce Politechniki Bia\u0142ostockiej\",\"description\":\"\",\"potentialAction\":[{\"@type\":\"SearchAction\",\"target\":{\"@type\":\"EntryPoint\",\"urlTemplate\":\"https:\/\/pb.edu.pl\/liceum-ogolnoksztalcace\/?s={search_term_string}\"},\"query-input\":{\"@type\":\"PropertyValueSpecification\",\"valueRequired\":true,\"valueName\":\"search_term_string\"}}],\"inLanguage\":\"pl-PL\"},{\"@type\":\"Person\",\"@id\":\"https:\/\/pb.edu.pl\/liceum-ogolnoksztalcace\/#\/schema\/person\/a0b458d003475c0974cc9dd7799f7158\",\"name\":\"pdzitkowska\",\"image\":{\"@type\":\"ImageObject\",\"inLanguage\":\"pl-PL\",\"@id\":\"https:\/\/pb.edu.pl\/liceum-ogolnoksztalcace\/#\/schema\/person\/image\/\",\"url\":\"https:\/\/secure.gravatar.com\/avatar\/431064a970363eba072e4d23de250fdc73d40ece93f9c85e8a97c4c9b7baed0f?s=96&d=mm&r=g\",\"contentUrl\":\"https:\/\/secure.gravatar.com\/avatar\/431064a970363eba072e4d23de250fdc73d40ece93f9c85e8a97c4c9b7baed0f?s=96&d=mm&r=g\",\"caption\":\"pdzitkowska\"},\"url\":\"https:\/\/pb.edu.pl\/liceum-ogolnoksztalcace\/author\/pdzitkowska\/\"}]}<\/script>\n<!-- \/ Yoast SEO plugin. -->","yoast_head_json":{"title":"Aktualno\u015bci ALO PB - Pami\u0105tkowe fotografie z Absolwentami i Rodzicami","description":"Po zako\u0144czeniu oficjalnej cz\u0119\u015bci uroczysto\u015bci zako\u0144czenia lat nauki w klasach czwartych, maturzy\u015bci wraz z rodzicami udali si\u0119 na patio, gdzie odby\u0142a si\u0119 dalsza, bardziej kameralna cz\u0119\u015b\u0107 spotkania.","robots":{"index":"index","follow":"follow","max-snippet":"max-snippet:-1","max-image-preview":"max-image-preview:large","max-video-preview":"max-video-preview:-1"},"canonical":"https:\/\/pb.edu.pl\/liceum-ogolnoksztalcace\/2026\/04\/25\/pamiatkowe-fotografie-z-absolwentami-i-rodzicami\/","twitter_misc":{"Napisane przez":"pdzitkowska","Szacowany czas czytania":"1 minuta"},"schema":{"@context":"https:\/\/schema.org","@graph":[{"@type":"Article","@id":"https:\/\/pb.edu.pl\/liceum-ogolnoksztalcace\/2026\/04\/25\/pamiatkowe-fotografie-z-absolwentami-i-rodzicami\/#article","isPartOf":{"@id":"https:\/\/pb.edu.pl\/liceum-ogolnoksztalcace\/2026\/04\/25\/pamiatkowe-fotografie-z-absolwentami-i-rodzicami\/"},"author":{"name":"pdzitkowska","@id":"https:\/\/pb.edu.pl\/liceum-ogolnoksztalcace\/#\/schema\/person\/a0b458d003475c0974cc9dd7799f7158"},"headline":"Pami\u0105tkowe fotografie z Absolwentami i Rodzicami","datePublished":"2026-04-25T06:24:02+00:00","mainEntityOfPage":{"@id":"https:\/\/pb.edu.pl\/liceum-ogolnoksztalcace\/2026\/04\/25\/pamiatkowe-fotografie-z-absolwentami-i-rodzicami\/"},"wordCount":152,"image":{"@id":"https:\/\/pb.edu.pl\/liceum-ogolnoksztalcace\/2026\/04\/25\/pamiatkowe-fotografie-z-absolwentami-i-rodzicami\/#primaryimage"},"thumbnailUrl":"https:\/\/pb.edu.pl\/liceum-ogolnoksztalcace\/wp-content\/uploads\/sites\/10\/2026\/04\/Maturzysci2026-2-1.jpg","keywords":["fotografia","matura","maturzy\u015bci","pami\u0105tka","zako\u0144czenie klas 4"],"articleSection":["Liceum"],"inLanguage":"pl-PL"},{"@type":"WebPage","@id":"https:\/\/pb.edu.pl\/liceum-ogolnoksztalcace\/2026\/04\/25\/pamiatkowe-fotografie-z-absolwentami-i-rodzicami\/","url":"https:\/\/pb.edu.pl\/liceum-ogolnoksztalcace\/2026\/04\/25\/pamiatkowe-fotografie-z-absolwentami-i-rodzicami\/","name":"Aktualno\u015bci ALO PB - Pami\u0105tkowe fotografie z Absolwentami i Rodzicami","isPartOf":{"@id":"https:\/\/pb.edu.pl\/liceum-ogolnoksztalcace\/#website"},"primaryImageOfPage":{"@id":"https:\/\/pb.edu.pl\/liceum-ogolnoksztalcace\/2026\/04\/25\/pamiatkowe-fotografie-z-absolwentami-i-rodzicami\/#primaryimage"},"image":{"@id":"https:\/\/pb.edu.pl\/liceum-ogolnoksztalcace\/2026\/04\/25\/pamiatkowe-fotografie-z-absolwentami-i-rodzicami\/#primaryimage"},"thumbnailUrl":"https:\/\/pb.edu.pl\/liceum-ogolnoksztalcace\/wp-content\/uploads\/sites\/10\/2026\/04\/Maturzysci2026-2-1.jpg","datePublished":"2026-04-25T06:24:02+00:00","author":{"@id":"https:\/\/pb.edu.pl\/liceum-ogolnoksztalcace\/#\/schema\/person\/a0b458d003475c0974cc9dd7799f7158"},"description":"Po zako\u0144czeniu oficjalnej cz\u0119\u015bci uroczysto\u015bci zako\u0144czenia lat nauki w klasach czwartych, maturzy\u015bci wraz z rodzicami udali si\u0119 na patio, gdzie odby\u0142a si\u0119 dalsza, bardziej kameralna cz\u0119\u015b\u0107 spotkania.","breadcrumb":{"@id":"https:\/\/pb.edu.pl\/liceum-ogolnoksztalcace\/2026\/04\/25\/pamiatkowe-fotografie-z-absolwentami-i-rodzicami\/#breadcrumb"},"inLanguage":"pl-PL","potentialAction":[{"@type":"ReadAction","target":["https:\/\/pb.edu.pl\/liceum-ogolnoksztalcace\/2026\/04\/25\/pamiatkowe-fotografie-z-absolwentami-i-rodzicami\/"]}]},{"@type":"ImageObject","inLanguage":"pl-PL","@id":"https:\/\/pb.edu.pl\/liceum-ogolnoksztalcace\/2026\/04\/25\/pamiatkowe-fotografie-z-absolwentami-i-rodzicami\/#primaryimage","url":"https:\/\/pb.edu.pl\/liceum-ogolnoksztalcace\/wp-content\/uploads\/sites\/10\/2026\/04\/Maturzysci2026-2-1.jpg","contentUrl":"https:\/\/pb.edu.pl\/liceum-ogolnoksztalcace\/wp-content\/uploads\/sites\/10\/2026\/04\/Maturzysci2026-2-1.jpg","width":2048,"height":1365,"caption":"pami\u0105tka"},{"@type":"BreadcrumbList","@id":"https:\/\/pb.edu.pl\/liceum-ogolnoksztalcace\/2026\/04\/25\/pamiatkowe-fotografie-z-absolwentami-i-rodzicami\/#breadcrumb","itemListElement":[{"@type":"ListItem","position":1,"name":"Home","item":"https:\/\/pb.edu.pl\/liceum-ogolnoksztalcace\/"},{"@type":"ListItem","position":2,"name":"Pami\u0105tkowe fotografie z Absolwentami i Rodzicami"}]},{"@type":"WebSite","@id":"https:\/\/pb.edu.pl\/liceum-ogolnoksztalcace\/#website","url":"https:\/\/pb.edu.pl\/liceum-ogolnoksztalcace\/","name":"Akademickie Liceum Og\u00f3lnokszta\u0142c\u0105ce Politechniki Bia\u0142ostockiej","description":"","potentialAction":[{"@type":"SearchAction","target":{"@type":"EntryPoint","urlTemplate":"https:\/\/pb.edu.pl\/liceum-ogolnoksztalcace\/?s={search_term_string}"},"query-input":{"@type":"PropertyValueSpecification","valueRequired":true,"valueName":"search_term_string"}}],"inLanguage":"pl-PL"},{"@type":"Person","@id":"https:\/\/pb.edu.pl\/liceum-ogolnoksztalcace\/#\/schema\/person\/a0b458d003475c0974cc9dd7799f7158","name":"pdzitkowska","image":{"@type":"ImageObject","inLanguage":"pl-PL","@id":"https:\/\/pb.edu.pl\/liceum-ogolnoksztalcace\/#\/schema\/person\/image\/","url":"https:\/\/secure.gravatar.com\/avatar\/431064a970363eba072e4d23de250fdc73d40ece93f9c85e8a97c4c9b7baed0f?s=96&d=mm&r=g","contentUrl":"https:\/\/secure.gravatar.com\/avatar\/431064a970363eba072e4d23de250fdc73d40ece93f9c85e8a97c4c9b7baed0f?s=96&d=mm&r=g","caption":"pdzitkowska"},"url":"https:\/\/pb.edu.pl\/liceum-ogolnoksztalcace\/author\/pdzitkowska\/"}]}},"_links":{"self":[{"href":"https:\/\/pb.edu.pl\/liceum-ogolnoksztalcace\/wp-json\/wp\/v2\/posts\/21155","targetHints":{"allow":["GET"]}}],"collection":[{"href":"https:\/\/pb.edu.pl\/liceum-ogolnoksztalcace\/wp-json\/wp\/v2\/posts"}],"about":[{"href":"https:\/\/pb.edu.pl\/liceum-ogolnoksztalcace\/wp-json\/wp\/v2\/types\/post"}],"author":[{"embeddable":true,"href":"https:\/\/pb.edu.pl\/liceum-ogolnoksztalcace\/wp-json\/wp\/v2\/users\/98"}],"replies":[{"embeddable":true,"href":"https:\/\/pb.edu.pl\/liceum-ogolnoksztalcace\/wp-json\/wp\/v2\/comments?post=21155"}],"version-history":[{"count":3,"href":"https:\/\/pb.edu.pl\/liceum-ogolnoksztalcace\/wp-json\/wp\/v2\/posts\/21155\/revisions"}],"predecessor-version":[{"id":21159,"href":"https:\/\/pb.edu.pl\/liceum-ogolnoksztalcace\/wp-json\/wp\/v2\/posts\/21155\/revisions\/21159"}],"wp:featuredmedia":[{"embeddable":true,"href":"https:\/\/pb.edu.pl\/liceum-ogolnoksztalcace\/wp-json\/wp\/v2\/media\/21156"}],"wp:attachment":[{"href":"https:\/\/pb.edu.pl\/liceum-ogolnoksztalcace\/wp-json\/wp\/v2\/media?parent=21155"}],"wp:term":[{"taxonomy":"category","embeddable":true,"href":"https:\/\/pb.edu.pl\/liceum-ogolnoksztalcace\/wp-json\/wp\/v2\/categories?post=21155"},{"taxonomy":"post_tag","embeddable":true,"href":"https:\/\/pb.edu.pl\/liceum-ogolnoksztalcace\/wp-json\/wp\/v2\/tags?post=21155"}],"curies":[{"name":"wp","href":"https:\/\/api.w.org\/{rel}","templated":true}]}}