{"id":20355,"date":"2026-04-16T05:59:09","date_gmt":"2026-04-16T03:59:09","guid":{"rendered":"https:\/\/pb.edu.pl\/liceum-ogolnoksztalcace\/?p=20355"},"modified":"2026-04-16T06:00:38","modified_gmt":"2026-04-16T04:00:38","slug":"pierwsze-dni-w-turcji","status":"publish","type":"post","link":"https:\/\/pb.edu.pl\/liceum-ogolnoksztalcace\/2026\/04\/16\/pierwsze-dni-w-turcji\/","title":{"rendered":"Pierwsze dni w Turcji"},"content":{"rendered":"<div><a href=\"https:\/\/pb.edu.pl\/liceum-ogolnoksztalcace\/wp-content\/uploads\/sites\/10\/2026\/04\/pobrane.png\"><img loading=\"lazy\" decoding=\"async\" class=\"alignnone size-full wp-image-20401\" src=\"https:\/\/pb.edu.pl\/liceum-ogolnoksztalcace\/wp-content\/uploads\/sites\/10\/2026\/04\/pobrane.png\" alt=\"\" width=\"420\" height=\"120\" srcset=\"https:\/\/pb.edu.pl\/liceum-ogolnoksztalcace\/wp-content\/uploads\/sites\/10\/2026\/04\/pobrane.png 420w, https:\/\/pb.edu.pl\/liceum-ogolnoksztalcace\/wp-content\/uploads\/sites\/10\/2026\/04\/pobrane-300x86.png 300w\" sizes=\"auto, (max-width: 420px) 100vw, 420px\" \/><\/a><\/div>\n<div class=\"h3\">Pierwsze dwa dni naszego pobytu w Turcji w ramach projektu Erasmus+ by\u0142y bardzo intensywne i pe\u0142ne wra\u017ce\u0144.<\/div>\n<p>Pierwszego dnia spr\u00f3bowali\u015bmy tradycyjnego tureckiego \u015bniadania, uczestniczyli\u015bmy w zaj\u0119ciach przyrodniczych, podczas kt\u00f3rych obserwowali\u015bmy owady, oraz poznawali\u015bmy uczestnik\u00f3w z innych kraj\u00f3w. Zjedli\u015bmy obiad w tureckiej szkole, zwiedzili\u015bmy j\u0105, a tak\u017ce sp\u0119dzili\u015bmy czas na \u015bwie\u017cym powietrzu, s\u0142uchaj\u0105c ptak\u00f3w i opisuj\u0105c je po angielsku. Dzie\u0144 zako\u0144czy\u0142 si\u0119 kolacj\u0105 powitaln\u0105 i wsp\u00f3ln\u0105 integracj\u0105. Drugiego dnia pracowali\u015bmy w mi\u0119dzynarodowych grupach, zbieraj\u0105c ska\u0142y i skamieliny. Nast\u0119pnie zjedli\u015bmy tradycyjny turecki obiad z deserem i herbat\u0105, a na koniec spacerowali\u015bmy po mie\u015bcie i sp\u0119dzili\u015bmy czas w galerii handlowej z nowymi znajomymi z Turcji.<\/p>\n<p><em>ic<\/em><\/p>\n<p>&nbsp;<\/p>\nngg_shortcode_0_placeholder\n","protected":false},"excerpt":{"rendered":"<p>Pierwsze dwa dni naszego pobytu w Turcji w ramach projektu Erasmus+ by\u0142y bardzo intensywne i<\/p>\n","protected":false},"author":98,"featured_media":20397,"comment_status":"closed","ping_status":"closed","sticky":false,"template":"","format":"standard","meta":{"_acf_changed":false,"ngg_post_thumbnail":0,"footnotes":""},"categories":[4],"tags":[1476,165,203,1655,1654,82,164],"class_list":["post-20355","post","type-post","status-publish","format-standard","has-post-thumbnail","hentry","category-liceum","tag-ekosystem","tag-erasmus","tag-projekt","tag-ptaki","tag-turcja","tag-wycieczka","tag-wymiana"],"acf":[],"yoast_head":"<!-- This site is optimized with the Yoast SEO plugin v27.0 - https:\/\/yoast.com\/product\/yoast-seo-wordpress\/ -->\n<title>Aktualno\u015bci ALO PB - Pierwsze dni w Turcji<\/title>\n<meta name=\"description\" content=\"Pierwsze dwa dni naszego pobytu w Turcji w ramach projektu Erasmus+ by\u0142y bardzo intensywne i pe\u0142ne wra\u017ce\u0144. Pierwszego dnia spr\u00f3bowali\u015bmy tradycyjnego\" \/>\n<meta name=\"robots\" content=\"index, follow, max-snippet:-1, max-image-preview:large, max-video-preview:-1\" \/>\n<link rel=\"canonical\" href=\"https:\/\/pb.edu.pl\/liceum-ogolnoksztalcace\/2026\/04\/16\/pierwsze-dni-w-turcji\/\" \/>\n<meta name=\"twitter:label1\" content=\"Napisane przez\" \/>\n\t<meta name=\"twitter:data1\" content=\"pdzitkowska\" \/>\n\t<meta name=\"twitter:label2\" content=\"Szacowany czas czytania\" \/>\n\t<meta name=\"twitter:data2\" content=\"1 minuta\" \/>\n<script type=\"application\/ld+json\" class=\"yoast-schema-graph\">{\"@context\":\"https:\/\/schema.org\",\"@graph\":[{\"@type\":\"Article\",\"@id\":\"https:\/\/pb.edu.pl\/liceum-ogolnoksztalcace\/2026\/04\/16\/pierwsze-dni-w-turcji\/#article\",\"isPartOf\":{\"@id\":\"https:\/\/pb.edu.pl\/liceum-ogolnoksztalcace\/2026\/04\/16\/pierwsze-dni-w-turcji\/\"},\"author\":{\"name\":\"pdzitkowska\",\"@id\":\"https:\/\/pb.edu.pl\/liceum-ogolnoksztalcace\/#\/schema\/person\/a0b458d003475c0974cc9dd7799f7158\"},\"headline\":\"Pierwsze dni w Turcji\",\"datePublished\":\"2026-04-16T03:59:09+00:00\",\"dateModified\":\"2026-04-16T04:00:38+00:00\",\"mainEntityOfPage\":{\"@id\":\"https:\/\/pb.edu.pl\/liceum-ogolnoksztalcace\/2026\/04\/16\/pierwsze-dni-w-turcji\/\"},\"wordCount\":149,\"image\":{\"@id\":\"https:\/\/pb.edu.pl\/liceum-ogolnoksztalcace\/2026\/04\/16\/pierwsze-dni-w-turcji\/#primaryimage\"},\"thumbnailUrl\":\"https:\/\/pb.edu.pl\/liceum-ogolnoksztalcace\/wp-content\/uploads\/sites\/10\/2026\/04\/ErasmusTurcja-6-1.jpg\",\"keywords\":[\"ekosystem\",\"erasmus\",\"projekt\",\"ptaki\",\"Turcja\",\"wycieczka\",\"wymiana\"],\"articleSection\":[\"Liceum\"],\"inLanguage\":\"pl-PL\"},{\"@type\":\"WebPage\",\"@id\":\"https:\/\/pb.edu.pl\/liceum-ogolnoksztalcace\/2026\/04\/16\/pierwsze-dni-w-turcji\/\",\"url\":\"https:\/\/pb.edu.pl\/liceum-ogolnoksztalcace\/2026\/04\/16\/pierwsze-dni-w-turcji\/\",\"name\":\"Aktualno\u015bci ALO PB - Pierwsze dni w Turcji\",\"isPartOf\":{\"@id\":\"https:\/\/pb.edu.pl\/liceum-ogolnoksztalcace\/#website\"},\"primaryImageOfPage\":{\"@id\":\"https:\/\/pb.edu.pl\/liceum-ogolnoksztalcace\/2026\/04\/16\/pierwsze-dni-w-turcji\/#primaryimage\"},\"image\":{\"@id\":\"https:\/\/pb.edu.pl\/liceum-ogolnoksztalcace\/2026\/04\/16\/pierwsze-dni-w-turcji\/#primaryimage\"},\"thumbnailUrl\":\"https:\/\/pb.edu.pl\/liceum-ogolnoksztalcace\/wp-content\/uploads\/sites\/10\/2026\/04\/ErasmusTurcja-6-1.jpg\",\"datePublished\":\"2026-04-16T03:59:09+00:00\",\"dateModified\":\"2026-04-16T04:00:38+00:00\",\"author\":{\"@id\":\"https:\/\/pb.edu.pl\/liceum-ogolnoksztalcace\/#\/schema\/person\/a0b458d003475c0974cc9dd7799f7158\"},\"description\":\"Pierwsze dwa dni naszego pobytu w Turcji w ramach projektu Erasmus+ by\u0142y bardzo intensywne i pe\u0142ne wra\u017ce\u0144. Pierwszego dnia spr\u00f3bowali\u015bmy tradycyjnego\",\"breadcrumb\":{\"@id\":\"https:\/\/pb.edu.pl\/liceum-ogolnoksztalcace\/2026\/04\/16\/pierwsze-dni-w-turcji\/#breadcrumb\"},\"inLanguage\":\"pl-PL\",\"potentialAction\":[{\"@type\":\"ReadAction\",\"target\":[\"https:\/\/pb.edu.pl\/liceum-ogolnoksztalcace\/2026\/04\/16\/pierwsze-dni-w-turcji\/\"]}]},{\"@type\":\"ImageObject\",\"inLanguage\":\"pl-PL\",\"@id\":\"https:\/\/pb.edu.pl\/liceum-ogolnoksztalcace\/2026\/04\/16\/pierwsze-dni-w-turcji\/#primaryimage\",\"url\":\"https:\/\/pb.edu.pl\/liceum-ogolnoksztalcace\/wp-content\/uploads\/sites\/10\/2026\/04\/ErasmusTurcja-6-1.jpg\",\"contentUrl\":\"https:\/\/pb.edu.pl\/liceum-ogolnoksztalcace\/wp-content\/uploads\/sites\/10\/2026\/04\/ErasmusTurcja-6-1.jpg\",\"width\":2048,\"height\":1536,\"caption\":\"Turcja Erasmus+\"},{\"@type\":\"BreadcrumbList\",\"@id\":\"https:\/\/pb.edu.pl\/liceum-ogolnoksztalcace\/2026\/04\/16\/pierwsze-dni-w-turcji\/#breadcrumb\",\"itemListElement\":[{\"@type\":\"ListItem\",\"position\":1,\"name\":\"Home\",\"item\":\"https:\/\/pb.edu.pl\/liceum-ogolnoksztalcace\/\"},{\"@type\":\"ListItem\",\"position\":2,\"name\":\"Pierwsze dni w Turcji\"}]},{\"@type\":\"WebSite\",\"@id\":\"https:\/\/pb.edu.pl\/liceum-ogolnoksztalcace\/#website\",\"url\":\"https:\/\/pb.edu.pl\/liceum-ogolnoksztalcace\/\",\"name\":\"Akademickie Liceum Og\u00f3lnokszta\u0142c\u0105ce Politechniki Bia\u0142ostockiej\",\"description\":\"\",\"potentialAction\":[{\"@type\":\"SearchAction\",\"target\":{\"@type\":\"EntryPoint\",\"urlTemplate\":\"https:\/\/pb.edu.pl\/liceum-ogolnoksztalcace\/?s={search_term_string}\"},\"query-input\":{\"@type\":\"PropertyValueSpecification\",\"valueRequired\":true,\"valueName\":\"search_term_string\"}}],\"inLanguage\":\"pl-PL\"},{\"@type\":\"Person\",\"@id\":\"https:\/\/pb.edu.pl\/liceum-ogolnoksztalcace\/#\/schema\/person\/a0b458d003475c0974cc9dd7799f7158\",\"name\":\"pdzitkowska\",\"image\":{\"@type\":\"ImageObject\",\"inLanguage\":\"pl-PL\",\"@id\":\"https:\/\/pb.edu.pl\/liceum-ogolnoksztalcace\/#\/schema\/person\/image\/\",\"url\":\"https:\/\/secure.gravatar.com\/avatar\/431064a970363eba072e4d23de250fdc73d40ece93f9c85e8a97c4c9b7baed0f?s=96&d=mm&r=g\",\"contentUrl\":\"https:\/\/secure.gravatar.com\/avatar\/431064a970363eba072e4d23de250fdc73d40ece93f9c85e8a97c4c9b7baed0f?s=96&d=mm&r=g\",\"caption\":\"pdzitkowska\"},\"url\":\"https:\/\/pb.edu.pl\/liceum-ogolnoksztalcace\/author\/pdzitkowska\/\"}]}<\/script>\n<!-- \/ Yoast SEO plugin. -->","yoast_head_json":{"title":"Aktualno\u015bci ALO PB - Pierwsze dni w Turcji","description":"Pierwsze dwa dni naszego pobytu w Turcji w ramach projektu Erasmus+ by\u0142y bardzo intensywne i pe\u0142ne wra\u017ce\u0144. Pierwszego dnia spr\u00f3bowali\u015bmy tradycyjnego","robots":{"index":"index","follow":"follow","max-snippet":"max-snippet:-1","max-image-preview":"max-image-preview:large","max-video-preview":"max-video-preview:-1"},"canonical":"https:\/\/pb.edu.pl\/liceum-ogolnoksztalcace\/2026\/04\/16\/pierwsze-dni-w-turcji\/","twitter_misc":{"Napisane przez":"pdzitkowska","Szacowany czas czytania":"1 minuta"},"schema":{"@context":"https:\/\/schema.org","@graph":[{"@type":"Article","@id":"https:\/\/pb.edu.pl\/liceum-ogolnoksztalcace\/2026\/04\/16\/pierwsze-dni-w-turcji\/#article","isPartOf":{"@id":"https:\/\/pb.edu.pl\/liceum-ogolnoksztalcace\/2026\/04\/16\/pierwsze-dni-w-turcji\/"},"author":{"name":"pdzitkowska","@id":"https:\/\/pb.edu.pl\/liceum-ogolnoksztalcace\/#\/schema\/person\/a0b458d003475c0974cc9dd7799f7158"},"headline":"Pierwsze dni w Turcji","datePublished":"2026-04-16T03:59:09+00:00","dateModified":"2026-04-16T04:00:38+00:00","mainEntityOfPage":{"@id":"https:\/\/pb.edu.pl\/liceum-ogolnoksztalcace\/2026\/04\/16\/pierwsze-dni-w-turcji\/"},"wordCount":149,"image":{"@id":"https:\/\/pb.edu.pl\/liceum-ogolnoksztalcace\/2026\/04\/16\/pierwsze-dni-w-turcji\/#primaryimage"},"thumbnailUrl":"https:\/\/pb.edu.pl\/liceum-ogolnoksztalcace\/wp-content\/uploads\/sites\/10\/2026\/04\/ErasmusTurcja-6-1.jpg","keywords":["ekosystem","erasmus","projekt","ptaki","Turcja","wycieczka","wymiana"],"articleSection":["Liceum"],"inLanguage":"pl-PL"},{"@type":"WebPage","@id":"https:\/\/pb.edu.pl\/liceum-ogolnoksztalcace\/2026\/04\/16\/pierwsze-dni-w-turcji\/","url":"https:\/\/pb.edu.pl\/liceum-ogolnoksztalcace\/2026\/04\/16\/pierwsze-dni-w-turcji\/","name":"Aktualno\u015bci ALO PB - Pierwsze dni w Turcji","isPartOf":{"@id":"https:\/\/pb.edu.pl\/liceum-ogolnoksztalcace\/#website"},"primaryImageOfPage":{"@id":"https:\/\/pb.edu.pl\/liceum-ogolnoksztalcace\/2026\/04\/16\/pierwsze-dni-w-turcji\/#primaryimage"},"image":{"@id":"https:\/\/pb.edu.pl\/liceum-ogolnoksztalcace\/2026\/04\/16\/pierwsze-dni-w-turcji\/#primaryimage"},"thumbnailUrl":"https:\/\/pb.edu.pl\/liceum-ogolnoksztalcace\/wp-content\/uploads\/sites\/10\/2026\/04\/ErasmusTurcja-6-1.jpg","datePublished":"2026-04-16T03:59:09+00:00","dateModified":"2026-04-16T04:00:38+00:00","author":{"@id":"https:\/\/pb.edu.pl\/liceum-ogolnoksztalcace\/#\/schema\/person\/a0b458d003475c0974cc9dd7799f7158"},"description":"Pierwsze dwa dni naszego pobytu w Turcji w ramach projektu Erasmus+ by\u0142y bardzo intensywne i pe\u0142ne wra\u017ce\u0144. Pierwszego dnia spr\u00f3bowali\u015bmy tradycyjnego","breadcrumb":{"@id":"https:\/\/pb.edu.pl\/liceum-ogolnoksztalcace\/2026\/04\/16\/pierwsze-dni-w-turcji\/#breadcrumb"},"inLanguage":"pl-PL","potentialAction":[{"@type":"ReadAction","target":["https:\/\/pb.edu.pl\/liceum-ogolnoksztalcace\/2026\/04\/16\/pierwsze-dni-w-turcji\/"]}]},{"@type":"ImageObject","inLanguage":"pl-PL","@id":"https:\/\/pb.edu.pl\/liceum-ogolnoksztalcace\/2026\/04\/16\/pierwsze-dni-w-turcji\/#primaryimage","url":"https:\/\/pb.edu.pl\/liceum-ogolnoksztalcace\/wp-content\/uploads\/sites\/10\/2026\/04\/ErasmusTurcja-6-1.jpg","contentUrl":"https:\/\/pb.edu.pl\/liceum-ogolnoksztalcace\/wp-content\/uploads\/sites\/10\/2026\/04\/ErasmusTurcja-6-1.jpg","width":2048,"height":1536,"caption":"Turcja Erasmus+"},{"@type":"BreadcrumbList","@id":"https:\/\/pb.edu.pl\/liceum-ogolnoksztalcace\/2026\/04\/16\/pierwsze-dni-w-turcji\/#breadcrumb","itemListElement":[{"@type":"ListItem","position":1,"name":"Home","item":"https:\/\/pb.edu.pl\/liceum-ogolnoksztalcace\/"},{"@type":"ListItem","position":2,"name":"Pierwsze dni w Turcji"}]},{"@type":"WebSite","@id":"https:\/\/pb.edu.pl\/liceum-ogolnoksztalcace\/#website","url":"https:\/\/pb.edu.pl\/liceum-ogolnoksztalcace\/","name":"Akademickie Liceum Og\u00f3lnokszta\u0142c\u0105ce Politechniki Bia\u0142ostockiej","description":"","potentialAction":[{"@type":"SearchAction","target":{"@type":"EntryPoint","urlTemplate":"https:\/\/pb.edu.pl\/liceum-ogolnoksztalcace\/?s={search_term_string}"},"query-input":{"@type":"PropertyValueSpecification","valueRequired":true,"valueName":"search_term_string"}}],"inLanguage":"pl-PL"},{"@type":"Person","@id":"https:\/\/pb.edu.pl\/liceum-ogolnoksztalcace\/#\/schema\/person\/a0b458d003475c0974cc9dd7799f7158","name":"pdzitkowska","image":{"@type":"ImageObject","inLanguage":"pl-PL","@id":"https:\/\/pb.edu.pl\/liceum-ogolnoksztalcace\/#\/schema\/person\/image\/","url":"https:\/\/secure.gravatar.com\/avatar\/431064a970363eba072e4d23de250fdc73d40ece93f9c85e8a97c4c9b7baed0f?s=96&d=mm&r=g","contentUrl":"https:\/\/secure.gravatar.com\/avatar\/431064a970363eba072e4d23de250fdc73d40ece93f9c85e8a97c4c9b7baed0f?s=96&d=mm&r=g","caption":"pdzitkowska"},"url":"https:\/\/pb.edu.pl\/liceum-ogolnoksztalcace\/author\/pdzitkowska\/"}]}},"_links":{"self":[{"href":"https:\/\/pb.edu.pl\/liceum-ogolnoksztalcace\/wp-json\/wp\/v2\/posts\/20355","targetHints":{"allow":["GET"]}}],"collection":[{"href":"https:\/\/pb.edu.pl\/liceum-ogolnoksztalcace\/wp-json\/wp\/v2\/posts"}],"about":[{"href":"https:\/\/pb.edu.pl\/liceum-ogolnoksztalcace\/wp-json\/wp\/v2\/types\/post"}],"author":[{"embeddable":true,"href":"https:\/\/pb.edu.pl\/liceum-ogolnoksztalcace\/wp-json\/wp\/v2\/users\/98"}],"replies":[{"embeddable":true,"href":"https:\/\/pb.edu.pl\/liceum-ogolnoksztalcace\/wp-json\/wp\/v2\/comments?post=20355"}],"version-history":[{"count":5,"href":"https:\/\/pb.edu.pl\/liceum-ogolnoksztalcace\/wp-json\/wp\/v2\/posts\/20355\/revisions"}],"predecessor-version":[{"id":20400,"href":"https:\/\/pb.edu.pl\/liceum-ogolnoksztalcace\/wp-json\/wp\/v2\/posts\/20355\/revisions\/20400"}],"wp:featuredmedia":[{"embeddable":true,"href":"https:\/\/pb.edu.pl\/liceum-ogolnoksztalcace\/wp-json\/wp\/v2\/media\/20397"}],"wp:attachment":[{"href":"https:\/\/pb.edu.pl\/liceum-ogolnoksztalcace\/wp-json\/wp\/v2\/media?parent=20355"}],"wp:term":[{"taxonomy":"category","embeddable":true,"href":"https:\/\/pb.edu.pl\/liceum-ogolnoksztalcace\/wp-json\/wp\/v2\/categories?post=20355"},{"taxonomy":"post_tag","embeddable":true,"href":"https:\/\/pb.edu.pl\/liceum-ogolnoksztalcace\/wp-json\/wp\/v2\/tags?post=20355"}],"curies":[{"name":"wp","href":"https:\/\/api.w.org\/{rel}","templated":true}]}}