{"id":1697,"date":"2024-08-30T09:03:19","date_gmt":"2024-08-30T07:03:19","guid":{"rendered":"https:\/\/pb.edu.pl\/jubileuszpb\/?p=1697"},"modified":"2024-09-03T15:24:25","modified_gmt":"2024-09-03T13:24:25","slug":"rajd-rowerowy-w-ramach-jubileuszu-75-lecia-wydzialu-mechanicznego","status":"publish","type":"post","link":"https:\/\/pb.edu.pl\/jubileuszpb\/rajd-rowerowy-w-ramach-jubileuszu-75-lecia-wydzialu-mechanicznego\/","title":{"rendered":"Rajd rowerowy w ramach jubileuszu 75-lecia Wydzia\u0142u Mechanicznego"},"content":{"rendered":"<p>W ramach obchod\u00f3w Jubileuszu 75-lecia Wydzia\u0142u Mechanicznego 18 wrze\u015bnia 2024 roku odb\u0119dzie si\u0119 rajd rowerowy: 75 km na 75-lecie! Jest tak\u017ce szansa na kr\u00f3tszy dystans, 50 km, 25 km, a nawet 7,5 km. Nie b\u0119dzie sportowej rywalizacji, a przyjazna atmosfera integracji i \u015bwi\u0119towania!<\/p>\n<p>Start i meta 18 wrze\u015bnia (\u015broda) na terenie zielonym przed Wydzia\u0142em Mechanicznym. Na mecie szansa na uzupe\u0142nienie spalonych kalorii i sp\u0119dzenia czasu w gronie pracownik\u00f3w i student\u00f3w Wydzia\u0142u Mechanicznego.<\/p>\n<p>Zapraszamy wszystkich ch\u0119tnych spo\u015br\u00f3d spo\u0142eczno\u015bci Politechniki Bia\u0142ostockiej.<\/p>\n<p>Zapisy trwaj\u0105 do 9 wrze\u015bnia poprzez formularz zg\u0142oszeniowy: <strong><a title=\"\" href=\"https:\/\/wm.pb.edu.pl\/75lat\/75km\/formularz-rejestracyjny\/\">FORMULARZ REJESTRACYJNY<\/a><\/strong><\/p>\n<p>&nbsp;<\/p>\n<p>Szczeg\u00f3\u0142owy harmonogram wydarzenia:<\/p>\n<p>9:00 &nbsp;&nbsp;&nbsp;&nbsp;&nbsp;&nbsp;&nbsp;&nbsp;&nbsp;&nbsp;&nbsp;&nbsp;&nbsp;&nbsp;&nbsp; rozpocz\u0119cie imprezy<\/p>\n<p>9:00-10:00 &nbsp;&nbsp;&nbsp;&nbsp; rejestracja uczestnik\u00f3w<\/p>\n<p>10:00 &nbsp;&nbsp;&nbsp;&nbsp;&nbsp;&nbsp;&nbsp;&nbsp;&nbsp;&nbsp;&nbsp;&nbsp;&nbsp; start d\u0142ugiego dystansu (75 km)<\/p>\n<p>12:00-15:30 &nbsp;&nbsp; grill na terenie zielonym przed budynkiem Wydzia\u0142u Mechanicznego<\/p>\n<p>13:00 &nbsp;&nbsp;&nbsp;&nbsp;&nbsp;&nbsp;&nbsp;&nbsp;&nbsp;&nbsp;&nbsp;&nbsp;&nbsp; start kr\u00f3tkiego dystansu (7,5 km)<\/p>\n<p>15:30 &nbsp;&nbsp;&nbsp;&nbsp;&nbsp;&nbsp;&nbsp;&nbsp;&nbsp;&nbsp;&nbsp;&nbsp;&nbsp; wr\u0119czenie statuetek<\/p>\n<p>16:00 &nbsp;&nbsp;&nbsp;&nbsp;&nbsp;&nbsp;&nbsp;&nbsp;&nbsp;&nbsp;&nbsp;&nbsp;&nbsp; zako\u0144czenie imprezy<\/p>\n<p><strong>Op\u0142ata wpisowa zosta\u0142a zniesiona!<\/strong><\/p>\n<p>Regulamin: <a title=\"\" href=\"https:\/\/wm.pb.edu.pl\/wp-content\/uploads\/2024\/08\/Regulamin-Rajdu-Rowerowego.pdf\">REGULAMIN RAJDU ROWEROWEGO<\/a><\/p>\n<p>Szczeg\u00f3\u0142owe informacje:<\/p>\n<p>Kinga Jatkowska-\u0141ukaszuk, tel. 85&nbsp;746 92 00, kom. 797&nbsp;990 770, wm@pb.edu.pl<\/p>\n","protected":false},"excerpt":{"rendered":"<p>75 km na 75-lecie Wydzia\u0142u Mechanicznego!<\/p>\n","protected":false},"author":83,"featured_media":1698,"comment_status":"open","ping_status":"open","sticky":false,"template":"","format":"standard","meta":{"_acf_changed":false,"ngg_post_thumbnail":0,"footnotes":""},"categories":[1],"tags":[],"class_list":["post-1697","post","type-post","status-publish","format-standard","has-post-thumbnail","hentry","category-bez-kategorii"],"acf":[],"_links":{"self":[{"href":"https:\/\/pb.edu.pl\/jubileuszpb\/wp-json\/wp\/v2\/posts\/1697","targetHints":{"allow":["GET"]}}],"collection":[{"href":"https:\/\/pb.edu.pl\/jubileuszpb\/wp-json\/wp\/v2\/posts"}],"about":[{"href":"https:\/\/pb.edu.pl\/jubileuszpb\/wp-json\/wp\/v2\/types\/post"}],"author":[{"embeddable":true,"href":"https:\/\/pb.edu.pl\/jubileuszpb\/wp-json\/wp\/v2\/users\/83"}],"replies":[{"embeddable":true,"href":"https:\/\/pb.edu.pl\/jubileuszpb\/wp-json\/wp\/v2\/comments?post=1697"}],"version-history":[{"count":0,"href":"https:\/\/pb.edu.pl\/jubileuszpb\/wp-json\/wp\/v2\/posts\/1697\/revisions"}],"wp:featuredmedia":[{"embeddable":true,"href":"https:\/\/pb.edu.pl\/jubileuszpb\/wp-json\/wp\/v2\/media\/1698"}],"wp:attachment":[{"href":"https:\/\/pb.edu.pl\/jubileuszpb\/wp-json\/wp\/v2\/media?parent=1697"}],"wp:term":[{"taxonomy":"category","embeddable":true,"href":"https:\/\/pb.edu.pl\/jubileuszpb\/wp-json\/wp\/v2\/categories?post=1697"},{"taxonomy":"post_tag","embeddable":true,"href":"https:\/\/pb.edu.pl\/jubileuszpb\/wp-json\/wp\/v2\/tags?post=1697"}],"curies":[{"name":"wp","href":"https:\/\/api.w.org\/{rel}","templated":true}]}}