{"id":9728,"date":"2022-09-26T14:44:32","date_gmt":"2022-09-26T12:44:32","guid":{"rendered":"https:\/\/pb.edu.pl\/bwm\/?p=9728"},"modified":"2022-11-02T13:12:05","modified_gmt":"2022-11-02T12:12:05","slug":"mobilnosc-dydaktyczna-7-pracownikow-pb-na-ntnu","status":"publish","type":"post","link":"https:\/\/pb.edu.pl\/iros\/2022\/09\/26\/mobilnosc-dydaktyczna-7-pracownikow-pb-na-ntnu\/","title":{"rendered":"Mobilno\u015b\u0107 dydaktyczna 7 pracownik\u00f3w PB na NTNU"},"content":{"rendered":"<p>W dn. 5-9.09.2022 r. siedmioro pracownik\u00f3w PB, dr in\u017c. Anna Maria Bia\u0142ostocka, dr hab. in\u017c. Bogus\u0142aw Butry\u0142o, prof. PB, dr in\u017c. Jaros\u0142aw Makal, prof. PB, dr in\u017c. Jaros\u0142aw Forenc, dr in\u017c. Andrzej Karpiuk z Wydzia\u0142u Elektrycznego, mgr in\u017c. Honorata Sierocka z Wydzia\u0142u In\u017cynierii Zarz\u0105dzania oraz dr in\u017c. Rajmund Stasiewicz z Wydzia\u0142u Informatyki Politechniki Bia\u0142ostockiej wizytowa\u0142o uczelni\u0119 partnersk\u0105 NTNU w ramach mobilno\u015bci Programu Edukacja.<br \/>\nG\u0142\u00f3wnym celem wyjazdu by\u0142a obserwacja zaj\u0119\u0107 studenckich prowadzonych przez zesp\u00f3\u0142 nauczycieli z Department of Electronic Systems, Faculty of Information Technology and Electrical Engineering, NTNU oraz zapoznanie si\u0119 ze zmianami wprowadzanymi w sposobie i filozofii nauczania na dw\u00f3ch pierwszych latach jednolitych studi\u00f3w magisterskich na prze\u0142omie ostatnich jedenastu lat (2011-2022).<br \/>\nZach\u0119camy do zapoznania si\u0119 ze sprawozdaniem z wyjazdu przygotowanym przez uczestnik\u00f3w projektu!<\/p>\n<p><a class=\"pdf\" title=\"otworzy si\u0119 w nowej karcie\" href=\"https:\/\/pb.edu.pl\/iros\/wp-content\/uploads\/sites\/24\/2022\/11\/Sprawozdanie-z-mobilnosci-w-ramach-Programu-Edukacja-komponent-II.pdf\" target=\"_blank\" rel=\"noopener\" data-id=\"9729\">Sprawozdanie z mobilno\u015bci w ramach Programu Edukacja &#8211; komponent II (PDF, wersja dost\u0119pna cyfrowo, 2 MB)<\/a><\/p>\n<p>&nbsp;<\/p>\n<p>&nbsp;<\/p>\n","protected":false},"excerpt":{"rendered":"<p>W dn. 5-9.09.2022 r. siedmioro pracownik\u00f3w PB, dr in\u017c. Anna Maria Bia\u0142ostocka, dr hab. in\u017c.<\/p>\n","protected":false},"author":50,"featured_media":9730,"comment_status":"open","ping_status":"open","sticky":false,"template":"","format":"standard","meta":{"_acf_changed":false,"ngg_post_thumbnail":0,"footnotes":""},"categories":[14,1,12],"tags":[],"class_list":["post-9728","post","type-post","status-publish","format-standard","has-post-thumbnail","hentry","category-aktualnosci-bwm","category-bez-kategorii","category-edukacja"],"acf":[],"_links":{"self":[{"href":"https:\/\/pb.edu.pl\/iros\/wp-json\/wp\/v2\/posts\/9728","targetHints":{"allow":["GET"]}}],"collection":[{"href":"https:\/\/pb.edu.pl\/iros\/wp-json\/wp\/v2\/posts"}],"about":[{"href":"https:\/\/pb.edu.pl\/iros\/wp-json\/wp\/v2\/types\/post"}],"author":[{"embeddable":true,"href":"https:\/\/pb.edu.pl\/iros\/wp-json\/wp\/v2\/users\/50"}],"replies":[{"embeddable":true,"href":"https:\/\/pb.edu.pl\/iros\/wp-json\/wp\/v2\/comments?post=9728"}],"version-history":[{"count":0,"href":"https:\/\/pb.edu.pl\/iros\/wp-json\/wp\/v2\/posts\/9728\/revisions"}],"wp:featuredmedia":[{"embeddable":true,"href":"https:\/\/pb.edu.pl\/iros\/wp-json\/wp\/v2\/media\/9730"}],"wp:attachment":[{"href":"https:\/\/pb.edu.pl\/iros\/wp-json\/wp\/v2\/media?parent=9728"}],"wp:term":[{"taxonomy":"category","embeddable":true,"href":"https:\/\/pb.edu.pl\/iros\/wp-json\/wp\/v2\/categories?post=9728"},{"taxonomy":"post_tag","embeddable":true,"href":"https:\/\/pb.edu.pl\/iros\/wp-json\/wp\/v2\/tags?post=9728"}],"curies":[{"name":"wp","href":"https:\/\/api.w.org\/{rel}","templated":true}]}}