{"id":32768,"date":"2026-09-02T13:23:58","date_gmt":"2026-09-02T11:23:58","guid":{"rendered":"https:\/\/pb.edu.pl\/iros\/?p=32768"},"modified":"2026-09-02T13:30:56","modified_gmt":"2026-09-02T11:30:56","slug":"taz-naukowy-dr-hab-katarzyny-czerewacz-filipowicz-prof-pb-na-university-of-perpignan-via-domitia","status":"publish","type":"post","link":"https:\/\/pb.edu.pl\/iros\/2026\/09\/02\/taz-naukowy-dr-hab-katarzyny-czerewacz-filipowicz-prof-pb-na-university-of-perpignan-via-domitia\/","title":{"rendered":"Sta\u017c naukowy dr hab. Katarzyny Czerewacz-Filipowicz, prof. PB, na University of Perpignan Via Domitia"},"content":{"rendered":"<p><strong>Dr hab. Katarzyna Czerewacz-Filipowicz, prof. PB, odby\u0142a sta\u017c naukowy na&nbsp;University of Perpignan Via Domitia we Francji w ramach wsp\u00f3\u0142pracy prowadzonej w&nbsp;ACROSS. Sta\u017c by\u0142 realizowany w okresie 14-22.06.2026 oraz 25.06-11.07.2026 i by\u0142 sfinansowany dzi\u0119ki \u015brodkom pozyskanym z programu NAWA \u2013 Wsparcie Uniwersytet\u00f3w Europejskich. Opiekunem naukowym sta\u017cu by\u0142a&nbsp;dr Marion Verdoit-Jarraya, Ma\u00eetre de conf\u00e9rences, wiceprezydent UPVD ds. waloryzacji bada\u0144 i platform naukowych.<\/strong><\/p>\n<p>Sta\u017c dotyczy\u0142 rozwoju wsp\u00f3\u0142pracy naukowej i dydaktycznej pomi\u0119dzy Politechnik\u0105 Bia\u0142ostock\u0105 a UPVD, ze szczeg\u00f3lnym uwzgl\u0119dnieniem rozwoju terytorialnego, odporno\u015bci lokalnej, transformacji energetycznej, wsp\u00f3lnot energetycznych, zr\u00f3wnowa\u017conego rozwoju oraz bada\u0144 por\u00f3wnawczych. W trakcie pobytu przeprowadzono konsultacje naukowe z badaczami UPVD, om\u00f3wiono mo\u017cliwo\u015bci wsp\u00f3lnych dzia\u0142a\u0144 badawczych i dydaktycznych oraz zidentyfikowano obszary potencjalnej wsp\u00f3\u0142pracy z przedstawicielami Wydzia\u0142u Geografii i Wydzia\u0142u Nauk Humanistycznych, m.in. w zakresie rozwoju lokalnego i regionalnego, planowania przestrzennego, polityk publicznych oraz transformacji ekologicznej.<\/p>\n<p>Sta\u017c przyczyni\u0142 si\u0119 r\u00f3wnie\u017c do&nbsp;podwy\u017cszenia kompetencji naukowych, dydaktycznych i mi\u0119dzykulturowych, w szczeg\u00f3lno\u015bci w zakresie prowadzenia bada\u0144 por\u00f3wnawczych i terenowych w \u015brodowisku mi\u0119dzynarodowym, interdyscyplinarnej analizy proces\u00f3w rozwoju lokalnego i regionalnego oraz identyfikowania i adaptowania zagranicznych dobrych praktyk. Rozwini\u0119te zosta\u0142y tak\u017ce kompetencje zwi\u0105zane z budowaniem mi\u0119dzynarodowych sieci wsp\u00f3\u0142pracy naukowej, przygotowywaniem wsp\u00f3lnych przedsi\u0119wzi\u0119\u0107 badawczych i dydaktycznych oraz komunikacj\u0105 naukow\u0105 w j\u0119zyku angielskim.<\/p>\n<p>Efektem sta\u017cu by\u0142o nawi\u0105zanie i rozwini\u0119cie kontakt\u00f3w naukowych na UPVD oraz okre\u015blenie mo\u017cliwych kierunk\u00f3w dalszej wsp\u00f3\u0142pracy badawczej i dydaktycznej. Sta\u017c stworzy\u0142 podstaw\u0119 do dalszych wsp\u00f3lnych dzia\u0142a\u0144 w ramach ACROSS, w tym organizacji seminari\u00f3w, wyk\u0142ad\u00f3w go\u015bcinnych,&nbsp;opracowania wsp\u00f3lnego przedmiotu dla student\u00f3w ACROSS, wymiany dydaktycznej oraz realizacji wsp\u00f3lnych projekt\u00f3w badawczych przez Politechnik\u0119 Bia\u0142ostock\u0105 i University of Perpignan Via Domitia.<\/p>\nngg_shortcode_0_placeholder<em>Projekt \u201eAcross \u2013 Transgraniczny Uniwersytet Europejski\u201d jest finansowany ze \u015brodk\u00f3w Unii Europejskiej z Funduszu Europejskiego dla Rozwoju Spo\u0142ecznego 2021-2027 (FERS) w ramach projektu NAWA pt. \u201eWsparcie sojuszy Uniwersytet\u00f3w Europejskich\u201d o numerze FERS.01.05-IP.08-0219\/23.<\/em><\/p>\n<p><img loading=\"lazy\" decoding=\"async\" class=\"alignnone wp-image-28568\" src=\"https:\/\/pb.edu.pl\/iros\/wp-content\/uploads\/sites\/24\/2025\/12\/FERS-RP-UE-NAWA-poziom-kolor-300x32.png\" alt=\"\" width=\"506\" height=\"54\" srcset=\"https:\/\/pb.edu.pl\/iros\/wp-content\/uploads\/sites\/24\/2025\/12\/FERS-RP-UE-NAWA-poziom-kolor-300x32.png 300w, https:\/\/pb.edu.pl\/iros\/wp-content\/uploads\/sites\/24\/2025\/12\/FERS-RP-UE-NAWA-poziom-kolor-1024x109.png 1024w, https:\/\/pb.edu.pl\/iros\/wp-content\/uploads\/sites\/24\/2025\/12\/FERS-RP-UE-NAWA-poziom-kolor-768x82.png 768w, https:\/\/pb.edu.pl\/iros\/wp-content\/uploads\/sites\/24\/2025\/12\/FERS-RP-UE-NAWA-poziom-kolor-1536x163.png 1536w, https:\/\/pb.edu.pl\/iros\/wp-content\/uploads\/sites\/24\/2025\/12\/FERS-RP-UE-NAWA-poziom-kolor-2048x218.png 2048w\" sizes=\"auto, (max-width: 506px) 100vw, 506px\" \/><\/p>\n<p>#FunduszeEuropejskie<br \/>\n#FunduszeEU<\/p>\n","protected":false},"excerpt":{"rendered":"<p>Realizacja projektu NAWA WUE 2024<\/p>\n","protected":false},"author":190,"featured_media":32777,"comment_status":"closed","ping_status":"closed","sticky":false,"template":"","format":"standard","meta":{"_acf_changed":false,"ngg_post_thumbnail":0,"footnotes":""},"categories":[14,66],"tags":[],"class_list":["post-32768","post","type-post","status-publish","format-standard","has-post-thumbnail","hentry","category-aktualnosci-bwm","category-wsparcie-uniwer"],"acf":[],"_links":{"self":[{"href":"https:\/\/pb.edu.pl\/iros\/wp-json\/wp\/v2\/posts\/32768","targetHints":{"allow":["GET"]}}],"collection":[{"href":"https:\/\/pb.edu.pl\/iros\/wp-json\/wp\/v2\/posts"}],"about":[{"href":"https:\/\/pb.edu.pl\/iros\/wp-json\/wp\/v2\/types\/post"}],"author":[{"embeddable":true,"href":"https:\/\/pb.edu.pl\/iros\/wp-json\/wp\/v2\/users\/190"}],"replies":[{"embeddable":true,"href":"https:\/\/pb.edu.pl\/iros\/wp-json\/wp\/v2\/comments?post=32768"}],"version-history":[{"count":6,"href":"https:\/\/pb.edu.pl\/iros\/wp-json\/wp\/v2\/posts\/32768\/revisions"}],"predecessor-version":[{"id":32784,"href":"https:\/\/pb.edu.pl\/iros\/wp-json\/wp\/v2\/posts\/32768\/revisions\/32784"}],"wp:featuredmedia":[{"embeddable":true,"href":"https:\/\/pb.edu.pl\/iros\/wp-json\/wp\/v2\/media\/32777"}],"wp:attachment":[{"href":"https:\/\/pb.edu.pl\/iros\/wp-json\/wp\/v2\/media?parent=32768"}],"wp:term":[{"taxonomy":"category","embeddable":true,"href":"https:\/\/pb.edu.pl\/iros\/wp-json\/wp\/v2\/categories?post=32768"},{"taxonomy":"post_tag","embeddable":true,"href":"https:\/\/pb.edu.pl\/iros\/wp-json\/wp\/v2\/tags?post=32768"}],"curies":[{"name":"wp","href":"https:\/\/api.w.org\/{rel}","templated":true}]}}