{"id":32758,"date":"2026-09-02T10:39:43","date_gmt":"2026-09-02T08:39:43","guid":{"rendered":"https:\/\/pb.edu.pl\/iros\/?p=32758"},"modified":"2026-09-02T13:34:15","modified_gmt":"2026-09-02T11:34:15","slug":"siec-euraxess-obecna-podczas-miedzynarodowej-konferencji-atee-2026-w-bialymstoku","status":"publish","type":"post","link":"https:\/\/pb.edu.pl\/iros\/2026\/09\/02\/siec-euraxess-obecna-podczas-miedzynarodowej-konferencji-atee-2026-w-bialymstoku\/","title":{"rendered":"Sie\u0107 EURAXESS obecna podczas mi\u0119dzynarodowej konferencji ATEE 2026 w Bia\u0142ymstoku"},"content":{"rendered":"<p><strong>W dniach 25\u201328 sierpnia 2026 r. na Wydziale Nauk o Edukacji Uniwersytetu w Bia\u0142ymstoku odby\u0142a si\u0119 mi\u0119dzynarodowa konferencja ATEE 2026 \u201eCrossing Borders with and in Teacher Education\u201d, organizowana w ramach dzia\u0142alno\u015bci Association for Teacher Education in Europe (ATEE). Wydarzenie zgromadzi\u0142o \u015brodowisko akademickie i eksperckie zajmuj\u0105ce si\u0119 kszta\u0142ceniem nauczycieli, edukacj\u0105 oraz wsp\u00f3\u0142prac\u0105 mi\u0119dzynarodow\u0105. W konferencji przewidziano udzia\u0142 oko\u0142o 300 uczestnik\u00f3w z r\u00f3\u017cnych kraj\u00f3w \u015bwiata, co stworzy\u0142o szczeg\u00f3lnie dogodn\u0105 przestrze\u0144 do prezentacji inicjatyw wspieraj\u0105cych mi\u0119dzynarodow\u0105 mobilno\u015b\u0107 naukowc\u00f3w.<\/strong><\/p>\n<p>27 sierpnia 2026 r. podczas konferencji uruchomiono stoisko informacyjno-promocyjne sieci EURAXESS, kt\u00f3rego celem by\u0142o przybli\u017cenie uczestnikom konferencji mo\u017cliwo\u015bci oferowanych przez sie\u0107 oraz promocja nowo utworzonego punktu EURAXESS w wojew\u00f3dztwie podlaskim.<\/p>\n<p>Na stoisku dy\u017curowali przedstawiciele podlaskiego punktu sieci EURAXESS reprezentuj\u0105cy regionalne uczelnie: Izabela Karpi\u0144ska i Agata Dzieko\u0144ska z Politechniki Bia\u0142ostockiej, Mateusz Szyc z Uniwersytetu Medycznego w Bia\u0142ymstoku oraz Anna Maj i Piotr Bia\u0142as z Uniwersytetu w Bia\u0142ymstoku.<\/p>\n<div style=\"clear: both\">&nbsp;<\/div>\n<p>Uczestnicy konferencji mieli mo\u017cliwo\u015b\u0107 uzyskania informacji na temat sieci EURAXESS, jej cel\u00f3w i zakresu dzia\u0142alno\u015bci, a tak\u017ce dost\u0119pnych form wsparcia dla naukowc\u00f3w planuj\u0105cych rozw\u00f3j kariery mi\u0119dzynarodowej, mobilno\u015b\u0107 oraz podejmowanie wsp\u00f3\u0142pracy badawczej w Europie. Szczeg\u00f3ln\u0105 uwag\u0119 po\u015bwi\u0119cono mo\u017cliwo\u015bciom korzystania z informacji i wsparcia oferowanego przez punkty EURAXESS w zakresie mobilno\u015bci naukowej, warunk\u00f3w podejmowania pracy badawczej oraz funkcjonowania naukowc\u00f3w w nowym \u015brodowisku akademickim.<\/p>\n<p>Obecno\u015b\u0107 stoiska EURAXESS podczas wydarzenia o tak du\u017cym, mi\u0119dzynarodowym zasi\u0119gu stanowi\u0142a r\u00f3wnie\u017c wa\u017cny element promocji nowo utworzonego punktu sieci w wojew\u00f3dztwie podlaskim. Bezpo\u015bredni kontakt z zagranicznymi uczestnikami konferencji pozwoli\u0142 na zwi\u0119kszenie rozpoznawalno\u015bci sieci w\u015br\u00f3d przedstawicieli \u015brodowiska akademickiego oraz nawi\u0105zanie kontakt\u00f3w, kt\u00f3re mog\u0105 przyczyni\u0107 si\u0119 do dalszego rozwoju wsp\u00f3\u0142pracy mi\u0119dzynarodowej w regionie.<\/p>\n<p>Udzia\u0142 przedstawicieli podlaskiego punktu EURAXESS w konferencji by\u0142 tak\u017ce okazj\u0105 do wymiany do\u015bwiadcze\u0144 i rozpoznania potrzeb zagranicznych naukowc\u00f3w oraz przedstawicieli instytucji szkolnictwa wy\u017cszego, co pozwala lepiej dostosowywa\u0107 dzia\u0142ania informacyjne i wspieraj\u0105ce do oczekiwa\u0144 mi\u0119dzynarodowego \u015brodowiska akademickiego.<\/p>\n<p>Organizacja stoiska by\u0142a elementem dzia\u0142a\u0144 informacyjno-promocyjnych sieci EURAXESS w regionie, ukierunkowanych na zwi\u0119kszanie widoczno\u015bci sieci, docieranie do potencjalnych beneficjent\u00f3w jej us\u0142ug oraz wspieranie mi\u0119dzynarodowej mobilno\u015bci i rozwoju kariery naukowej.<\/p>\n<p>Wi\u0119cej informacji o konferencji: <a href=\"https:\/\/atee.uwb.edu.pl\/?utm_source=chatgpt.com\">ATEE 2026 \u2013 \u201eCrossing Borders with and in Teacher Education\u201d<\/a><\/p>\nngg_shortcode_0_placeholderProjekt \u201eNaukowa przysz\u0142o\u015b\u0107 Podlasia \u2013 EURAXESS w dzia\u0142aniu\u201d, finansowany jest ze \u015brodk\u00f3w Unii Europejskiej z Funduszu Europejskiego dla Rozwoju Spo\u0142ecznego 2021 \u2013 2027 (FERS) w ramach projektu pt.: \u201eWsparcie instytucji szkolnictwa wy\u017cszego i nauki w obs\u0142udze os\u00f3b cudzoziemskich oraz Polek i Polak\u00f3w wyje\u017cd\u017caj\u0105cych za granic\u0119\u201d, nr FERS.01.05.IP.08-0003\/24.<\/p>\n<p><img loading=\"lazy\" decoding=\"async\" class=\"alignnone wp-image-26602\" src=\"https:\/\/pb.edu.pl\/iros\/wp-content\/uploads\/sites\/24\/2025\/08\/FERS-RP-UE-NAWA-poziom-kolor-300x32.png\" alt=\"\" width=\"516\" height=\"55\" srcset=\"https:\/\/pb.edu.pl\/iros\/wp-content\/uploads\/sites\/24\/2025\/08\/FERS-RP-UE-NAWA-poziom-kolor-300x32.png 300w, https:\/\/pb.edu.pl\/iros\/wp-content\/uploads\/sites\/24\/2025\/08\/FERS-RP-UE-NAWA-poziom-kolor-1024x109.png 1024w, https:\/\/pb.edu.pl\/iros\/wp-content\/uploads\/sites\/24\/2025\/08\/FERS-RP-UE-NAWA-poziom-kolor-768x82.png 768w, https:\/\/pb.edu.pl\/iros\/wp-content\/uploads\/sites\/24\/2025\/08\/FERS-RP-UE-NAWA-poziom-kolor-1536x163.png 1536w, https:\/\/pb.edu.pl\/iros\/wp-content\/uploads\/sites\/24\/2025\/08\/FERS-RP-UE-NAWA-poziom-kolor-2048x218.png 2048w\" sizes=\"auto, (max-width: 516px) 100vw, 516px\" \/><\/p>\n<p>#FunduszeEuropejskie<\/p>\n<p>#FunduszeEU<\/p>\n","protected":false},"excerpt":{"rendered":"<p>W dniach 25\u201328 sierpnia 2026 r. na Uniwersytecie w Bia\u0142ymstoku<\/p>\n","protected":false},"author":190,"featured_media":32760,"comment_status":"closed","ping_status":"closed","sticky":false,"template":"","format":"standard","meta":{"_acf_changed":false,"ngg_post_thumbnail":0,"footnotes":""},"categories":[14],"tags":[],"class_list":["post-32758","post","type-post","status-publish","format-standard","has-post-thumbnail","hentry","category-aktualnosci-bwm"],"acf":[],"_links":{"self":[{"href":"https:\/\/pb.edu.pl\/iros\/wp-json\/wp\/v2\/posts\/32758","targetHints":{"allow":["GET"]}}],"collection":[{"href":"https:\/\/pb.edu.pl\/iros\/wp-json\/wp\/v2\/posts"}],"about":[{"href":"https:\/\/pb.edu.pl\/iros\/wp-json\/wp\/v2\/types\/post"}],"author":[{"embeddable":true,"href":"https:\/\/pb.edu.pl\/iros\/wp-json\/wp\/v2\/users\/190"}],"replies":[{"embeddable":true,"href":"https:\/\/pb.edu.pl\/iros\/wp-json\/wp\/v2\/comments?post=32758"}],"version-history":[{"count":5,"href":"https:\/\/pb.edu.pl\/iros\/wp-json\/wp\/v2\/posts\/32758\/revisions"}],"predecessor-version":[{"id":32787,"href":"https:\/\/pb.edu.pl\/iros\/wp-json\/wp\/v2\/posts\/32758\/revisions\/32787"}],"wp:featuredmedia":[{"embeddable":true,"href":"https:\/\/pb.edu.pl\/iros\/wp-json\/wp\/v2\/media\/32760"}],"wp:attachment":[{"href":"https:\/\/pb.edu.pl\/iros\/wp-json\/wp\/v2\/media?parent=32758"}],"wp:term":[{"taxonomy":"category","embeddable":true,"href":"https:\/\/pb.edu.pl\/iros\/wp-json\/wp\/v2\/categories?post=32758"},{"taxonomy":"post_tag","embeddable":true,"href":"https:\/\/pb.edu.pl\/iros\/wp-json\/wp\/v2\/tags?post=32758"}],"curies":[{"name":"wp","href":"https:\/\/api.w.org\/{rel}","templated":true}]}}