{"id":32641,"date":"2026-08-12T14:06:13","date_gmt":"2026-08-12T12:06:13","guid":{"rendered":"https:\/\/pb.edu.pl\/iros\/?p=32641"},"modified":"2026-08-25T14:13:47","modified_gmt":"2026-08-25T12:13:47","slug":"mobilnosc-pracownikow-w-universita-degli-studi","status":"publish","type":"post","link":"https:\/\/pb.edu.pl\/iros\/2026\/08\/12\/mobilnosc-pracownikow-w-universita-degli-studi\/","title":{"rendered":"Mobilno\u015b\u0107 pracownik\u00f3w w Universit\u00e0 degli Studi"},"content":{"rendered":"<h3>W dniach <strong>23\u201329.07.2026 r.<\/strong> Servando Herrera Zuazo oraz Edyta Dudzi\u0144ska odbyli mobilno\u015b\u0107 w <strong>Universit\u00e0 degli Studi<\/strong> \u201eG. d\u2019Annunzio\u201d Chieti\u2013Pescara w ramach programu Erasmus+ Staff Training.<\/h3>\n<p>Celem mobilno\u015bci by\u0142o wzmocnienie wsp\u00f3\u0142pracy mi\u0119dzy Politechnik\u0105 Bia\u0142ostock\u0105 a uczelni\u0105 partnersk\u0105 oraz wymiana do\u015bwiadcze\u0144 w zakresie organizacji mobilno\u015bci mi\u0119dzynarodowych. Podczas pobytu odby\u0142y si\u0119 spotkania z pracownikami Biura Wsp\u00f3\u0142pracy Mi\u0119dzynarodowej w kampusie Chieti, w tym z Rossell\u0105 Borrone, odpowiedzialn\u0105 za umowy mi\u0119dzynarodowe, w tym w ramach programu Erasmus+, oraz koordynacj\u0119 mobilno\u015bci pracownik\u00f3w. Rozmowy dotyczy\u0142y m.in. realizacji umowy mi\u0119dzyinstytucjonalnej, organizacji mobilno\u015bci student\u00f3w i pracownik\u00f3w oraz procedur administracyjnych. Zapoznano si\u0119 r\u00f3wnie\u017c z ofert\u0105 dydaktyczn\u0105 i badawcz\u0105 uczelni oraz systemem wsparcia i obs\u0142ugi student\u00f3w Erasmus+ (Erasmus Center \/ Help Station).<\/p>\n<p>Istotnym elementem pobytu by\u0142y rozmowy dotycz\u0105ce dalszego rozwoju wsp\u00f3\u0142pracy. Om\u00f3wiono mo\u017cliwo\u015bci organizacji Blended Intensive Programmes (BIP) i szk\u00f3\u0142 letnich, a tak\u017ce wsp\u00f3\u0142pracy w zakresie praktyk i innych form mobilno\u015bci. Przedstawiono r\u00f3wnie\u017c za\u0142o\u017cenia organizowanego na Politechnice Bia\u0142ostockiej Dnia W\u0142oskiego, zapraszaj\u0105c przedstawicieli uczelni partnerskiej do udzia\u0142u w wydarzeniu w pa\u017adzierniku 2026 roku.<\/p>\n<p>Podczas pobytu pracownicy uczelni oprowadzili przedstawicieli PB po rozleg\u0142ym kampusie w Chieti, na kt\u00f3rym zlokalizowane s\u0105 liczne jednostki dydaktyczne i badawcze, w tym m.in. Wydzia\u0142 Psychologii, Farmacji, Nauk Medycznych, Nauk \u015acis\u0142ych oraz Nauk Filozoficznych, Pedagogicznych i Spo\u0142ecznych. Z kolei Architektura, In\u017cynieria, Ekonomia, Zarz\u0105dzanie oraz wi\u0119kszo\u015b\u0107 kierunk\u00f3w j\u0119zykowych s\u0105 przypisane do kampusu w Pescara.<\/p>\n<p>Pobyt przyni\u00f3s\u0142 konkretne rezultaty, w tym odnowienie Umowy Mi\u0119dzyinstytucjonalnej (IIA) mi\u0119dzy uczelniami oraz wst\u0119pne ustalenia dotycz\u0105ce wsp\u00f3lnej organizacji BIP-\u00f3w i szk\u00f3\u0142 letnich. Spotkania przyczyni\u0142y si\u0119 r\u00f3wnie\u017c do zacie\u015bnienia bezpo\u015bredniej wsp\u00f3\u0142pracy mi\u0119dzy pracownikami obu uczelni.<\/p>\n<p>Mobilno\u015b\u0107 by\u0142a warto\u015bciow\u0105 okazj\u0105 do poznania dobrych praktyk w zakresie umi\u0119dzynarodowienia uczelni oraz nawi\u0105zania bezpo\u015brednich relacji roboczych. Zdobyte do\u015bwiadczenia i wypracowane pomys\u0142y stanowi\u0105 dobr\u0105 podstaw\u0119 do dalszego rozwijania wsp\u00f3\u0142pracy mi\u0119dzy Politechnik\u0105 Bia\u0142ostock\u0105 a Universit\u00e0 degli Studi \u201eG. d\u2019Annunzio\u201d Chieti\u2013Pescara.<\/p>\nngg_shortcode_0_placeholder\n","protected":false},"excerpt":{"rendered":"<p>Mobilno\u015b\u0107 w ramach programu Erasmus+<\/p>\n","protected":false},"author":195,"featured_media":32651,"comment_status":"closed","ping_status":"closed","sticky":false,"template":"","format":"standard","meta":{"_acf_changed":false,"ngg_post_thumbnail":0,"footnotes":""},"categories":[14,67],"tags":[],"class_list":["post-32641","post","type-post","status-publish","format-standard","has-post-thumbnail","hentry","category-aktualnosci-bwm","category-relacje-wyjazdy-pracownikow-od-lipiec-2024"],"acf":[],"_links":{"self":[{"href":"https:\/\/pb.edu.pl\/iros\/wp-json\/wp\/v2\/posts\/32641","targetHints":{"allow":["GET"]}}],"collection":[{"href":"https:\/\/pb.edu.pl\/iros\/wp-json\/wp\/v2\/posts"}],"about":[{"href":"https:\/\/pb.edu.pl\/iros\/wp-json\/wp\/v2\/types\/post"}],"author":[{"embeddable":true,"href":"https:\/\/pb.edu.pl\/iros\/wp-json\/wp\/v2\/users\/195"}],"replies":[{"embeddable":true,"href":"https:\/\/pb.edu.pl\/iros\/wp-json\/wp\/v2\/comments?post=32641"}],"version-history":[{"count":1,"href":"https:\/\/pb.edu.pl\/iros\/wp-json\/wp\/v2\/posts\/32641\/revisions"}],"predecessor-version":[{"id":32653,"href":"https:\/\/pb.edu.pl\/iros\/wp-json\/wp\/v2\/posts\/32641\/revisions\/32653"}],"wp:featuredmedia":[{"embeddable":true,"href":"https:\/\/pb.edu.pl\/iros\/wp-json\/wp\/v2\/media\/32651"}],"wp:attachment":[{"href":"https:\/\/pb.edu.pl\/iros\/wp-json\/wp\/v2\/media?parent=32641"}],"wp:term":[{"taxonomy":"category","embeddable":true,"href":"https:\/\/pb.edu.pl\/iros\/wp-json\/wp\/v2\/categories?post=32641"},{"taxonomy":"post_tag","embeddable":true,"href":"https:\/\/pb.edu.pl\/iros\/wp-json\/wp\/v2\/tags?post=32641"}],"curies":[{"name":"wp","href":"https:\/\/api.w.org\/{rel}","templated":true}]}}