{"id":32619,"date":"2026-07-27T13:55:40","date_gmt":"2026-07-27T11:55:40","guid":{"rendered":"https:\/\/pb.edu.pl\/iros\/?p=32619"},"modified":"2026-08-26T09:53:05","modified_gmt":"2026-08-26T07:53:05","slug":"wizyta-przedstawicielki-dzialu-mobilnosci-i-obslugi-umow-miedzynarodowych-na-uniwersytecie-w-splicie-w-ramach-programu-erasmus","status":"publish","type":"post","link":"https:\/\/pb.edu.pl\/iros\/2026\/07\/27\/wizyta-przedstawicielki-dzialu-mobilnosci-i-obslugi-umow-miedzynarodowych-na-uniwersytecie-w-splicie-w-ramach-programu-erasmus\/","title":{"rendered":"Wizyta przedstawicielki Dzia\u0142u Mobilno\u015bci i Obs\u0142ugi Um\u00f3w Mi\u0119dzynarodowych na Uniwersytecie w Splicie w ramach programu Erasmus+"},"content":{"rendered":"<h3>W dniach 6\u201310 lipca 2026 r. przedstawicielka Biura ds. Wsp\u00f3\u0142pracy Mi\u0119dzynarodowej Politechniki Bia\u0142ostockiej \u2013 Magdalena Wilczewska-Charkiewicz \u2013 odby\u0142a wizyt\u0119 szkoleniow\u0105 na <strong>Uniwersytecie w Splicie<\/strong> (Chorwacja) w ramach programu Erasmus+ (mobilno\u015b\u0107 pracownik\u00f3w w celach szkoleniowych). Celem wyjazdu by\u0142a wymiana dobrych praktyk, doskonalenie procedur zwi\u0105zanych z mobilno\u015bci\u0105 oraz rozwijanie wsp\u00f3\u0142pracy z uczelni\u0105 partnersk\u0105.<\/h3>\n<p>Podczas spotka\u0144 z pracownikami Biura Wsp\u00f3\u0142pracy Mi\u0119dzynarodowej Uniwersytetu w Splicie om\u00f3wiono organizacj\u0119 mobilno\u015bci pracownik\u00f3w (STA\/STT), funkcjonowanie inicjatywy Erasmus Without Paper (EWP) oraz realizacj\u0119 Blended Intensive Programmes (BIP). Wizyta umo\u017cliwi\u0142a poznanie rozwi\u0105za\u0144 stosowanych przez chorwack\u0105 uczelni\u0119, kt\u00f3re mog\u0105 zosta\u0107 wykorzystane przy dalszym rozwoju cyfrowego obiegu dokument\u00f3w mobilno\u015bciowych oraz organizacji nowoczesnych form kszta\u0142cenia na Politechnice Bia\u0142ostockiej.<\/p>\n<p>Uniwersytet w Splicie jest jednym z czo\u0142owych o\u015brodk\u00f3w akademickich w Chorwacji oraz cz\u0142onkiem sojuszu European University of the Seas (SEA-EU). Wizyta potwierdzi\u0142a gotowo\u015b\u0107 obu uczelni do dalszego rozwijania wsp\u00f3\u0142pracy, obejmuj\u0105cej wymian\u0119 pracownik\u00f3w, udzia\u0142 w International Staff Week oraz wzmacnianie kontakt\u00f3w mi\u0119dzy wydzia\u0142ami obu instytucji.<\/p>\nngg_shortcode_0_placeholder\n","protected":false},"excerpt":{"rendered":"<p>Mobilno\u015b\u0107 w ramach programu Erasmus+<\/p>\n","protected":false},"author":195,"featured_media":32657,"comment_status":"closed","ping_status":"closed","sticky":false,"template":"","format":"standard","meta":{"_acf_changed":false,"ngg_post_thumbnail":0,"footnotes":""},"categories":[14,67],"tags":[],"class_list":["post-32619","post","type-post","status-publish","format-standard","has-post-thumbnail","hentry","category-aktualnosci-bwm","category-relacje-wyjazdy-pracownikow-od-lipiec-2024"],"acf":[],"_links":{"self":[{"href":"https:\/\/pb.edu.pl\/iros\/wp-json\/wp\/v2\/posts\/32619","targetHints":{"allow":["GET"]}}],"collection":[{"href":"https:\/\/pb.edu.pl\/iros\/wp-json\/wp\/v2\/posts"}],"about":[{"href":"https:\/\/pb.edu.pl\/iros\/wp-json\/wp\/v2\/types\/post"}],"author":[{"embeddable":true,"href":"https:\/\/pb.edu.pl\/iros\/wp-json\/wp\/v2\/users\/195"}],"replies":[{"embeddable":true,"href":"https:\/\/pb.edu.pl\/iros\/wp-json\/wp\/v2\/comments?post=32619"}],"version-history":[{"count":1,"href":"https:\/\/pb.edu.pl\/iros\/wp-json\/wp\/v2\/posts\/32619\/revisions"}],"predecessor-version":[{"id":32628,"href":"https:\/\/pb.edu.pl\/iros\/wp-json\/wp\/v2\/posts\/32619\/revisions\/32628"}],"wp:featuredmedia":[{"embeddable":true,"href":"https:\/\/pb.edu.pl\/iros\/wp-json\/wp\/v2\/media\/32657"}],"wp:attachment":[{"href":"https:\/\/pb.edu.pl\/iros\/wp-json\/wp\/v2\/media?parent=32619"}],"wp:term":[{"taxonomy":"category","embeddable":true,"href":"https:\/\/pb.edu.pl\/iros\/wp-json\/wp\/v2\/categories?post=32619"},{"taxonomy":"post_tag","embeddable":true,"href":"https:\/\/pb.edu.pl\/iros\/wp-json\/wp\/v2\/tags?post=32619"}],"curies":[{"name":"wp","href":"https:\/\/api.w.org\/{rel}","templated":true}]}}