{"id":32592,"date":"2026-08-11T13:07:14","date_gmt":"2026-08-11T11:07:14","guid":{"rendered":"https:\/\/pb.edu.pl\/iros\/?p=32592"},"modified":"2026-08-25T13:10:32","modified_gmt":"2026-08-25T11:10:32","slug":"wizyta-przedstawicielek-wbins-pb-na-uniwersytecie-w-pizie-w-ramach-programu-erasmus","status":"publish","type":"post","link":"https:\/\/pb.edu.pl\/iros\/2026\/08\/11\/wizyta-przedstawicielek-wbins-pb-na-uniwersytecie-w-pizie-w-ramach-programu-erasmus\/","title":{"rendered":"Wizyta przedstawicielek WBiN\u015a PB na Uniwersytecie w Pizie w ramach programu Erasmus+"},"content":{"rendered":"<h3>W dniach 24\u201330 lipca 2026 r. prof. dr hab. in\u017c. Dorota Krawczyk oraz dr in\u017c. Beata Sadowska z Wydzia\u0142u Budownictwa i nauk o \u015arodowisku Politechniki Bia\u0142ostockiej odby\u0142y mobilno\u015b\u0107 w ramach programu Erasmus+ Staff Mobility for Training na <strong>Uniwersytecie w Pizie<\/strong> we W\u0142oszech.<\/h3>\n<p>Wizyta zosta\u0142a zrealizowana na Wydziale Energii, System\u00f3w, In\u017cynierii L\u0105dowej i Budowlanej (Dipartimento di Ingegneria dell&#8217;Energia, dei Sistemi, del Territorio e delle Costruzioni) uczelni goszcz\u0105cej i mia\u0142a na celu rozwini\u0119cie wsp\u00f3\u0142pracy mi\u0119dzynarodowej w obszarze budownictwa zr\u00f3wnowa\u017conego oraz kszta\u0142cenia przysz\u0142ych in\u017cynier\u00f3w.<\/p>\n<p>Istotnym elementem mobilno\u015bci by\u0142y spotkania z przedstawicielami Uniwersytetu w Pizie, w tym z prof. ing. Marco Giorgio Bevilacqua oraz assoc. prof. Giovanni Santi. Rozmowy dotyczy\u0142y struktury uczelni zar\u00f3wno przyjmuj\u0105cej, jak i Politechniki Bia\u0142ostockiej, wymiany informacji o sposobach organizacji systemu kszta\u0142cenia na obu uczelniach oraz do\u015bwiadcze\u0144 w zakresie prowadzenia zaj\u0119\u0107 oraz szk\u00f3\u0142 letnich. Om\u00f3wiono zagadnienia jakimi zajmuj\u0105 si\u0119 uczelnie i mo\u017cliwo\u015bci rozwini\u0119cia wsp\u00f3\u0142pracy zar\u00f3wno dydaktycznej, jak i naukowej.<\/p>\n<p>Podczas wizyty szczeg\u00f3ln\u0105 uwag\u0119 po\u015bwi\u0119cono wsp\u00f3\u0142pracy w ramach programu Erasmus+, w tym mo\u017cliwo\u015bciom zaktywizowania wymiany akademickiej. Przedyskutowano tak\u017ce mo\u017cliwo\u015b\u0107 potencjalnych wsp\u00f3lnych dzia\u0142a\u0144, w tym wsp\u00f3lnych projekt\u00f3w w obszarze kszta\u0142towania budynk\u00f3w zr\u00f3wnowa\u017conych zar\u00f3wno z punktu widzenia projektowania architektonicznego, materia\u0142owo-konstrukcyjnego, a tak\u017ce efektywnych energetycznie instalacji budowlanych. Wymieniono do\u015bwiadczenia w zakresie problem\u00f3w w sk\u0142adaniu i realizacji projekt\u00f3w; mo\u017cliwo\u015bci ich realizacji.<\/p>\n<p>Spotkania te da\u0142y r\u00f3wnie\u017c mo\u017cliwo\u015b\u0107 nawi\u0105zania konkretnych kontakt\u00f3w zawodowych. Przedyskutowano mo\u017cliwo\u015b\u0107 wsp\u00f3lnego udzia\u0142u w szko\u0142ach letnich, szkoleniach, konferencjach mi\u0119dzynarodowych, przygotowania wsp\u00f3lnych publikacji.<\/p>\n<p>Przeprowadzona mobilno\u015b\u0107 na Uniwersytecie w Pizie przyczyni\u0142a si\u0119 r\u00f3wnie\u017c do promocji uczelni macierzystej na arenie mi\u0119dzynarodowej i otworzy\u0142a drzwi do dalszej, potencjalnej wsp\u00f3\u0142pracy naukowej i dydaktycznej pomi\u0119dzy obiema uczelniami. Wizyta stanowi wa\u017cny krok w kierunku zacie\u015bnienia relacji mi\u0119dzyuczelnianych.<\/p>\nngg_shortcode_0_placeholder\n","protected":false},"excerpt":{"rendered":"<p>Mobilno\u015b\u0107 w ramach programu Erasmus+<\/p>\n","protected":false},"author":195,"featured_media":32600,"comment_status":"closed","ping_status":"closed","sticky":false,"template":"","format":"standard","meta":{"_acf_changed":false,"ngg_post_thumbnail":0,"footnotes":""},"categories":[14,67],"tags":[],"class_list":["post-32592","post","type-post","status-publish","format-standard","has-post-thumbnail","hentry","category-aktualnosci-bwm","category-relacje-wyjazdy-pracownikow-od-lipiec-2024"],"acf":[],"_links":{"self":[{"href":"https:\/\/pb.edu.pl\/iros\/wp-json\/wp\/v2\/posts\/32592","targetHints":{"allow":["GET"]}}],"collection":[{"href":"https:\/\/pb.edu.pl\/iros\/wp-json\/wp\/v2\/posts"}],"about":[{"href":"https:\/\/pb.edu.pl\/iros\/wp-json\/wp\/v2\/types\/post"}],"author":[{"embeddable":true,"href":"https:\/\/pb.edu.pl\/iros\/wp-json\/wp\/v2\/users\/195"}],"replies":[{"embeddable":true,"href":"https:\/\/pb.edu.pl\/iros\/wp-json\/wp\/v2\/comments?post=32592"}],"version-history":[{"count":1,"href":"https:\/\/pb.edu.pl\/iros\/wp-json\/wp\/v2\/posts\/32592\/revisions"}],"predecessor-version":[{"id":32599,"href":"https:\/\/pb.edu.pl\/iros\/wp-json\/wp\/v2\/posts\/32592\/revisions\/32599"}],"wp:featuredmedia":[{"embeddable":true,"href":"https:\/\/pb.edu.pl\/iros\/wp-json\/wp\/v2\/media\/32600"}],"wp:attachment":[{"href":"https:\/\/pb.edu.pl\/iros\/wp-json\/wp\/v2\/media?parent=32592"}],"wp:term":[{"taxonomy":"category","embeddable":true,"href":"https:\/\/pb.edu.pl\/iros\/wp-json\/wp\/v2\/categories?post=32592"},{"taxonomy":"post_tag","embeddable":true,"href":"https:\/\/pb.edu.pl\/iros\/wp-json\/wp\/v2\/tags?post=32592"}],"curies":[{"name":"wp","href":"https:\/\/api.w.org\/{rel}","templated":true}]}}