{"id":32577,"date":"2026-08-03T13:02:13","date_gmt":"2026-08-03T11:02:13","guid":{"rendered":"https:\/\/pb.edu.pl\/iros\/?p=32577"},"modified":"2026-08-25T13:06:30","modified_gmt":"2026-08-25T11:06:30","slug":"przedstawicielki-wiz-pb-z-wizyta-na-university-of-mauritius","status":"publish","type":"post","link":"https:\/\/pb.edu.pl\/iros\/2026\/08\/03\/przedstawicielki-wiz-pb-z-wizyta-na-university-of-mauritius\/","title":{"rendered":"Przedstawicielki WIZ PB z wizyt\u0105 na University of Mauritius"},"content":{"rendered":"<h3>W dniach 13-17 lipca 2026 r. przedstawicielki Wydzia\u0142u In\u017cynierii Zarz\u0105dzania Politechniki Bia\u0142ostockiej \u2013 dr Justyna Koz\u0142owska oraz dr Danuta Szpilko \u2013 odwiedzi\u0142y <strong>University of Mauritius<\/strong> w ramach programu Erasmus+.<\/h3>\n<p>Podczas wizyty przeprowadzi\u0142y warsztaty po\u015bwi\u0119cone wykorzystaniu kreatywnych metod podejmowania decyzji. W zaj\u0119ciach wzi\u0119\u0142o udzia\u0142 ponad 50 pracownik\u00f3w administracyjnych University of Mauritius.<\/p>\n<p>Program pobytu obejmowa\u0142 tak\u017ce spotkania z kadr\u0105 naukowo-dydaktyczn\u0105 i w\u0142adzami Wydzia\u0142u Prawa i Zarz\u0105dzania (Faculty of Law and Management), a tak\u017ce z pracownikami Biura Wsp\u00f3\u0142pracy Mi\u0119dzynarodowej (International Affairs Office). Delegacj\u0119 go\u015bcili Prof. Boopen Seetanah \u2013 Dziekan Wydzia\u0142u Prawa i Zarz\u0105dzania, Dr Sharmila Pudaruth \u2013 Kierownik Katedry Zarz\u0105dzania, oraz Mr Indeeren Vencatachellum. Odby\u0142o si\u0119 tak\u017ce spotkanie z Dyrektorem Dzia\u0142u Human Resources \u2013 Mr Shailendra S. Gungah. Przedstawicielki Politechniki Bia\u0142ostockiej zwiedzi\u0142y r\u00f3wnie\u017c kampus uczelni w R\u00e9duit, zapoznaj\u0105c si\u0119 z infrastruktur\u0105 przeznaczon\u0105 dla student\u00f3w i pracownik\u00f3w.<\/p>\n<p>Spotkania by\u0142y okazj\u0105 do zaprezentowania projekt\u00f3w realizowanych na Wydziale In\u017cynierii Zarz\u0105dzania (m.in. Europe LAND, CircleREedu, PermaLABS) oraz promocji czasopism naukowych Engineering Management in Production and Services i Akademia Zarz\u0105dzania. Rozmowy dotyczy\u0142y r\u00f3wnie\u017c mo\u017cliwo\u015bci podj\u0119cia wsp\u00f3lnych inicjatyw dydaktycznych i naukowych. W\u015br\u00f3d potencjalnych obszar\u00f3w wsp\u00f3\u0142pracy znalaz\u0142y si\u0119 m.in. zr\u00f3wnowa\u017cony rozw\u00f3j oraz kompetencje przysz\u0142o\u015bci.<\/p>\n<p>Om\u00f3wiono tak\u017ce mo\u017cliwo\u015b\u0107 realizacji wsp\u00f3lnych projekt\u00f3w badawczych w ramach programu Horyzont Europa, w tym inicjatyw adresowanych do kraj\u00f3w afryka\u0144skich. Pracownicy University of Mauritius wyrazili zainteresowanie sta\u017cami naukowymi oraz innymi formami wymiany akademickiej.<\/p>\n<p>Wyjazd zosta\u0142 zrealizowany w ramach projektu Erasmus+ KA171.<\/p>\nngg_shortcode_0_placeholder\n","protected":false},"excerpt":{"rendered":"<p>Mobilno\u015b\u0107 w ramach programu Erasmus+<\/p>\n","protected":false},"author":195,"featured_media":32589,"comment_status":"closed","ping_status":"closed","sticky":false,"template":"","format":"standard","meta":{"_acf_changed":false,"ngg_post_thumbnail":0,"footnotes":""},"categories":[14,67],"tags":[],"class_list":["post-32577","post","type-post","status-publish","format-standard","has-post-thumbnail","hentry","category-aktualnosci-bwm","category-relacje-wyjazdy-pracownikow-od-lipiec-2024"],"acf":[],"_links":{"self":[{"href":"https:\/\/pb.edu.pl\/iros\/wp-json\/wp\/v2\/posts\/32577","targetHints":{"allow":["GET"]}}],"collection":[{"href":"https:\/\/pb.edu.pl\/iros\/wp-json\/wp\/v2\/posts"}],"about":[{"href":"https:\/\/pb.edu.pl\/iros\/wp-json\/wp\/v2\/types\/post"}],"author":[{"embeddable":true,"href":"https:\/\/pb.edu.pl\/iros\/wp-json\/wp\/v2\/users\/195"}],"replies":[{"embeddable":true,"href":"https:\/\/pb.edu.pl\/iros\/wp-json\/wp\/v2\/comments?post=32577"}],"version-history":[{"count":1,"href":"https:\/\/pb.edu.pl\/iros\/wp-json\/wp\/v2\/posts\/32577\/revisions"}],"predecessor-version":[{"id":32591,"href":"https:\/\/pb.edu.pl\/iros\/wp-json\/wp\/v2\/posts\/32577\/revisions\/32591"}],"wp:featuredmedia":[{"embeddable":true,"href":"https:\/\/pb.edu.pl\/iros\/wp-json\/wp\/v2\/media\/32589"}],"wp:attachment":[{"href":"https:\/\/pb.edu.pl\/iros\/wp-json\/wp\/v2\/media?parent=32577"}],"wp:term":[{"taxonomy":"category","embeddable":true,"href":"https:\/\/pb.edu.pl\/iros\/wp-json\/wp\/v2\/categories?post=32577"},{"taxonomy":"post_tag","embeddable":true,"href":"https:\/\/pb.edu.pl\/iros\/wp-json\/wp\/v2\/tags?post=32577"}],"curies":[{"name":"wp","href":"https:\/\/api.w.org\/{rel}","templated":true}]}}