{"id":32569,"date":"2026-08-05T12:58:03","date_gmt":"2026-08-05T10:58:03","guid":{"rendered":"https:\/\/pb.edu.pl\/iros\/?p=32569"},"modified":"2026-08-25T13:01:34","modified_gmt":"2026-08-25T11:01:34","slug":"wyjazd-dydaktyczny-do-universidad-de-sevilla-w-ramach-programu-erasmus","status":"publish","type":"post","link":"https:\/\/pb.edu.pl\/iros\/2026\/08\/05\/wyjazd-dydaktyczny-do-universidad-de-sevilla-w-ramach-programu-erasmus\/","title":{"rendered":"Wyjazd dydaktyczny do Universidad de Sevilla w ramach programu Erasmus+"},"content":{"rendered":"<h3>W dniach 20\u201324 lipca 2026 r. dr Anna Kononiuk i dr Justyna Koz\u0142owska z Wydzia\u0142u In\u017cynierii Zarz\u0105dzania Politechniki Bia\u0142ostockiej odby\u0142y wyjazd dydaktyczny do <strong>Universidad de Sevilla<\/strong> w&nbsp;Hiszpanii w ramach programu Erasmus+. Wizyta zosta\u0142a zrealizowana na Facultad de Ciencias Econ\u00f3micas y Empresariales oraz Facultad de Turismo y Finanzas.<\/h3>\n<p>W trakcie wizyty dr Anna Kononiuk i dr Justyna Koz\u0142owska zaprezentowa\u0142y Politechnik\u0119 Bia\u0142ostock\u0105 oraz Wydzia\u0142 In\u017cynierii Zarz\u0105dzania, ze szczeg\u00f3lnym uwzgl\u0119dnieniem oferty studi\u00f3w prowadzonych w j\u0119zyku angielskim oraz mo\u017cliwo\u015bci realizacji mobilno\u015bci w ramach programu Erasmus+. Przeprowadzi\u0142y r\u00f3wnie\u017c warsztaty dla doktorant\u00f3w, m\u0142odych naukowc\u00f3w oraz pracownik\u00f3w administracyjnych po\u015bwi\u0119cone kreatywnym metodom wspierania rozwoju zawodowego i osobistego. &nbsp;<\/p>\n<p>Program wyjazdu obejmowa\u0142 tak\u017ce spotkania z przedstawicielami Universidad de Sevilla, w tym z&nbsp; prof. Antonio de la Torre Gallegosem \u2013 koordynatorem wydzia\u0142owym wizyty, nauczycielami akademickimi oraz pracownikami biura wsp\u00f3\u0142pracy mi\u0119dzynarodowej. Spotkania stanowi\u0142y okazj\u0119 do promocji uczelni i rozwijania wsp\u00f3\u0142pracy mi\u0119dzynarodowej. Rozmowy dotyczy\u0142y mo\u017cliwo\u015bci rozwijania wsp\u00f3\u0142pracy dydaktycznej i naukowej, mobilno\u015bci student\u00f3w i &nbsp;pracownik\u00f3w, przygotowywania wsp\u00f3lnych publikacji oraz projekt\u00f3w mi\u0119dzynarodowych.<\/p>\n<p>Wyjazd umo\u017cliwi\u0142 nawi\u0105zanie nowych kontakt\u00f3w z kadr\u0105 akademick\u0105 uczelni partnerskiej, wymian\u0119 do\u015bwiadcze\u0144 dotycz\u0105cych kszta\u0142cenia oraz promocj\u0119 oferty edukacyjnej Politechniki Bia\u0142ostockiej. Zdobyte do\u015bwiadczenia zostan\u0105 wykorzystane w dzia\u0142alno\u015bci dydaktycznej oraz podczas dzia\u0142a\u0144 wspieraj\u0105cych umi\u0119dzynarodowienie Wydzia\u0142u In\u017cynierii Zarz\u0105dzania. Planowana jest r\u00f3wnie\u017c kontynuacja wsp\u00f3\u0142pracy z Universidad de Sevilla poprzez organizacj\u0119 kolejnych mobilno\u015bci, wizyt dydaktycznych oraz wsp\u00f3lnych przedsi\u0119wzi\u0119\u0107 w ramach programu Erasmus+.<\/p>\nngg_shortcode_0_placeholder\n","protected":false},"excerpt":{"rendered":"<p>Mobilno\u015b\u0107 w ramach programu Erasmus+<\/p>\n","protected":false},"author":195,"featured_media":32574,"comment_status":"closed","ping_status":"closed","sticky":false,"template":"","format":"standard","meta":{"_acf_changed":false,"ngg_post_thumbnail":0,"footnotes":""},"categories":[14,67],"tags":[],"class_list":["post-32569","post","type-post","status-publish","format-standard","has-post-thumbnail","hentry","category-aktualnosci-bwm","category-relacje-wyjazdy-pracownikow-od-lipiec-2024"],"acf":[],"_links":{"self":[{"href":"https:\/\/pb.edu.pl\/iros\/wp-json\/wp\/v2\/posts\/32569","targetHints":{"allow":["GET"]}}],"collection":[{"href":"https:\/\/pb.edu.pl\/iros\/wp-json\/wp\/v2\/posts"}],"about":[{"href":"https:\/\/pb.edu.pl\/iros\/wp-json\/wp\/v2\/types\/post"}],"author":[{"embeddable":true,"href":"https:\/\/pb.edu.pl\/iros\/wp-json\/wp\/v2\/users\/195"}],"replies":[{"embeddable":true,"href":"https:\/\/pb.edu.pl\/iros\/wp-json\/wp\/v2\/comments?post=32569"}],"version-history":[{"count":1,"href":"https:\/\/pb.edu.pl\/iros\/wp-json\/wp\/v2\/posts\/32569\/revisions"}],"predecessor-version":[{"id":32576,"href":"https:\/\/pb.edu.pl\/iros\/wp-json\/wp\/v2\/posts\/32569\/revisions\/32576"}],"wp:featuredmedia":[{"embeddable":true,"href":"https:\/\/pb.edu.pl\/iros\/wp-json\/wp\/v2\/media\/32574"}],"wp:attachment":[{"href":"https:\/\/pb.edu.pl\/iros\/wp-json\/wp\/v2\/media?parent=32569"}],"wp:term":[{"taxonomy":"category","embeddable":true,"href":"https:\/\/pb.edu.pl\/iros\/wp-json\/wp\/v2\/categories?post=32569"},{"taxonomy":"post_tag","embeddable":true,"href":"https:\/\/pb.edu.pl\/iros\/wp-json\/wp\/v2\/tags?post=32569"}],"curies":[{"name":"wp","href":"https:\/\/api.w.org\/{rel}","templated":true}]}}