{"id":32558,"date":"2026-08-04T12:52:10","date_gmt":"2026-08-04T10:52:10","guid":{"rendered":"https:\/\/pb.edu.pl\/iros\/?p=32558"},"modified":"2026-08-25T12:57:20","modified_gmt":"2026-08-25T10:57:20","slug":"przedstawicielki-politechniki-bialostockiej-z-wizyta-szkoleniowa-w-klaipedos-valstybine-kolegija","status":"publish","type":"post","link":"https:\/\/pb.edu.pl\/iros\/2026\/08\/04\/przedstawicielki-politechniki-bialostockiej-z-wizyta-szkoleniowa-w-klaipedos-valstybine-kolegija\/","title":{"rendered":"Przedstawicielki Politechniki Bia\u0142ostockiej z wizyt\u0105 szkoleniow\u0105 w Klaip\u0117dos valstybin\u0117 kolegija"},"content":{"rendered":"<h3>W dniach 20-24 lipca 2026 r. Anna Ulitko-\u0141awicka oraz Izabela Karpi\u0144ska z Dzia\u0142u Projekt\u00f3w Mi\u0119dzynarodowych Erasmus+ i NAWA Politechniki Bia\u0142ostockiej uczestniczy\u0142y w mobilno\u015bci szkoleniowej Erasmus+ (Staff Training) w <a href=\"https:\/\/www.kvk.lt\/en\/\"><strong>Klaip\u0117dos valstybin\u0117 kolegija<\/strong><\/a> (KVK) na Litwie. Mobilno\u015b\u0107 zosta\u0142a zrealizowana w ramach programu Erasmus+ i mia\u0142a na celu wymian\u0119 do\u015bwiadcze\u0144 w zakresie internacjonalizacji uczelni, zarz\u0105dzania projektami mi\u0119dzynarodowymi oraz rozwoju wsp\u00f3\u0142pracy pomi\u0119dzy instytucjami.<\/h3>\n<p>Podczas pobytu uczestniczki odby\u0142y spotkania z pracownikami International Relations Office, odpowiedzialnymi za obs\u0142ug\u0119 mobilno\u015bci student\u00f3w i pracownik\u00f3w, a tak\u017ce organizacj\u0119 Blended Intensive Programmes (BIP). Rozmowy dotyczy\u0142y m.in. procedur zwi\u0105zanych z obs\u0142ug\u0105 mobilno\u015bci, rekrutacj\u0105 student\u00f3w zagranicznych, organizacj\u0105 wyjazd\u00f3w oraz mo\u017cliwo\u015bci poszerzenia wsp\u00f3\u0142pracy mi\u0119dzy uczelniami.<\/p>\n<p>Istotnym elementem wizyty by\u0142o r\u00f3wnie\u017c spotkanie w Applied Research and Project Activities Center, podczas kt\u00f3rego przedstawiciele KVK zaprezentowali rozwi\u0105zania stosowane w zakresie zarz\u0105dzania projektami mi\u0119dzynarodowymi. Szczeg\u00f3ln\u0105 uwag\u0119 zwr\u00f3cono na narz\u0119dzia wspieraj\u0105ce administrowanie projektami oraz monitorowanie realizowanych dzia\u0142a\u0144, co stanowi\u0142o cenne \u017ar\u00f3d\u0142o inspiracji dla dalszego rozwoju praktyk stosowanych na Politechnice Bia\u0142ostockiej.<\/p>\n<p>W trakcie wizyty uczestniczki mia\u0142y okazj\u0119 zapozna\u0107 si\u0119 ze struktur\u0105 organizacyjn\u0105 uczelni, jej zapleczem dydaktycznym oraz ofert\u0105 skierowan\u0105 do student\u00f3w zagranicznych. KVK kszta\u0142ci ponad 2000 student\u00f3w, aktywnie rozwija wsp\u00f3\u0142prac\u0119 mi\u0119dzynarodow\u0105 i corocznie przyjmuje student\u00f3w z wielu kraj\u00f3w w ramach programu Erasmus+.<\/p>\n<p>Mobilno\u015b\u0107 przyczyni\u0142a si\u0119 do pog\u0142\u0119bienia relacji pomi\u0119dzy Politechnik\u0105 Bia\u0142ostock\u0105 a Klaip\u0117dos valstybin\u0117 kolegija oraz pozwoli\u0142a na wymian\u0119 dobrych praktyk w zakresie koordynacji projekt\u00f3w, internacjonalizacji i obs\u0142ugi mobilno\u015bci akademickiej. Obie instytucje deklaruj\u0105 ch\u0119\u0107 dalszego rozwijania wsp\u00f3\u0142pracy, szczeg\u00f3lnie w obszarze wymiany student\u00f3w i pracownik\u00f3w, organizacji program\u00f3w BIP oraz realizacji wsp\u00f3lnych projekt\u00f3w mi\u0119dzynarodowych.<\/p>\nngg_shortcode_0_placeholder\n","protected":false},"excerpt":{"rendered":"<p>Mobilno\u015b\u0107 w ramach programu Erasmus+<\/p>\n","protected":false},"author":195,"featured_media":32564,"comment_status":"closed","ping_status":"closed","sticky":false,"template":"","format":"standard","meta":{"_acf_changed":false,"ngg_post_thumbnail":0,"footnotes":""},"categories":[14,67],"tags":[],"class_list":["post-32558","post","type-post","status-publish","format-standard","has-post-thumbnail","hentry","category-aktualnosci-bwm","category-relacje-wyjazdy-pracownikow-od-lipiec-2024"],"acf":[],"_links":{"self":[{"href":"https:\/\/pb.edu.pl\/iros\/wp-json\/wp\/v2\/posts\/32558","targetHints":{"allow":["GET"]}}],"collection":[{"href":"https:\/\/pb.edu.pl\/iros\/wp-json\/wp\/v2\/posts"}],"about":[{"href":"https:\/\/pb.edu.pl\/iros\/wp-json\/wp\/v2\/types\/post"}],"author":[{"embeddable":true,"href":"https:\/\/pb.edu.pl\/iros\/wp-json\/wp\/v2\/users\/195"}],"replies":[{"embeddable":true,"href":"https:\/\/pb.edu.pl\/iros\/wp-json\/wp\/v2\/comments?post=32558"}],"version-history":[{"count":2,"href":"https:\/\/pb.edu.pl\/iros\/wp-json\/wp\/v2\/posts\/32558\/revisions"}],"predecessor-version":[{"id":32567,"href":"https:\/\/pb.edu.pl\/iros\/wp-json\/wp\/v2\/posts\/32558\/revisions\/32567"}],"wp:featuredmedia":[{"embeddable":true,"href":"https:\/\/pb.edu.pl\/iros\/wp-json\/wp\/v2\/media\/32564"}],"wp:attachment":[{"href":"https:\/\/pb.edu.pl\/iros\/wp-json\/wp\/v2\/media?parent=32558"}],"wp:term":[{"taxonomy":"category","embeddable":true,"href":"https:\/\/pb.edu.pl\/iros\/wp-json\/wp\/v2\/categories?post=32558"},{"taxonomy":"post_tag","embeddable":true,"href":"https:\/\/pb.edu.pl\/iros\/wp-json\/wp\/v2\/tags?post=32558"}],"curies":[{"name":"wp","href":"https:\/\/api.w.org\/{rel}","templated":true}]}}