{"id":32545,"date":"2026-07-28T12:45:41","date_gmt":"2026-07-28T10:45:41","guid":{"rendered":"https:\/\/pb.edu.pl\/iros\/?p=32545"},"modified":"2026-08-25T12:51:13","modified_gmt":"2026-08-25T10:51:13","slug":"wizyta-dr-hab-moniki-kalinowskiej-prof-pb-na-uniwersytecie-w-udine-w-ramach-programu-erasmus","status":"publish","type":"post","link":"https:\/\/pb.edu.pl\/iros\/2026\/07\/28\/wizyta-dr-hab-moniki-kalinowskiej-prof-pb-na-uniwersytecie-w-udine-w-ramach-programu-erasmus\/","title":{"rendered":"Wizyta dr hab. Moniki Kalinowskiej, prof. PB na Uniwersytecie w Udine w ramach programu Erasmus+"},"content":{"rendered":"<h3>W ramach pobytu dr hab. Moniki Kalinowskiej, prof. PB w <strong>Uniwersytecie w Udine <\/strong><strong>(<\/strong>Department of Agricultural, Food, Environmental and Animal Sciences) w dniach <strong>6-10 lipca 2026 r.<\/strong> oraz dzi\u0119ki uprzejmo\u015bci <strong>prof. Elisa Marraccini<\/strong> odby\u0142y si\u0119 spotkania z pracownikami naukowymi, doktorantami i studentami, kt\u00f3rych celem by\u0142o przedstawienie potencja\u0142u naukowo-badawczego Politechniki Bia\u0142ostockiej oraz <strong>natureTECH<\/strong> Centrum Bada\u0144 Produkt\u00f3w Naturalnych, a tak\u017ce identyfikacja obszar\u00f3w przysz\u0142ej wsp\u00f3\u0142pracy naukowej i dydaktycznej.<\/h3>\n<p>Podczas spotka\u0144 dr hab. Monika Kalinowska, prof. PB zaprezentowa\u0142a dzia\u0142alno\u015b\u0107 Katedry Chemii, Biologii i Biotechnologii oraz Centrum natureTECH, ze szczeg\u00f3lnym uwzgl\u0119dnieniem bada\u0144 nad produktami naturalnymi, waloryzacj\u0105 odpad\u00f3w rolno-spo\u017cywczych, technologiami ekstrakcji i granulacji oraz ocen\u0105 aktywno\u015bci biologicznej zwi\u0105zk\u00f3w naturalnych. Przedstawi\u0142a r\u00f3wnie\u017c realizowane projekty badawcze, a tak\u017ce mo\u017cliwo\u015bci wsp\u00f3\u0142pracy w ramach program\u00f3w <strong>Horizon Europe<\/strong><strong>, <\/strong><strong>Erasmus+<\/strong> i projektu <strong>ACROSS<\/strong><strong>.<\/strong><\/p>\n<p>Po wyk\u0142adzie odby\u0142y si\u0119 indywidualne rozmowy z przedstawicielami r\u00f3\u017cnych zespo\u0142\u00f3w badawczych Uniwersytetu w Udine, m.in. z <strong>prof. Nicol\u0105 Tomasi<\/strong><strong>, <\/strong><strong>prof. Alessandr\u0105 Di Francesco<\/strong><strong>, <\/strong><strong>prof. Marco Contin<\/strong><strong>, <\/strong><strong>prof. Guido Fellet<\/strong> <strong>prof. Rosann\u0105 Toniolo<\/strong><strong>, <\/strong><strong>prof. Sabin\u0105 Susmel<\/strong><strong>, <\/strong><strong>prof. Walterem Baratta<\/strong><strong>, <\/strong><strong>prof. Daniele Zuccaccia, <\/strong>prof. Marco Zancani oraz <strong>prof. Eleonor\u0105 Aneggi<\/strong>. Dyskusje dotyczy\u0142y mo\u017cliwo\u015bci wsp\u00f3\u0142pracy w zakresie biotechnologii, produkt\u00f3w naturalnych, chemii \u015brodowiska, biosensor\u00f3w, katalizy oraz wsp\u00f3lnego przygotowywania projekt\u00f3w badawczych i publikacji naukowych. &nbsp;<\/p>\n<p>Istotnym elementem wizyty by\u0142o r\u00f3wnie\u017c zwiedzanie laboratori\u00f3w badawczych, gospodarstwa do\u015bwiadczalnego oraz banku nasion Uniwersytetu w Udine (Banca del Germoplasma Autoctono Vegetale \u2013 BAGAV). Spotkania umo\u017cliwi\u0142y wymian\u0119 do\u015bwiadcze\u0144 dotycz\u0105cych organizacji bada\u0144, wykorzystania infrastruktury badawczej oraz aktywnego udzia\u0142u student\u00f3w i doktorant\u00f3w w realizacji projekt\u00f3w naukowych. Szczeg\u00f3lne zainteresowanie partner\u00f3w wzbudzi\u0142y rozwi\u0105zania rozwijane w Centrum natureTECH w zakresie kompleksowej waloryzacji surowc\u00f3w naturalnych oraz ich zastosowa\u0144 w sektorze agro-food i biotechnologii.<\/p>\n<p>W wyniku przeprowadzonych spotka\u0144 okre\u015blono kilka perspektywicznych kierunk\u00f3w wsp\u00f3\u0142pracy obejmuj\u0105cych przygotowanie wsp\u00f3lnych publikacji naukowych, rozw\u00f3j projekt\u00f3w mi\u0119dzynarodowych, wymian\u0119 pracownik\u00f3w i doktorant\u00f3w. Nawi\u0105zane kontakty stanowi\u0105 dobr\u0105 podstaw\u0119 do budowania d\u0142ugofalowej wsp\u00f3\u0142pracy pomi\u0119dzy Politechnik\u0105 Bia\u0142ostock\u0105 a Uniwersytetem w Udine.<\/p>\nngg_shortcode_0_placeholder\n","protected":false},"excerpt":{"rendered":"<p>Mobilno\u015b\u0107 w ramach programu Erasmus+<\/p>\n","protected":false},"author":195,"featured_media":32555,"comment_status":"closed","ping_status":"closed","sticky":false,"template":"","format":"standard","meta":{"_acf_changed":false,"ngg_post_thumbnail":0,"footnotes":""},"categories":[14,67],"tags":[],"class_list":["post-32545","post","type-post","status-publish","format-standard","has-post-thumbnail","hentry","category-aktualnosci-bwm","category-relacje-wyjazdy-pracownikow-od-lipiec-2024"],"acf":[],"_links":{"self":[{"href":"https:\/\/pb.edu.pl\/iros\/wp-json\/wp\/v2\/posts\/32545","targetHints":{"allow":["GET"]}}],"collection":[{"href":"https:\/\/pb.edu.pl\/iros\/wp-json\/wp\/v2\/posts"}],"about":[{"href":"https:\/\/pb.edu.pl\/iros\/wp-json\/wp\/v2\/types\/post"}],"author":[{"embeddable":true,"href":"https:\/\/pb.edu.pl\/iros\/wp-json\/wp\/v2\/users\/195"}],"replies":[{"embeddable":true,"href":"https:\/\/pb.edu.pl\/iros\/wp-json\/wp\/v2\/comments?post=32545"}],"version-history":[{"count":1,"href":"https:\/\/pb.edu.pl\/iros\/wp-json\/wp\/v2\/posts\/32545\/revisions"}],"predecessor-version":[{"id":32557,"href":"https:\/\/pb.edu.pl\/iros\/wp-json\/wp\/v2\/posts\/32545\/revisions\/32557"}],"wp:featuredmedia":[{"embeddable":true,"href":"https:\/\/pb.edu.pl\/iros\/wp-json\/wp\/v2\/media\/32555"}],"wp:attachment":[{"href":"https:\/\/pb.edu.pl\/iros\/wp-json\/wp\/v2\/media?parent=32545"}],"wp:term":[{"taxonomy":"category","embeddable":true,"href":"https:\/\/pb.edu.pl\/iros\/wp-json\/wp\/v2\/categories?post=32545"},{"taxonomy":"post_tag","embeddable":true,"href":"https:\/\/pb.edu.pl\/iros\/wp-json\/wp\/v2\/tags?post=32545"}],"curies":[{"name":"wp","href":"https:\/\/api.w.org\/{rel}","templated":true}]}}