{"id":32519,"date":"2026-07-31T12:31:38","date_gmt":"2026-07-31T10:31:38","guid":{"rendered":"https:\/\/pb.edu.pl\/iros\/?p=32519"},"modified":"2026-08-25T12:37:42","modified_gmt":"2026-08-25T10:37:42","slug":"wizyta-studyjna-na-uniwersytecie-w-gironie-w-dniach-6-10-lipca-2026-r","status":"publish","type":"post","link":"https:\/\/pb.edu.pl\/iros\/2026\/07\/31\/wizyta-studyjna-na-uniwersytecie-w-gironie-w-dniach-6-10-lipca-2026-r\/","title":{"rendered":"Wizyta studyjna na Uniwersytecie w Gironie w dniach 6-10 lipca 2026 r."},"content":{"rendered":"<h3>W dniach 06.07-10.07.2026, pracownicy Wydzia\u0142u Budownictwa i Nauk o \u015arodowisku PB dr in\u017c. Joanna Struk-Soko\u0142owska i dr hab. in\u017c. Jacek Dawidowicz, odwiedzili w ramach Programu Erasmus+ KA131 <strong>Uniwersytet w Gironie<\/strong> w Hiszpanii. Podczas wizyty odby\u0142y si\u0119 spotkania z koordynatorem programu, pracownikami naukowymi oraz doktorantami prowadz\u0105cymi badania na Uczelni i w jednostkach wsp\u00f3\u0142pracuj\u0105cych.<\/h3>\n<p>W pierwszym dniu wizyty w Uniwersytecie w Gironie om\u00f3wiono program wizyty z Pani\u0105 Bego\u00f1a Serra Eiroa oraz zapoznano si\u0119 z obiektami po\u0142o\u017conymi na terenie Montilivi Campus, gdzie znajduj\u0105 si\u0119 m.in. Szko\u0142a Politechniczna, Wydzia\u0142 Nauk \u015acis\u0142ych, Wydzia\u0142 Nauk Ekonomicznych oraz Wydzia\u0142 Prawa. W sk\u0142ad Uczelni wchodz\u0105 ponadto, po\u0142o\u017cone w innych cz\u0119\u015bciach miasta Barri Vell Campus, b\u0119d\u0105cy miejscem dla Wydzia\u0142u Nauk Humanistycznych i Wydzia\u0142u Turystyki oraz Centre Campus z Wydzia\u0142em Piel\u0119gniarstwa i Wydzia\u0142em Medycznym.&nbsp;<\/p>\n<p>W kolejnym dniu pracownicy Politechniki Bia\u0142ostockiej spotkali si\u0119 z profesorem Antoni Pujol i Sagar\u00f3, cz\u0142onkiem Grupy Badawczej ds. In\u017cynierii P\u0142yn\u00f3w, Energii i \u015arodowiska (GREFEMA) na Wydziale In\u017cynierii Mechanicznej i Budownictwa Przemys\u0142owego, kt\u00f3rego siedziba mie\u015bci si\u0119 w Szkole Politechnicznej. Om\u00f3wiono mo\u017cliwo\u015bci wsp\u00f3\u0142pracy naukowej. Profesor Sagar\u00f3 przedstawi\u0142 r\u00f3wnie\u017c mo\u017cliwo\u015b\u0107 ubiegania si\u0119 przez student\u00f3w z Polski o studia doktoranckie w Uniwersytecie w Gironie i prowadzenia prac badawczych w ramach projektu naukowego. Zapoznano si\u0119 z baz\u0105 laboratoryjn\u0105 z zakresu mechaniki p\u0142yn\u00f3w na Wydziale In\u017cynierii Mechanicznej i Budownictwa Przemys\u0142owego i prowadzonymi badaniami.<\/p>\n<p>Nast\u0119pnie pracownicy odwiedzili Wydzia\u0142 Nauk \u015acis\u0142ych, gdzie profesor Gaetan Blandin zaprezentowa\u0142 laboratoria i om\u00f3wi\u0142 prowadzone badania. Spotkano si\u0119 z doktorantem Almoatasaem Alaufi, kt\u00f3ry pracuje nad zag\u0119szczaniem solanki odpadowej oraz studentk\u0105 drugiego stopnia Sar\u0105 Flos zajmuj\u0105c\u0105 si\u0119 tematyk\u0105 odnowy wody. Budynek wydzia\u0142u charakteryzuje si\u0119 unikaln\u0105 architektur\u0105 z betonu i aluminium, zaprojektowan\u0105 tak, by integrowa\u0107 przestrzenie laboratoryjne i wyk\u0142adowe z otaczaj\u0105cym kampus lasem poprzez wewn\u0119trzne dziedzi\u0144ce. Kolejnym etapem pobytu by\u0142a wizyta w Parku Naukowo-Technologicznym (Parc Cient\u00edfic), gdzie profesor Gaetan Blandin om\u00f3wi\u0142 badania prowadzone w ramach Laboratorium In\u017cynierii Chemicznej i \u015arodowiskowej (LEQUIA).<\/p>\n<p>Nast\u0119pnie pracownicy Politechniki Bia\u0142ostockiej z\u0142o\u017cyli wizyt\u0119 w Katalo\u0144skim Instytucie Bada\u0144 nad Wod\u0105, kt\u00f3ry jest publicznym instytutem badawczym, a celem jest pog\u0142\u0119bianie wiedzy na temat cyklu hydrologicznego i promowanie zr\u00f3wnowa\u017conego zarz\u0105dzania wod\u0105.<\/p>\n<p>Profesor Joaquim Comas zaprezentowa\u0142 laboratoria i om\u00f3wi\u0142 prowadzone badania. Zakres prac w Instytucie obejmuje procesy hydrologiczne i zasoby wodne, funkcjonowanie i biogeochemi\u0119 ekosystem\u00f3w wodnych, bior\u00f3\u017cnorodno\u015b\u0107 ekosystem\u00f3w wodnych, zanieczyszczenia w \u015brodowisku wodnym, zanieczyszczenia w uzdatnianiu wody, r\u00f3\u017cnorodno\u015b\u0107 mikrobiologiczn\u0105 i jako\u015b\u0107 wody, ekologi\u0119 rezystomu wodnego w wodach naturalnych i miejskich. Instytut wyposa\u017cany jest w bardzo nowoczesn\u0105 aparatur\u0119 badawcz\u0105.<\/p>\n<p>&nbsp;<\/p>\n<p style=\"text-align: right\">dr in\u017c. Joanna Struk-Soko\u0142owska<\/p>\n<p style=\"text-align: right\">dr hab. in\u017c. Jacek Dawidowicz<\/p>\nngg_shortcode_0_placeholder\n<p>&nbsp;<\/p>\n","protected":false},"excerpt":{"rendered":"<p>Mobilno\u015b\u0107 w ramach programu Erasmus+<\/p>\n","protected":false},"author":195,"featured_media":32531,"comment_status":"closed","ping_status":"closed","sticky":false,"template":"","format":"standard","meta":{"_acf_changed":false,"ngg_post_thumbnail":0,"footnotes":""},"categories":[14,67],"tags":[],"class_list":["post-32519","post","type-post","status-publish","format-standard","has-post-thumbnail","hentry","category-aktualnosci-bwm","category-relacje-wyjazdy-pracownikow-od-lipiec-2024"],"acf":[],"_links":{"self":[{"href":"https:\/\/pb.edu.pl\/iros\/wp-json\/wp\/v2\/posts\/32519","targetHints":{"allow":["GET"]}}],"collection":[{"href":"https:\/\/pb.edu.pl\/iros\/wp-json\/wp\/v2\/posts"}],"about":[{"href":"https:\/\/pb.edu.pl\/iros\/wp-json\/wp\/v2\/types\/post"}],"author":[{"embeddable":true,"href":"https:\/\/pb.edu.pl\/iros\/wp-json\/wp\/v2\/users\/195"}],"replies":[{"embeddable":true,"href":"https:\/\/pb.edu.pl\/iros\/wp-json\/wp\/v2\/comments?post=32519"}],"version-history":[{"count":1,"href":"https:\/\/pb.edu.pl\/iros\/wp-json\/wp\/v2\/posts\/32519\/revisions"}],"predecessor-version":[{"id":32533,"href":"https:\/\/pb.edu.pl\/iros\/wp-json\/wp\/v2\/posts\/32519\/revisions\/32533"}],"wp:featuredmedia":[{"embeddable":true,"href":"https:\/\/pb.edu.pl\/iros\/wp-json\/wp\/v2\/media\/32531"}],"wp:attachment":[{"href":"https:\/\/pb.edu.pl\/iros\/wp-json\/wp\/v2\/media?parent=32519"}],"wp:term":[{"taxonomy":"category","embeddable":true,"href":"https:\/\/pb.edu.pl\/iros\/wp-json\/wp\/v2\/categories?post=32519"},{"taxonomy":"post_tag","embeddable":true,"href":"https:\/\/pb.edu.pl\/iros\/wp-json\/wp\/v2\/tags?post=32519"}],"curies":[{"name":"wp","href":"https:\/\/api.w.org\/{rel}","templated":true}]}}