{"id":32508,"date":"2026-08-07T12:25:57","date_gmt":"2026-08-07T10:25:57","guid":{"rendered":"https:\/\/pb.edu.pl\/iros\/?p=32508"},"modified":"2026-08-25T12:31:02","modified_gmt":"2026-08-25T10:31:02","slug":"mobilnosc-erasmus-na-uniwersytecie-w-udine","status":"publish","type":"post","link":"https:\/\/pb.edu.pl\/iros\/2026\/08\/07\/mobilnosc-erasmus-na-uniwersytecie-w-udine\/","title":{"rendered":"Mobilno\u015b\u0107 Erasmus+ na Uniwersytecie w Udine"},"content":{"rendered":"<h3>W dniach 20\u201324 lipca 2026 r. w ramach programu Erasmus+ odby\u0142a si\u0119 mobilno\u015b\u0107 pracownicza mgr Justyny Chlabicz z Biura ds. Rozwoju i Program\u00f3w Mi\u0119dzynarodowych PB na Uniwersytecie w Udine (<a href=\"https:\/\/www.uniud.it\/en\/uniud-international\"><strong>Universit\u00e0 degli Studi di Udine<\/strong><\/a>) we W\u0142oszech. Wizyta odbywa\u0142a si\u0119 w Kampusie Administracji Centralnej Uniwersytetu.<\/h3>\n<p>Celem mobilno\u015bci by\u0142o poznanie organizacji pracy oraz sposob\u00f3w funkcjonowania jednostek administracyjnych wspieraj\u0105cych naukowc\u00f3w, realizacj\u0119 projekt\u00f3w mi\u0119dzynarodowych i rozw\u00f3j kariery akademickiej, a tak\u017ce wymiana do\u015bwiadcze\u0144 i dobrych praktyk, kt\u00f3re mog\u0105 zosta\u0107 wykorzystane w pracy administracyjnej na Politechnice Bia\u0142ostockiej. Szczeg\u00f3ln\u0105 uwag\u0119 po\u015bwi\u0119cono systemowi wsparcia naukowc\u00f3w w przygotowywaniu projekt\u00f3w mi\u0119dzynarodowych, w tym projekt\u00f3w Marie Sk\u0142odowska-Curie Actions (MSCA).<\/p>\n<p>Pierwszy dzie\u0144 wizyty obejmowa\u0142 zwiedzanie Kampusu Administracji Centralnej oraz zapoznanie z pracownikami r\u00f3\u017cnych jednostek Uniwersytetu. W ramach job shadowingu odby\u0142o si\u0119 r\u00f3wnie\u017c spotkanie z pracownikami jednostki odpowiedzialnej za wsparcie naukowc\u00f3w w przygotowywaniu wniosk\u00f3w MSCA. Przedstawiono organizacj\u0119 tego wsparcia, zakres pomocy oferowanej naukowcom oraz procedury i wymagania formalne zwi\u0105zane z przygotowaniem i z\u0142o\u017ceniem wniosku.<\/p>\n<p>W kolejnych dniach odby\u0142y si\u0119 spotkania i obserwacja pracy przedstawicieli Biura Rozliczania Projekt\u00f3w, Centrum Transferu Technologii oraz Biura Karier. Zaprezentowano r\u00f3wnie\u017c spos\u00f3b funkcjonowania program\u00f3w i form wsparcia skierowanych do doktorant\u00f3w i m\u0142odych naukowc\u00f3w. Program wizyty mia\u0142 przede wszystkim charakter praktyczny \u2013 obejmowa\u0142 bezpo\u015bredni\u0105 obserwacj\u0119 pracy poszczeg\u00f3lnych jednostek, rozmowy z ich pracownikami oraz wymian\u0119 do\u015bwiadcze\u0144. Nie przewidywa\u0142 formalnych wyk\u0142ad\u00f3w ani zwiedzania laboratori\u00f3w, poniewa\u017c g\u0142\u00f3wnym za\u0142o\u017ceniem mobilno\u015bci w formule job shadowing by\u0142o poznanie organizacji pracy administracji uczelni i stosowanych przez ni\u0105 rozwi\u0105za\u0144.<\/p>\n<p>Uniwersytet w Udine jest wa\u017cnym o\u015brodkiem akademickim regionu Friuli-Wenecja Julijska. Wed\u0142ug danych uczelni w roku akademickim 2024\/2025 studiowa\u0142o na niej 15 277 os\u00f3b. Uniwersytet prowadzi dzia\u0142alno\u015b\u0107 dydaktyczn\u0105 w ramach 8 wydzia\u0142\u00f3w oraz Szko\u0142y Wy\u017cszej, a jego zaplecze badawcze obejmuje 293 grupy badawcze, 386 laboratori\u00f3w badawczych i us\u0142ugowych oraz 268 aktywnych projekt\u00f3w badawczych.<\/p>\n<p>Wizyta stanowi\u0142a cenn\u0105 okazj\u0119 do wymiany do\u015bwiadcze\u0144 i poznania dobrych praktyk w zakresie kompleksowego wsparcia naukowc\u00f3w \u2013 od etapu przygotowania wniosk\u00f3w projektowych, poprzez obs\u0142ug\u0119 administracyjn\u0105 i finansow\u0105 projekt\u00f3w, po dzia\u0142ania zwi\u0105zane z transferem technologii i rozwojem kariery akademickiej. Zdobyte do\u015bwiadczenia mog\u0105 zosta\u0107 wykorzystane w dalszym rozwijaniu systemu wsparcia naukowc\u00f3w oraz przygotowywaniu i realizacji projekt\u00f3w mi\u0119dzynarodowych na Politechnice Bia\u0142ostockiej.<\/p>\nngg_shortcode_0_placeholder\n","protected":false},"excerpt":{"rendered":"<p>Mobilno\u015b\u0107 w ramach programu Erasmus+<\/p>\n","protected":false},"author":195,"featured_media":32516,"comment_status":"closed","ping_status":"closed","sticky":false,"template":"","format":"standard","meta":{"_acf_changed":false,"ngg_post_thumbnail":0,"footnotes":""},"categories":[14,67],"tags":[],"class_list":["post-32508","post","type-post","status-publish","format-standard","has-post-thumbnail","hentry","category-aktualnosci-bwm","category-relacje-wyjazdy-pracownikow-od-lipiec-2024"],"acf":[],"_links":{"self":[{"href":"https:\/\/pb.edu.pl\/iros\/wp-json\/wp\/v2\/posts\/32508","targetHints":{"allow":["GET"]}}],"collection":[{"href":"https:\/\/pb.edu.pl\/iros\/wp-json\/wp\/v2\/posts"}],"about":[{"href":"https:\/\/pb.edu.pl\/iros\/wp-json\/wp\/v2\/types\/post"}],"author":[{"embeddable":true,"href":"https:\/\/pb.edu.pl\/iros\/wp-json\/wp\/v2\/users\/195"}],"replies":[{"embeddable":true,"href":"https:\/\/pb.edu.pl\/iros\/wp-json\/wp\/v2\/comments?post=32508"}],"version-history":[{"count":1,"href":"https:\/\/pb.edu.pl\/iros\/wp-json\/wp\/v2\/posts\/32508\/revisions"}],"predecessor-version":[{"id":32518,"href":"https:\/\/pb.edu.pl\/iros\/wp-json\/wp\/v2\/posts\/32508\/revisions\/32518"}],"wp:featuredmedia":[{"embeddable":true,"href":"https:\/\/pb.edu.pl\/iros\/wp-json\/wp\/v2\/media\/32516"}],"wp:attachment":[{"href":"https:\/\/pb.edu.pl\/iros\/wp-json\/wp\/v2\/media?parent=32508"}],"wp:term":[{"taxonomy":"category","embeddable":true,"href":"https:\/\/pb.edu.pl\/iros\/wp-json\/wp\/v2\/categories?post=32508"},{"taxonomy":"post_tag","embeddable":true,"href":"https:\/\/pb.edu.pl\/iros\/wp-json\/wp\/v2\/tags?post=32508"}],"curies":[{"name":"wp","href":"https:\/\/api.w.org\/{rel}","templated":true}]}}