{"id":30434,"date":"2026-04-23T08:34:19","date_gmt":"2026-04-23T06:34:19","guid":{"rendered":"https:\/\/pb.edu.pl\/iros\/?p=30434"},"modified":"2026-04-23T09:48:08","modified_gmt":"2026-04-23T07:48:08","slug":"uniwersytet-w-gironie-organizuje-szkole-letnia","status":"publish","type":"post","link":"https:\/\/pb.edu.pl\/iros\/2026\/04\/23\/uniwersytet-w-gironie-organizuje-szkole-letnia\/","title":{"rendered":"Uniwersytet w Gironie organizuje Szko\u0142\u0119 Letni\u0105"},"content":{"rendered":"<h3>Szko\u0142a Letnia Across w Uniwersytecie w Gironie<br \/>\n29 czerwca \u2013 3 lipca 2026 r.<br \/>\nUniwersytet w Gironie (Hiszpania)<br \/>\nTematyka: Rzeki, miasta i granice w obliczu globalnych zmian<\/h3>\n<p>&nbsp;<\/p>\n<p>Szko\u0142a Letnia oferuje interdyscyplinarne i praktyczne podej\u015bcie do rzek jako z\u0142o\u017conych system\u00f3w spo\u0142eczno-ekologicznych w kontek\u015bcie zmian klimatycznych, przemian terytorialnych oraz z\u0142o\u017cono\u015bci spo\u0142ecznej i instytucjonalnej.<\/p>\n<p>&nbsp;<\/p>\n<p>Program \u0142\u0105czy sesje akademickie, badania terenowe i aspekty prawne, a jako g\u0142\u00f3wne \u201ecase study\u201d zostan\u0105 wykorzystane okolice Girony i dorzecze rzeki Muga, uwzgl\u0119dniaj\u0105ce perspektyw\u0119 miejsk\u0105, wiejsk\u0105 i aspekty transgraniczne.<\/p>\n<p><a href=\"https:\/\/esdeveniments.udg.edu\/149715\/programme\/rivers-cities-and-borders-under-global-change.html\">PROGRAM<\/a><\/p>\n<p><a href=\"https:\/\/esdeveniments.udg.edu\/149715\/section\/65918\/rivers-cities-and-borders-under-global-change.html\">STRONA INTERNETOWA I REJESTRACJA<\/a><\/p>\n<p>Nab\u00f3r w trybie ci\u0105g\u0142ym, decyduje kolejno\u015b\u0107 zg\u0142osze\u0144.<\/p>\n<p><strong>Grupa docelowa:<\/strong><\/p>\n<ul>\n<li>Studenci studi\u00f3w licencjackich, magisterskich i doktoranckich z uniwersytet\u00f3w partnerskich ACROSS<\/li>\n<li>M\u0142odzi naukowcy<\/li>\n<li>Pracownicy akademiccy zainteresowani tematem<\/li>\n<\/ul>\n<p><strong>Uczestnicy b\u0119d\u0105 mieli okazj\u0119:<\/strong><\/p>\n<ul>\n<li>Pog\u0142\u0119bi\u0107 swoj\u0105 wiedz\u0119 na temat rozwi\u0105za\u0144 opartych na naturze oraz modeli zarz\u0105dzania zasobami wodnymi<\/li>\n<li>Wzmocni\u0107 kompetencje mi\u0119dzynarodowe i interdyscyplinarne<\/li>\n<li>Budowa\u0107 sie\u0107 kontakt\u00f3w, kt\u00f3re mog\u0105 prowadzi\u0107 do przysz\u0142ej wsp\u00f3\u0142pracy akademickiej, dydaktycznej lub badawczej w ramach Across<\/li>\n<\/ul>\n","protected":false},"excerpt":{"rendered":"<p>Tematyka: Rzeki, miasta i granice w obliczu globalnych zmian.<\/p>\n","protected":false},"author":193,"featured_media":30443,"comment_status":"closed","ping_status":"closed","sticky":false,"template":"","format":"standard","meta":{"_acf_changed":false,"ngg_post_thumbnail":0,"footnotes":""},"categories":[14,28],"tags":[],"class_list":["post-30434","post","type-post","status-publish","format-standard","has-post-thumbnail","hentry","category-aktualnosci-bwm","category-szkoly-letnie"],"acf":[],"_links":{"self":[{"href":"https:\/\/pb.edu.pl\/iros\/wp-json\/wp\/v2\/posts\/30434","targetHints":{"allow":["GET"]}}],"collection":[{"href":"https:\/\/pb.edu.pl\/iros\/wp-json\/wp\/v2\/posts"}],"about":[{"href":"https:\/\/pb.edu.pl\/iros\/wp-json\/wp\/v2\/types\/post"}],"author":[{"embeddable":true,"href":"https:\/\/pb.edu.pl\/iros\/wp-json\/wp\/v2\/users\/193"}],"replies":[{"embeddable":true,"href":"https:\/\/pb.edu.pl\/iros\/wp-json\/wp\/v2\/comments?post=30434"}],"version-history":[{"count":8,"href":"https:\/\/pb.edu.pl\/iros\/wp-json\/wp\/v2\/posts\/30434\/revisions"}],"predecessor-version":[{"id":30446,"href":"https:\/\/pb.edu.pl\/iros\/wp-json\/wp\/v2\/posts\/30434\/revisions\/30446"}],"wp:featuredmedia":[{"embeddable":true,"href":"https:\/\/pb.edu.pl\/iros\/wp-json\/wp\/v2\/media\/30443"}],"wp:attachment":[{"href":"https:\/\/pb.edu.pl\/iros\/wp-json\/wp\/v2\/media?parent=30434"}],"wp:term":[{"taxonomy":"category","embeddable":true,"href":"https:\/\/pb.edu.pl\/iros\/wp-json\/wp\/v2\/categories?post=30434"},{"taxonomy":"post_tag","embeddable":true,"href":"https:\/\/pb.edu.pl\/iros\/wp-json\/wp\/v2\/tags?post=30434"}],"curies":[{"name":"wp","href":"https:\/\/api.w.org\/{rel}","templated":true}]}}