{"id":30409,"date":"2026-04-22T08:54:43","date_gmt":"2026-04-22T06:54:43","guid":{"rendered":"https:\/\/pb.edu.pl\/iros\/?p=30409"},"modified":"2026-04-22T08:58:41","modified_gmt":"2026-04-22T06:58:41","slug":"relacja-ze-stazu-naukowego-w-university-of-perpignan-via-domitia","status":"publish","type":"post","link":"https:\/\/pb.edu.pl\/iros\/2026\/04\/22\/relacja-ze-stazu-naukowego-w-university-of-perpignan-via-domitia\/","title":{"rendered":"Relacja ze sta\u017cu naukowego w University of Perpignan Via Domitia"},"content":{"rendered":"<p>&nbsp;<\/p>\n<p>W dniach od 9 marca do 7 kwietnia 2026 r. dr Ewa Rollnik-Sadowska, pracownik Wydzia\u0142u In\u017cynierii Zarz\u0105dzania Politechniki Bia\u0142ostockiej, odby\u0142a sta\u017c naukowy w University of Perpignan Via Domitia (UPVD) we Francji. Sta\u017c zosta\u0142 zrealizowany w ramach projektu Wsparcie Uniwersytet\u00f3w Europejskich &#8211; \u201eAcross \u2013 Transgraniczny Uniwersytet Europejski\u201d, pod opiek\u0105 dr hab. Audrey Dumas, profesor na Wydziale Zarz\u0105dzania UPVD.<\/p>\n<p>Przedmiotem sta\u017cu by\u0142y badania nad rol\u0105 zdolno\u015bci strukturalnych (ang. <em>structural capabilities<\/em>) w kszta\u0142towaniu wynik\u00f3w kraj\u00f3w w procesie tzw. potr\u00f3jnej transformacji (cyfrowej, zielonej i spo\u0142ecznej), realizowane w ramach projektu badawczego pt. \u201e<em>What Drives the Triple Transition? Structural Capabilities and Country Performance in Europe<\/em>.\u201d Zdolno\u015bci (<em>capabilities<\/em>) rozumiane s\u0105 jako skumulowana i zakorzeniona w gospodarce wiedza, kompetencje oraz zdolno\u015bci instytucjonalne, kt\u00f3re determinuj\u0105 zdolno\u015b\u0107 przekszta\u0142cania zasob\u00f3w wej\u015bciowych w zaawansowane technologicznie, zr\u00f3wnowa\u017cone oraz cyfrowo zintegrowane rezultaty.<\/p>\n<p>W kontek\u015bcie wsp\u00f3\u0142czesnych przemian \u2013 w szczeg\u00f3lno\u015bci transformacji cyfrowej, zielonej i spo\u0142ecznej \u2013 zdolno\u015bci nie ograniczaj\u0105 si\u0119 wy\u0142\u0105cznie do zasob\u00f3w czynnik\u00f3w produkcji, lecz stanowi\u0105 systemowe, wsp\u00f3\u0142ewoluuj\u0105ce i zale\u017cne od \u015bcie\u017cki rozwoju konfiguracje zasob\u00f3w i kompetencji. Determinuj\u0105 one nie tylko struktur\u0119 produkcji gospodarek, ale r\u00f3wnie\u017c ich zdolno\u015b\u0107 adaptacji do zmian strukturalnych i post\u0119pu technologicznego.<\/p>\n<div style=\"clear: both\">&nbsp;<\/div>\n<p>Zdolno\u015bci te maj\u0105 charakter wielowymiarowy i obejmuj\u0105:<\/p>\n<ul>\n<li>zdolno\u015bci wiedzy (m.in. z\u0142o\u017cono\u015b\u0107 gospodarki, innowacyjno\u015b\u0107),<\/li>\n<li>zdolno\u015bci ludzkie (kompetencje, poziom wykszta\u0142cenia),<\/li>\n<li>zdolno\u015bci instytucjonalne (systemy innowacji),<\/li>\n<li>zdolno\u015bci \u015brodowiskowe (potencja\u0142 transformacji ekologicznej).<\/li>\n<\/ul>\n<p>W badaniu uwzgl\u0119dniono zar\u00f3wno zmienne wej\u015bciowe (input), jak i rezultaty (output) potr\u00f3jnej transformacji. Do kluczowych wska\u017anik\u00f3w efekt\u00f3w zaliczono:<\/p>\n<ul>\n<li>rezultaty cyfrowe, mierzone m.in. za pomoc\u0105 wska\u017anik\u00f3w DESI \/ Digital Decade,<\/li>\n<li>rezultaty \u015brodowiskowe, odzwierciedlane przez Environmental Performance Index,<\/li>\n<li>rezultaty spo\u0142eczne, odnosz\u0105ce si\u0119 do poziomu inkluzywno\u015bci i odporno\u015bci spo\u0142eczno-ekonomicznej (np. Social Scoreboard, dane OECD dotycz\u0105ce dobrostanu).<\/li>\n<\/ul>\n<p>W\u015br\u00f3d zmiennych wej\u015bciowych uwzgl\u0119dniono m.in. nak\u0142ady na dzia\u0142alno\u015b\u0107 badawczo-rozwojow\u0105, wydatki publiczne na edukacj\u0119 i ochron\u0119 \u015brodowiska, poziom wykszta\u0142cenia wy\u017cszego, zasoby kadry badawczej oraz produktywno\u015b\u0107 zasob\u00f3w. Dob\u00f3r tych wska\u017anik\u00f3w zosta\u0142 osadzony w ramach teoretycznych takich jak teoria wzrostu endogenicznego, teoria kapita\u0142u ludzkiego, koncepcja narodowych system\u00f3w innowacji czy koncepcja zielonego wzrostu.<\/p>\n<p>W trakcie sta\u017cu dr Ewa Rollnik-Sadowska przeprowadzi\u0142a seminarium naukowe po\u015bwi\u0119cone swojemu dorobkowi badawczemu w obszarze rynku pracy w warunkach transformacji. W wydarzeniu uczestniczy\u0142y w\u0142adze uczelni, pracownicy naukowi oraz doktoranci Wydzia\u0142u Zarz\u0105dzania UPVD. Seminarium stanowi\u0142o platform\u0119 wymiany do\u015bwiadcze\u0144 oraz dyskusji nad mo\u017cliwo\u015bciami wsp\u00f3\u0142pracy badawczej, w szczeg\u00f3lno\u015bci w zakresie problematyki rynku pracy, zarz\u0105dzania kapita\u0142em ludzkim oraz mobilno\u015bci akademickiej.<\/p>\n<p>Ponadto, w ramach dzia\u0142alno\u015bci dydaktycznej, dr Ewa Rollnik-Sadowska przeprowadzi\u0142a cykl wyk\u0142ad\u00f3w i warsztat\u00f3w \u2013 realizowanych w formule stacjonarnej oraz hybrydowej \u2013 pt. \u201e<em>Scenario method for career development\u201d<\/em>, skierowanych do student\u00f3w francuskich i polskich. W ich trakcie zaprezentowano kluczowe trendy kszta\u0142tuj\u0105ce wsp\u00f3\u0142czesny rynek pracy oraz om\u00f3wiono zastosowanie metody scenariuszowej jako narz\u0119dzia wspieraj\u0105cego planowanie i rozw\u00f3j kariery zawodowej.<\/p>\n<p>Realizacja sta\u017cu przyczyni\u0142a si\u0119 do rozwoju kompetencji w zakresie wsp\u00f3\u0142pracy w \u015brodowisku mi\u0119dzynarodowym, umo\u017cliwi\u0142a wymian\u0119 dobrych praktyk badawczych oraz pog\u0142\u0119bienie wiedzy metodologicznej. Istotnym rezultatem by\u0142o r\u00f3wnie\u017c nawi\u0105zanie i wzmocnienie relacji naukowych z pracownikami UPVD, co stanowi solidn\u0105 podstaw\u0119 do dalszej wsp\u00f3\u0142pracy badawczej i publikacyjnej w ramach sojuszu ACROSS.<\/p>\n<p>&nbsp;<\/p>\nngg_shortcode_0_placeholder\n<p>Projekt \u201eAcross \u2013 Transgraniczny Uniwersytet Europejski\u201d jest finansowany ze \u015brodk\u00f3w Unii Europejskiej z Funduszu Europejskiego dla Rozwoju Spo\u0142ecznego 2021-2027 (FERS) w ramach projektu NAWA pt. \u201eWsparcie sojuszy Uniwersytet\u00f3w Europejskich\u201d o numerze FERS.01.05-IP.08-0219\/23.<\/p>\n<p>&nbsp;<\/p>\n<p><a href=\"https:\/\/pb.edu.pl\/iros\/wp-content\/uploads\/sites\/24\/2025\/12\/FERS-RP-UE-NAWA-poziom-kolor-1.png\"><img loading=\"lazy\" decoding=\"async\" class=\"aligncenter size-large wp-image-28641\" src=\"https:\/\/pb.edu.pl\/iros\/wp-content\/uploads\/sites\/24\/2025\/12\/FERS-RP-UE-NAWA-poziom-kolor-1-1024x109.png\" alt=\"\" width=\"1024\" height=\"109\" srcset=\"https:\/\/pb.edu.pl\/iros\/wp-content\/uploads\/sites\/24\/2025\/12\/FERS-RP-UE-NAWA-poziom-kolor-1-1024x109.png 1024w, https:\/\/pb.edu.pl\/iros\/wp-content\/uploads\/sites\/24\/2025\/12\/FERS-RP-UE-NAWA-poziom-kolor-1-300x32.png 300w, https:\/\/pb.edu.pl\/iros\/wp-content\/uploads\/sites\/24\/2025\/12\/FERS-RP-UE-NAWA-poziom-kolor-1-768x82.png 768w, https:\/\/pb.edu.pl\/iros\/wp-content\/uploads\/sites\/24\/2025\/12\/FERS-RP-UE-NAWA-poziom-kolor-1-1536x163.png 1536w, https:\/\/pb.edu.pl\/iros\/wp-content\/uploads\/sites\/24\/2025\/12\/FERS-RP-UE-NAWA-poziom-kolor-1-2048x218.png 2048w\" sizes=\"auto, (max-width: 1024px) 100vw, 1024px\" \/><\/a><\/p>\n","protected":false},"excerpt":{"rendered":"<p>Dzia\u0142anie w ramach projektu Wsparcie Uniwersytet\u00f3w Europejskich NAWA.<\/p>\n","protected":false},"author":190,"featured_media":30405,"comment_status":"closed","ping_status":"closed","sticky":false,"template":"","format":"standard","meta":{"_acf_changed":false,"ngg_post_thumbnail":0,"footnotes":""},"categories":[14,66],"tags":[],"class_list":["post-30409","post","type-post","status-publish","format-standard","has-post-thumbnail","hentry","category-aktualnosci-bwm","category-wsparcie-uniwer"],"acf":[],"_links":{"self":[{"href":"https:\/\/pb.edu.pl\/iros\/wp-json\/wp\/v2\/posts\/30409","targetHints":{"allow":["GET"]}}],"collection":[{"href":"https:\/\/pb.edu.pl\/iros\/wp-json\/wp\/v2\/posts"}],"about":[{"href":"https:\/\/pb.edu.pl\/iros\/wp-json\/wp\/v2\/types\/post"}],"author":[{"embeddable":true,"href":"https:\/\/pb.edu.pl\/iros\/wp-json\/wp\/v2\/users\/190"}],"replies":[{"embeddable":true,"href":"https:\/\/pb.edu.pl\/iros\/wp-json\/wp\/v2\/comments?post=30409"}],"version-history":[{"count":2,"href":"https:\/\/pb.edu.pl\/iros\/wp-json\/wp\/v2\/posts\/30409\/revisions"}],"predecessor-version":[{"id":30424,"href":"https:\/\/pb.edu.pl\/iros\/wp-json\/wp\/v2\/posts\/30409\/revisions\/30424"}],"wp:featuredmedia":[{"embeddable":true,"href":"https:\/\/pb.edu.pl\/iros\/wp-json\/wp\/v2\/media\/30405"}],"wp:attachment":[{"href":"https:\/\/pb.edu.pl\/iros\/wp-json\/wp\/v2\/media?parent=30409"}],"wp:term":[{"taxonomy":"category","embeddable":true,"href":"https:\/\/pb.edu.pl\/iros\/wp-json\/wp\/v2\/categories?post=30409"},{"taxonomy":"post_tag","embeddable":true,"href":"https:\/\/pb.edu.pl\/iros\/wp-json\/wp\/v2\/tags?post=30409"}],"curies":[{"name":"wp","href":"https:\/\/api.w.org\/{rel}","templated":true}]}}