{"id":27220,"date":"2025-09-30T14:40:26","date_gmt":"2025-09-30T12:40:26","guid":{"rendered":"https:\/\/pb.edu.pl\/iros\/?p=27220"},"modified":"2025-10-03T14:46:54","modified_gmt":"2025-10-03T12:46:54","slug":"wizyta-przedstawiciela-wydzialu-elektrycznego-pb-w-universidade-de-sevilla-w-hiszpanii","status":"publish","type":"post","link":"https:\/\/pb.edu.pl\/iros\/2025\/09\/30\/wizyta-przedstawiciela-wydzialu-elektrycznego-pb-w-universidade-de-sevilla-w-hiszpanii\/","title":{"rendered":"Wizyta przedstawiciela Wydzia\u0142u Elektrycznego PB w Universidade de Sevilla w Hiszpanii."},"content":{"rendered":"<div class=\"h3\">W dniach 15-19.09.2025 r. dr hab. in\u017c. Robert Adam Sobolewski z Katedry Elektrotechniki, Energoelektroniki i Elektroenergetyki Wydzia\u0142u Elektrycznego PB odwiedzi\u0142 Escuela Politecnica Superior na uczelni Universidade de Sevilla w Hiszpanii ramach programu Erasmus KA 131.<\/div>\n<p>&nbsp;<\/p>\n<p>Podczas swojego pobytu R.A. Sobolewski odby\u0142 cykl spotka\u0144 i wyk\u0142ad\u00f3w z pracownikami i studentami Escuela Politecnica Superior. Pierwsze spotkanie mia\u0142o miejsce w laboratorium elektrotechniki i maszyn elektrycznych prowadzonym przez dr. ing. Narciso Moreno-Alfonso specjalist\u0119 w zakresie instalacji elektrycznych i dr. ing. Ana Maria Beltran pe\u0142ni\u0105c\u0105 funkcj\u0119 wicedyrektor ds. wsp\u00f3\u0142pracy mi\u0119dzynarodowej i instytucjonalnej. Podczas niego om\u00f3wiono wiele kwestii zwi\u0105zanych ze specyfik\u0105 nauczania przedmiot\u00f3w elektrycznych na studiach in\u017cynierskich, wsp\u00f3\u0142pracy z otoczeniem spo\u0142eczno-gospodarczym w Escuela Politecnica Superior i na WE PB i prowadzenia pracy naukowo-badawczej przez m\u0142odych pracownik\u00f3w nauki.<\/p>\n<p>W drugiej kolejno\u015bci odby\u0142o si\u0119 spotkanie z pracownikami i studentami promuj\u0105ce region Podlasia, Bia\u0142ystok, Politechnik\u0119 Bia\u0142ostock\u0105 i Wydzia\u0142 Elektryczny. Przedstawiona zosta\u0142a mi\u0119dzy innymi oferta dydaktyczna WE PB adresowana do student\u00f3w zainteresowanych podj\u0119ciem studi\u00f3w w ramach programu Erasmus+. W spotkaniu wzi\u0105\u0142 udzia\u0142 r\u00f3wnie\u017c student Diego Troya Guisado, kt\u00f3ry dwa semestry w roku akademickim 2024\/2025 sp\u0119dzi\u0142 na Wydziale Elektrycznym w ramach programu Erasmus+. W\u0142\u0105czy\u0142 si\u0119 on aktywnie w promocj\u0119 PB i WE oraz sta\u0142 si\u0119 nieformalnym ambasadorem bia\u0142ostockiej uczelni w Escuela Politecnica Superior.<\/p>\n<p>Nast\u0119pnie zosta\u0142 zorganizowany wyk\u0142ad dla grupy ponad 50 student\u00f3w in\u017cynierii elektrycznej na studiach pierwszego stopnia. Wst\u0119pem do wyk\u0142adu by\u0142o ponowne zaprezentowanie Politechniki Bia\u0142ostockiej i Wydzia\u0142u Elektrycznego. Cz\u0119\u015b\u0107 merytoryczna wyk\u0142adu dotyczy\u0142a struktury, funkcjonowania i planowania polskiego systemu elektroenergetycznego oraz ryzyka wyst\u0105pienia w nim blackoutu (w zwi\u0105zku z takim wydarzeniem, kt\u00f3re kilka miesi\u0119cy temu mia\u0142o miejsce w hiszpa\u0144skim systemie elektroenergetycznym). Po wyk\u0142adzie mia\u0142a miejsce merytoryczna dyskusja na temat prezentowanych tre\u015bci i dzia\u0142a\u0144 podj\u0119tych przez hiszpa\u0144skiego operatora systemu elektroenergetycznego w celu unikni\u0119cia blackoutu w przysz\u0142o\u015bci. Studenci wykazali du\u017ce zainteresowanie poruszan\u0105 problematyk\u0105 i zadali kilkana\u015bcie pyta\u0144 szczeg\u00f3\u0142owych, tak\u017ce po oficjalnym zako\u0144czeniu wyk\u0142adu.<\/p>\n<p>Opiekunem podczas ca\u0142ego pobytu dr. hab. in\u017c. R.A. Sobolewskiego w Escuela Politecnica Superior by\u0142a dr. ing. Ana Maria Beltran. Wyjazd odby\u0142 si\u0119 w ramach STA\/KA131 programu Erasmus+.<\/p>\nngg_shortcode_0_placeholder\n","protected":false},"excerpt":{"rendered":"<p>Mobilno\u015b\u0107 w ramach programu Erasmus+<\/p>\n","protected":false},"author":69,"featured_media":27227,"comment_status":"closed","ping_status":"closed","sticky":false,"template":"","format":"standard","meta":{"_acf_changed":false,"ngg_post_thumbnail":0,"footnotes":""},"categories":[14,67],"tags":[],"class_list":["post-27220","post","type-post","status-publish","format-standard","has-post-thumbnail","hentry","category-aktualnosci-bwm","category-relacje-wyjazdy-pracownikow-od-lipiec-2024"],"acf":[],"_links":{"self":[{"href":"https:\/\/pb.edu.pl\/iros\/wp-json\/wp\/v2\/posts\/27220","targetHints":{"allow":["GET"]}}],"collection":[{"href":"https:\/\/pb.edu.pl\/iros\/wp-json\/wp\/v2\/posts"}],"about":[{"href":"https:\/\/pb.edu.pl\/iros\/wp-json\/wp\/v2\/types\/post"}],"author":[{"embeddable":true,"href":"https:\/\/pb.edu.pl\/iros\/wp-json\/wp\/v2\/users\/69"}],"replies":[{"embeddable":true,"href":"https:\/\/pb.edu.pl\/iros\/wp-json\/wp\/v2\/comments?post=27220"}],"version-history":[{"count":0,"href":"https:\/\/pb.edu.pl\/iros\/wp-json\/wp\/v2\/posts\/27220\/revisions"}],"wp:featuredmedia":[{"embeddable":true,"href":"https:\/\/pb.edu.pl\/iros\/wp-json\/wp\/v2\/media\/27227"}],"wp:attachment":[{"href":"https:\/\/pb.edu.pl\/iros\/wp-json\/wp\/v2\/media?parent=27220"}],"wp:term":[{"taxonomy":"category","embeddable":true,"href":"https:\/\/pb.edu.pl\/iros\/wp-json\/wp\/v2\/categories?post=27220"},{"taxonomy":"post_tag","embeddable":true,"href":"https:\/\/pb.edu.pl\/iros\/wp-json\/wp\/v2\/tags?post=27220"}],"curies":[{"name":"wp","href":"https:\/\/api.w.org\/{rel}","templated":true}]}}