{"id":26955,"date":"2025-09-16T14:16:31","date_gmt":"2025-09-16T12:16:31","guid":{"rendered":"https:\/\/pb.edu.pl\/iros\/?p=26955"},"modified":"2025-09-17T14:19:45","modified_gmt":"2025-09-17T12:19:45","slug":"udzial-w-wyjatkowej-konferencji-apms-2025-w-kamakurze-w-japonii","status":"publish","type":"post","link":"https:\/\/pb.edu.pl\/iros\/2025\/09\/16\/udzial-w-wyjatkowej-konferencji-apms-2025-w-kamakurze-w-japonii\/","title":{"rendered":"Udzia\u0142 w wyj\u0105tkowej konferencji APMS 2025 w Kamakurze w Japonii!"},"content":{"rendered":"<div class=\"h3\">W dniach 31.08\u201304.09.2025 przedstawiciele naszej uczelni wzi\u0119li udzia\u0142 w konferencji mi\u0119dzynarodowej APMS 2025 \u2013 International Conference on Advances in Production Management Systems.<\/div>\n<p>W wydarzeniu udzia\u0142 wzi\u0119li: dr hab. in\u017c. Wies\u0142aw Urban, prof. PB, kierownik Katedry Zarz\u0105dzania Produkcj\u0105, asystentka z Katedry Zarz\u0105dzania Produkcj\u0105 oraz studentka Szko\u0142y Doktorskiej PB mgr in\u017c. Honorata Sierocka, mgr in\u017c. Klaudia Tomaszewska. Wyjazd odby\u0142 si\u0119 w ramach realizowanego na Politechnice Bia\u0142ostockiej programu \u201ePROM \u2013 kr\u00f3tkookresowa wymiana akademicka\u201d, finansowanego ze \u015brodk\u00f3w Unii Europejskiej. Program koordynuje Dzia\u0142 Projekt\u00f3w Mi\u0119dzynarodowych Erasmus+ i NAWA.<\/p>\n<p>Konferencja, organizowana przez IFIP Working Group 5.7 oraz sponsorowana przez Mi\u0119dzynarodow\u0105 Federacj\u0119 Przetwarzania Informacji (IFIP), odby\u0142a si\u0119 w dniach 31.08\u201304.09.2025 w Kamakurze (Japonia). APMS od lat gromadzi czo\u0142owych mi\u0119dzynarodowych ekspert\u00f3w z obszaru system\u00f3w produkcyjnych, us\u0142ugowych i logistycznych ze \u015bwiata akademickiego, przemys\u0142u i administracji publicznej. Dyskusje koncentrowa\u0142y si\u0119 wok\u00f3\u0142 najnowszych osi\u0105gni\u0119\u0107 w dziedzinie cyberfizyczno-ludzkich system\u00f3w produkcyjnych (CPHPS), inteligentnych fabryk i magazyn\u00f3w, autonomicznych system\u00f3w produkcyjnych, zr\u00f3wnowa\u017conych \u0142a\u0144cuch\u00f3w dostaw oraz sztucznej inteligencji zorientowanej na cz\u0142owieka. Tematem przewodnim by\u0142o pytanie: jak cz\u0142owiek i AI mog\u0105 wsp\u00f3lnie kszta\u0142towa\u0107 przysz\u0142o\u015b\u0107 przemys\u0142u i produkcji?<\/p>\n<p>Przez cztery dni uczestnicy brali udzia\u0142 w inspiruj\u0105cych keynote\u2019ach dotycz\u0105cych roli AI w produkcji i logistyce, warsztatach i dyskusjach o cyfrowych bli\u017aniakach, zielonej produkcji czy przemys\u0142owym metaverse.<\/p>\n<p>Naukowcy Politechniki Bia\u0142ostockiej aktywnie uczestniczyli w programie konferencji:<\/p>\n<p>? dr hab. in\u017c. Wies\u0142aw Urban, prof. PB, pe\u0142ni\u0142 rol\u0119 chairman\u2019a panelu pod has\u0142em Industrial Data Spaces and Sustainability,<\/p>\n<p>? mgr in\u017c. Klaudia Tomaszewska zaprezentowa\u0142a badania &#8222;Where to use XR technologies in a company? A decision-making approach using the value stream approach&#8221;, kt\u00f3re spotka\u0142y si\u0119 z du\u017cym zainteresowaniem i uznaniem uczestnik\u00f3w,<\/p>\n<p>? mgr in\u017c. Honorata Sierocka przedstawi\u0142a model &#8222;PDCA perspective in energy management system according to ISO 50001 in the healthcare organization&#8221;, kt\u00f3ry sta\u0142 si\u0119 inspiracj\u0105 do dyskusji o praktycznych zastosowaniach normy ISO 50001 w obiektach publicznych oraz obiektach przemys\u0142owych.<\/p>\n<p>Ostatniego dnia doktorantki odwiedzi\u0142y tak\u017ce Mitsubishi Electric Information Technology R&amp;D Center \u2013 wyj\u0105tkow\u0105 okazj\u0119, by zobaczy\u0107, jak najnowsze rozwi\u0105zania badawcze s\u0105 wdra\u017cane w praktyce.<\/p>\nngg_shortcode_0_placeholder<a href=\"https:\/\/pb.edu.pl\/iros\/wp-content\/uploads\/sites\/24\/2024\/11\/FERS-RP-UE-NAWA-poziom-kolor.png\"><img loading=\"lazy\" decoding=\"async\" class=\"aligncenter size-large wp-image-21682\" src=\"https:\/\/pb.edu.pl\/iros\/wp-content\/uploads\/sites\/24\/2024\/11\/FERS-RP-UE-NAWA-poziom-kolor-1024x109.png\" alt=\"loga - fundusze europejskie, flaga RP, dofinansowanie UE, NAWA\" width=\"1024\" height=\"109\" srcset=\"https:\/\/pb.edu.pl\/iros\/wp-content\/uploads\/sites\/24\/2024\/11\/FERS-RP-UE-NAWA-poziom-kolor-1024x109.png 1024w, https:\/\/pb.edu.pl\/iros\/wp-content\/uploads\/sites\/24\/2024\/11\/FERS-RP-UE-NAWA-poziom-kolor-300x32.png 300w, https:\/\/pb.edu.pl\/iros\/wp-content\/uploads\/sites\/24\/2024\/11\/FERS-RP-UE-NAWA-poziom-kolor-768x82.png 768w, https:\/\/pb.edu.pl\/iros\/wp-content\/uploads\/sites\/24\/2024\/11\/FERS-RP-UE-NAWA-poziom-kolor-1536x163.png 1536w, https:\/\/pb.edu.pl\/iros\/wp-content\/uploads\/sites\/24\/2024\/11\/FERS-RP-UE-NAWA-poziom-kolor-2048x218.png 2048w\" sizes=\"auto, (max-width: 1024px) 100vw, 1024px\" \/><\/a><\/p>\n","protected":false},"excerpt":{"rendered":"<p>Wizyta odby\u0142a si\u0119 w dniach 31.08\u201304.09.2025<\/p>\n","protected":false},"author":69,"featured_media":26969,"comment_status":"closed","ping_status":"closed","sticky":false,"template":"","format":"standard","meta":{"_acf_changed":false,"ngg_post_thumbnail":0,"footnotes":""},"categories":[14,64],"tags":[],"class_list":["post-26955","post","type-post","status-publish","format-standard","has-post-thumbnail","hentry","category-aktualnosci-bwm","category-prom-2024"],"acf":[],"_links":{"self":[{"href":"https:\/\/pb.edu.pl\/iros\/wp-json\/wp\/v2\/posts\/26955","targetHints":{"allow":["GET"]}}],"collection":[{"href":"https:\/\/pb.edu.pl\/iros\/wp-json\/wp\/v2\/posts"}],"about":[{"href":"https:\/\/pb.edu.pl\/iros\/wp-json\/wp\/v2\/types\/post"}],"author":[{"embeddable":true,"href":"https:\/\/pb.edu.pl\/iros\/wp-json\/wp\/v2\/users\/69"}],"replies":[{"embeddable":true,"href":"https:\/\/pb.edu.pl\/iros\/wp-json\/wp\/v2\/comments?post=26955"}],"version-history":[{"count":0,"href":"https:\/\/pb.edu.pl\/iros\/wp-json\/wp\/v2\/posts\/26955\/revisions"}],"wp:featuredmedia":[{"embeddable":true,"href":"https:\/\/pb.edu.pl\/iros\/wp-json\/wp\/v2\/media\/26969"}],"wp:attachment":[{"href":"https:\/\/pb.edu.pl\/iros\/wp-json\/wp\/v2\/media?parent=26955"}],"wp:term":[{"taxonomy":"category","embeddable":true,"href":"https:\/\/pb.edu.pl\/iros\/wp-json\/wp\/v2\/categories?post=26955"},{"taxonomy":"post_tag","embeddable":true,"href":"https:\/\/pb.edu.pl\/iros\/wp-json\/wp\/v2\/tags?post=26955"}],"curies":[{"name":"wp","href":"https:\/\/api.w.org\/{rel}","templated":true}]}}