{"id":26181,"date":"2025-07-16T14:33:48","date_gmt":"2025-07-16T12:33:48","guid":{"rendered":"https:\/\/pb.edu.pl\/iros\/?p=26181"},"modified":"2025-07-16T14:35:19","modified_gmt":"2025-07-16T12:35:19","slug":"przedstawiciele-pb-na-konferencji-icton-2025","status":"publish","type":"post","link":"https:\/\/pb.edu.pl\/iros\/2025\/07\/16\/przedstawiciele-pb-na-konferencji-icton-2025\/","title":{"rendered":"Przedstawiciele PB na konferencji ICTON 2025"},"content":{"rendered":"<p>Na 25 konferencji International Conference on Transparent Optical Networks (<a href=\"https:\/\/icton2025.upc.edu\">ICTON 2025<\/a>) udzia\u0142 wzi\u0119li mgr in\u017c. Jakub Markiewicz i prof. dr hab. in\u017c. Marcin Kochanowicz. Wyjazd odby\u0142 si\u0119 w ramach realizowanego na Politechnice Bia\u0142ostockiej&nbsp;<a href=\"https:\/\/pb.edu.pl\/iros\/projekty-nawa\/prom-2024\/o-projekcie\/\">programu \u201ePROM \u2013 kr\u00f3tkookresowa wymiana akademicka\u201d<\/a>, finansowanego ze \u015brodk\u00f3w Unii Europejskiej. Program koordynuje&nbsp;<a href=\"https:\/\/pb.edu.pl\/iros\/kontakt\/#custom-collapse-0-0\">Dzia\u0142 Projekt\u00f3w Mi\u0119dzynarodowych Erasmus+ i NAWA<\/a>.<\/p>\n<p>Naukowcy z Politechniki Bia\u0142ostockiej zaprezentowali zagadnienia dotycz\u0105ce nowych rozwi\u0105za\u0144 z zakresu fotoniki i techniki \u015bwiat\u0142owodowej. Profesor Marcin Kochanowicz w trakcie wyst\u0105pienia ustnego pod tytu\u0142em \u201eBroadband 1.-1.7 \u00b5m emission in Ni<sup>2+<\/sup>\/Yb<sup>3+<\/sup>\/Er<sup>3+<\/sup> doped silica-gallo-germanate glass-ceramics and their optical fiber\u201d zaprezentowa\u0142 nowe materia\u0142y nanokompozytowe i wytworzone z nich \u015bwiat\u0142owody aktywne domieszkowane jonami niklu, iterbu i erbu. Materia\u0142y te wykazuj\u0105 szerokopasmow\u0105 emisj\u0119 w zakresie bliskiej podczerwieni co przek\u0142ada si\u0119 na ich potencjalne zastosowanie w telekomunikacji, medycynie czy uk\u0142adach sensorowych. Mgr in\u017c. Jakub Markiewicz zaprezentowa\u0142 plakat pod tytu\u0142em \u201eShaping the luminescent properties of compound phosphors in the range of 700-1700 nm\u201d dotycz\u0105cy nowych luminofor\u00f3w charakteryzuj\u0105cych si\u0119 szerokopasmow\u0105 emisj\u0105 promieniowania do zastosowa\u0144 w oknach biologicznych. Udzia\u0142 w konferencji pozwoli\u0142 na nabycie nowej wiedzy, a tak\u017ce wymian\u0119 do\u015bwiadcze\u0144 mi\u0119dzy naukowcami na arenie mi\u0119dzynarodowej.<\/p>\n<p>Konferencja International Conference on Transparent Optical Networks zosta\u0142a zorganizowana przez Polit\u00e8cnica de Catalunya (<a href=\"https:\/\/www.upc.edu\/ca\">https:\/\/www.upc.edu\/ca<\/a>) w Barcelonie w dniach 6-10 lipca 2025. Jest to ju\u017c 25 konferencja organizowana co roku w r\u00f3\u017cnych regionach Europy takich jak W\u0142ochy, Austria, Hiszpania czy W\u0119gry. &nbsp;Tematyka konferencji obejmuje szeroki zakres pocz\u0105wszy od telekomunikacji optycznej ko\u0144cz\u0105c na fotonice i technice \u015bwiat\u0142owodowej.<\/p>\n<p><a href=\"https:\/\/pb.edu.pl\/iros\/wp-content\/uploads\/sites\/24\/2024\/11\/FERS-RP-UE-NAWA-poziom-kolor.png\"><img loading=\"lazy\" decoding=\"async\" class=\"aligncenter size-large wp-image-21682\" src=\"https:\/\/pb.edu.pl\/iros\/wp-content\/uploads\/sites\/24\/2024\/11\/FERS-RP-UE-NAWA-poziom-kolor-1024x109.png\" alt=\"loga - fundusze europejskie, flaga RP, dofinansowanie UE, NAWA\" width=\"1024\" height=\"109\" srcset=\"https:\/\/pb.edu.pl\/iros\/wp-content\/uploads\/sites\/24\/2024\/11\/FERS-RP-UE-NAWA-poziom-kolor-1024x109.png 1024w, https:\/\/pb.edu.pl\/iros\/wp-content\/uploads\/sites\/24\/2024\/11\/FERS-RP-UE-NAWA-poziom-kolor-300x32.png 300w, https:\/\/pb.edu.pl\/iros\/wp-content\/uploads\/sites\/24\/2024\/11\/FERS-RP-UE-NAWA-poziom-kolor-768x82.png 768w, https:\/\/pb.edu.pl\/iros\/wp-content\/uploads\/sites\/24\/2024\/11\/FERS-RP-UE-NAWA-poziom-kolor-1536x163.png 1536w, https:\/\/pb.edu.pl\/iros\/wp-content\/uploads\/sites\/24\/2024\/11\/FERS-RP-UE-NAWA-poziom-kolor-2048x218.png 2048w\" sizes=\"auto, (max-width: 1024px) 100vw, 1024px\" \/><\/a><\/p>\n","protected":false},"excerpt":{"rendered":"<p>Dzia\u0142anie w ramach projektu PROM 2024.<\/p>\n","protected":false},"author":50,"featured_media":26182,"comment_status":"closed","ping_status":"closed","sticky":false,"template":"","format":"standard","meta":{"_acf_changed":false,"ngg_post_thumbnail":0,"footnotes":""},"categories":[14,64],"tags":[],"class_list":["post-26181","post","type-post","status-publish","format-standard","has-post-thumbnail","hentry","category-aktualnosci-bwm","category-prom-2024"],"acf":[],"_links":{"self":[{"href":"https:\/\/pb.edu.pl\/iros\/wp-json\/wp\/v2\/posts\/26181","targetHints":{"allow":["GET"]}}],"collection":[{"href":"https:\/\/pb.edu.pl\/iros\/wp-json\/wp\/v2\/posts"}],"about":[{"href":"https:\/\/pb.edu.pl\/iros\/wp-json\/wp\/v2\/types\/post"}],"author":[{"embeddable":true,"href":"https:\/\/pb.edu.pl\/iros\/wp-json\/wp\/v2\/users\/50"}],"replies":[{"embeddable":true,"href":"https:\/\/pb.edu.pl\/iros\/wp-json\/wp\/v2\/comments?post=26181"}],"version-history":[{"count":0,"href":"https:\/\/pb.edu.pl\/iros\/wp-json\/wp\/v2\/posts\/26181\/revisions"}],"wp:featuredmedia":[{"embeddable":true,"href":"https:\/\/pb.edu.pl\/iros\/wp-json\/wp\/v2\/media\/26182"}],"wp:attachment":[{"href":"https:\/\/pb.edu.pl\/iros\/wp-json\/wp\/v2\/media?parent=26181"}],"wp:term":[{"taxonomy":"category","embeddable":true,"href":"https:\/\/pb.edu.pl\/iros\/wp-json\/wp\/v2\/categories?post=26181"},{"taxonomy":"post_tag","embeddable":true,"href":"https:\/\/pb.edu.pl\/iros\/wp-json\/wp\/v2\/tags?post=26181"}],"curies":[{"name":"wp","href":"https:\/\/api.w.org\/{rel}","templated":true}]}}