{"id":26177,"date":"2025-07-16T14:22:13","date_gmt":"2025-07-16T12:22:13","guid":{"rendered":"https:\/\/pb.edu.pl\/iros\/?p=26177"},"modified":"2025-07-16T14:22:13","modified_gmt":"2025-07-16T12:22:13","slug":"udzial-przedstawicieli-pb-w-konferencji-cleo-europe-eqec-2025","status":"publish","type":"post","link":"https:\/\/pb.edu.pl\/iros\/2025\/07\/16\/udzial-przedstawicieli-pb-w-konferencji-cleo-europe-eqec-2025\/","title":{"rendered":"Udzia\u0142 przedstawicieli PB w konferencji CLEO\u00ae\/Europe-EQEC 2025"},"content":{"rendered":"<p>W mi\u0119dzynarodowej konferencji CLEO\u00ae\/Europe-EQEC 2025&nbsp; udzia\u0142 wzi\u0119li mgr in\u017c. Karolina Sadowska oraz mgr in\u017c. Krzysztof Markowski z Wydzia\u0142u Elektrycznego Politechniki Bia\u0142ostockiej. Wyjazd odby\u0142 si\u0119 w ramach realizowanego na Politechnice Bia\u0142ostockiej programu \u201ePROM \u2013 kr\u00f3tkookresowa wymiana akademicka\u201d, finansowanego ze \u015brodk\u00f3w Unii Europejskiej. Program koordynuje Dzia\u0142 Projekt\u00f3w Mi\u0119dzynarodowych Erasmus+ i NAWA.<\/p>\n<p>Konferencja odby\u0142a si\u0119 w dniach 23\u201327 czerwca 2025 roku w Monachium (Niemcy). CLEO\u00ae\/Europe-EQEC to wydarzenie o ugruntowanej pozycji, uznawane za jedno z najwa\u017cniejszych w Europie spotka\u0144 naukowc\u00f3w i in\u017cynier\u00f3w zajmuj\u0105cych si\u0119 optyk\u0105 i fotonik\u0105. Konferencja stanowi forum wymiany wiedzy i prezentacji prze\u0142omowych osi\u0105gni\u0119\u0107 w dziedzinie laser\u00f3w, fotoniki oraz szeroko poj\u0119tych nauk optycznych, obejmuj\u0105c r\u00f3\u017cnorodne aspekty bada\u0144 podstawowych i zastosowa\u0144 technologicznych.<\/p>\n<p>Naukowcy Politechniki Bia\u0142ostockiej zaprezentowali wyniki swoich bada\u0144 podczas presti\u017cowej konferencji CLEO Europe 2025 w Monachium, po\u015bwi\u0119conej optyce i fotonice. W trakcie wyst\u0105pienia ustnego pt. \u201eSilica optical fiber with a ring-shaped active layer doped with thulium ions\u201d przedstawiono proces wytworzenia \u015bwiat\u0142owodu krzemionkowego z pier\u015bcieniow\u0105 warstw\u0105 aktywn\u0105 domieszkowan\u0105 jonami tulu przy u\u017cyciu metody MCVD-CDT oraz analiz\u0119 wp\u0142ywu profilu wsp\u00f3\u0142czynnika za\u0142amania i rozmieszczenia domieszek na w\u0142a\u015bciwo\u015bci luminescencyjne i modalne \u015bwiat\u0142owodu. Z kolei na plakacie zatytu\u0142owanym \u201eMultifunctional phosphors with ultra-broadband near-infrared emission (700\u20131700 nm)\u201d zaprezentowano materia\u0142y luminescencyjne zawieraj\u0105ce jony metali ziem rzadkich i metali przej\u015bciowych, kt\u00f3re mog\u0105 s\u0142u\u017cy\u0107 jako efektywne konwertery \u015bwiat\u0142a w diodach LED emituj\u0105cych w szerokim zakresie bliskiej podczerwieni.<\/p>\n<p>Udzia\u0142 w konferencji stanowi\u0142 znakomit\u0105 okazj\u0119 do prezentacji wynik\u00f3w bada\u0144 oraz wymiany do\u015bwiadcze\u0144 z naukowcami z ca\u0142ego \u015bwiata.<\/p>\n<p>&nbsp;<\/p>\n<p>Link do strony konferencji:<\/p>\n<p><a href=\"https:\/\/www.cleoeurope.org\/\">https:\/\/www.cleoeurope.org\/<\/a><\/p>\n<p><a href=\"https:\/\/pb.edu.pl\/iros\/wp-content\/uploads\/sites\/24\/2024\/11\/FERS-RP-UE-NAWA-poziom-kolor.png\"><img loading=\"lazy\" decoding=\"async\" class=\"aligncenter size-large wp-image-21682\" src=\"https:\/\/pb.edu.pl\/iros\/wp-content\/uploads\/sites\/24\/2024\/11\/FERS-RP-UE-NAWA-poziom-kolor-1024x109.png\" alt=\"loga - fundusze europejskie, flaga RP, dofinansowanie UE, NAWA\" width=\"1024\" height=\"109\" srcset=\"https:\/\/pb.edu.pl\/iros\/wp-content\/uploads\/sites\/24\/2024\/11\/FERS-RP-UE-NAWA-poziom-kolor-1024x109.png 1024w, https:\/\/pb.edu.pl\/iros\/wp-content\/uploads\/sites\/24\/2024\/11\/FERS-RP-UE-NAWA-poziom-kolor-300x32.png 300w, https:\/\/pb.edu.pl\/iros\/wp-content\/uploads\/sites\/24\/2024\/11\/FERS-RP-UE-NAWA-poziom-kolor-768x82.png 768w, https:\/\/pb.edu.pl\/iros\/wp-content\/uploads\/sites\/24\/2024\/11\/FERS-RP-UE-NAWA-poziom-kolor-1536x163.png 1536w, https:\/\/pb.edu.pl\/iros\/wp-content\/uploads\/sites\/24\/2024\/11\/FERS-RP-UE-NAWA-poziom-kolor-2048x218.png 2048w\" sizes=\"auto, (max-width: 1024px) 100vw, 1024px\" \/><\/a><\/p>\n","protected":false},"excerpt":{"rendered":"<p>Dzia\u0142anie w ramach projektu PROM 2024. <\/p>\n","protected":false},"author":50,"featured_media":26178,"comment_status":"closed","ping_status":"closed","sticky":false,"template":"","format":"standard","meta":{"_acf_changed":false,"ngg_post_thumbnail":0,"footnotes":""},"categories":[14,64],"tags":[],"class_list":["post-26177","post","type-post","status-publish","format-standard","has-post-thumbnail","hentry","category-aktualnosci-bwm","category-prom-2024"],"acf":[],"_links":{"self":[{"href":"https:\/\/pb.edu.pl\/iros\/wp-json\/wp\/v2\/posts\/26177","targetHints":{"allow":["GET"]}}],"collection":[{"href":"https:\/\/pb.edu.pl\/iros\/wp-json\/wp\/v2\/posts"}],"about":[{"href":"https:\/\/pb.edu.pl\/iros\/wp-json\/wp\/v2\/types\/post"}],"author":[{"embeddable":true,"href":"https:\/\/pb.edu.pl\/iros\/wp-json\/wp\/v2\/users\/50"}],"replies":[{"embeddable":true,"href":"https:\/\/pb.edu.pl\/iros\/wp-json\/wp\/v2\/comments?post=26177"}],"version-history":[{"count":0,"href":"https:\/\/pb.edu.pl\/iros\/wp-json\/wp\/v2\/posts\/26177\/revisions"}],"wp:featuredmedia":[{"embeddable":true,"href":"https:\/\/pb.edu.pl\/iros\/wp-json\/wp\/v2\/media\/26178"}],"wp:attachment":[{"href":"https:\/\/pb.edu.pl\/iros\/wp-json\/wp\/v2\/media?parent=26177"}],"wp:term":[{"taxonomy":"category","embeddable":true,"href":"https:\/\/pb.edu.pl\/iros\/wp-json\/wp\/v2\/categories?post=26177"},{"taxonomy":"post_tag","embeddable":true,"href":"https:\/\/pb.edu.pl\/iros\/wp-json\/wp\/v2\/tags?post=26177"}],"curies":[{"name":"wp","href":"https:\/\/api.w.org\/{rel}","templated":true}]}}