{"id":26158,"date":"2025-07-15T13:51:05","date_gmt":"2025-07-15T11:51:05","guid":{"rendered":"https:\/\/pb.edu.pl\/iros\/?p=26158"},"modified":"2025-07-15T13:51:05","modified_gmt":"2025-07-15T11:51:05","slug":"udzial-przedstawicieli-pb-w-konferencji-the-cie-midterm-meeting-2025","status":"publish","type":"post","link":"https:\/\/pb.edu.pl\/iros\/2025\/07\/15\/udzial-przedstawicieli-pb-w-konferencji-the-cie-midterm-meeting-2025\/","title":{"rendered":"Udzia\u0142 przedstawicieli PB w konferencji The CIE Midterm Meeting 2025"},"content":{"rendered":"<p>W mi\u0119dzynarodowej konferencji&nbsp;<a href=\"https:\/\/vienna2025.cie.co.at\/\"><strong>The CIE Midterm Meeting<\/strong><\/a>&nbsp;&nbsp;udzia\u0142 wzi\u0119li mgr in\u017c. Maciej Listowski oraz dr hab. in\u017c. Irena Fryc, prof. PB. z Wydzia\u0142u Elektrycznego Politechniki Bia\u0142ostockiej. Wyjazd odby\u0142 si\u0119 w ramach realizowanego na Politechnice Bia\u0142ostockiej&nbsp;<a href=\"https:\/\/pb.edu.pl\/iros\/projekty-nawa\/prom-2024\/o-projekcie\/\">programu \u201ePROM \u2013 kr\u00f3tkookresowa wymiana akademicka\u201d<\/a>, finansowanego ze \u015brodk\u00f3w Unii Europejskiej. Program koordynuje&nbsp;<a href=\"https:\/\/pb.edu.pl\/iros\/kontakt\/#custom-collapse-0-0\">Dzia\u0142 Projekt\u00f3w Mi\u0119dzynarodowych Erasmus+ i NAWA<\/a>.<\/p>\n<p>&nbsp;<\/p>\n<p>Naukowcy Politechniki Bia\u0142ostockiej zaprezentowali zagadnienia dotycz\u0105ce zaawansowanych zagadnie\u0144 metrologii techniki \u015bwietlnej. W trakcie wyst\u0105pienia ustnego pod tytu\u0142em \u201dRecipe for typical minimum and maximum spectral mismatch correction factor using broadband photometer measurements and catalog parameters for tested white LED sources\u201d przedstawiono nowatorsk\u0105 metod\u0119 szacowania warto\u015bci wsp\u00f3\u0142czynnik\u00f3w koryguj\u0105cych odczyty fotometrycznych urz\u0105dze\u0144 pomiarowych w przypadku, gdy mierzone s\u0105 nimi parametry \u015bwietlne LED\u00f3w. Zaprezentowano r\u00f3wnie\u017c plakat na temat: \u201eRethinking photometer calibration standards: alternative spectral distributions shaped by LED technology\u201d, gdzie wskazano na istotno\u015b\u0107 prawid\u0142owo\u015bci doboru rozk\u0142adu widmowego lampy, kt\u00f3r\u0105 s\u0105 kalibrowane fotometry. By\u0142a to znakomita okazja do wymiany wiedzy i do\u015bwiadcze\u0144 na arenie mi\u0119dzynarodowej.<\/p>\n<p>&nbsp;<\/p>\n<p>Konferencja \u201eCIE Midterm Meeting 2025\u201d zosta\u0142a zorganizowana przez Mi\u0119dzynarodow\u0105 Komisj\u0119 O\u015bwietleniow\u0105 w Wiedniu, w dniach 4 &#8211; 11 lipca 2025, w Austria Center Vienna. Zaprezentowano trzy bardzo interesuj\u0105ce wyk\u0142ady inauguruj\u0105ce, w kt\u00f3rych przedstawiono tematy poruszaj\u0105ce istotne wsp\u00f3\u0142cze\u015bnie zagadnienia badawcze w technice \u015bwietlnej. Uczestnicy mieli okazj\u0119 wys\u0142ucha\u0107 nast\u0119puj\u0105cych wyk\u0142ad\u00f3w: \u201eLight and Human Health\u201d \u2013 Prof. George C. Brainard , \u201cApplications of Artificial Intelligence in the Colour Industries\u201d \u2013 Prof. Stephen Westland oraz \u201eThe multifaceted impacts of light -pollution\u201d. Ponadto naukowcy referowali wyniki swoich najnowszych bada\u0144 w ponad dziewi\u0119\u0107dziesi\u0119ciu wyst\u0105pieniach, a tak\u017ce zaprezentowano 150 plakat\u00f3w przedstawiaj\u0105cych specjalistyczn\u0105 wiedz\u0119, do\u015bwiadczenie i wyniki bada\u0144.<\/p>\n<p><a href=\"https:\/\/pb.edu.pl\/iros\/wp-content\/uploads\/sites\/24\/2024\/11\/FERS-RP-UE-NAWA-poziom-kolor.png\"><img loading=\"lazy\" decoding=\"async\" class=\"aligncenter size-large wp-image-21682\" src=\"https:\/\/pb.edu.pl\/iros\/wp-content\/uploads\/sites\/24\/2024\/11\/FERS-RP-UE-NAWA-poziom-kolor-1024x109.png\" alt=\"loga - fundusze europejskie, flaga RP, dofinansowanie UE, NAWA\" width=\"1024\" height=\"109\" srcset=\"https:\/\/pb.edu.pl\/iros\/wp-content\/uploads\/sites\/24\/2024\/11\/FERS-RP-UE-NAWA-poziom-kolor-1024x109.png 1024w, https:\/\/pb.edu.pl\/iros\/wp-content\/uploads\/sites\/24\/2024\/11\/FERS-RP-UE-NAWA-poziom-kolor-300x32.png 300w, https:\/\/pb.edu.pl\/iros\/wp-content\/uploads\/sites\/24\/2024\/11\/FERS-RP-UE-NAWA-poziom-kolor-768x82.png 768w, https:\/\/pb.edu.pl\/iros\/wp-content\/uploads\/sites\/24\/2024\/11\/FERS-RP-UE-NAWA-poziom-kolor-1536x163.png 1536w, https:\/\/pb.edu.pl\/iros\/wp-content\/uploads\/sites\/24\/2024\/11\/FERS-RP-UE-NAWA-poziom-kolor-2048x218.png 2048w\" sizes=\"auto, (max-width: 1024px) 100vw, 1024px\" \/><\/a><\/p>\n","protected":false},"excerpt":{"rendered":"<p>Dzia\u0142anie w ramach PROM<\/p>\n","protected":false},"author":50,"featured_media":26159,"comment_status":"closed","ping_status":"closed","sticky":false,"template":"","format":"standard","meta":{"_acf_changed":false,"ngg_post_thumbnail":0,"footnotes":""},"categories":[14,64],"tags":[],"class_list":["post-26158","post","type-post","status-publish","format-standard","has-post-thumbnail","hentry","category-aktualnosci-bwm","category-prom-2024"],"acf":[],"_links":{"self":[{"href":"https:\/\/pb.edu.pl\/iros\/wp-json\/wp\/v2\/posts\/26158","targetHints":{"allow":["GET"]}}],"collection":[{"href":"https:\/\/pb.edu.pl\/iros\/wp-json\/wp\/v2\/posts"}],"about":[{"href":"https:\/\/pb.edu.pl\/iros\/wp-json\/wp\/v2\/types\/post"}],"author":[{"embeddable":true,"href":"https:\/\/pb.edu.pl\/iros\/wp-json\/wp\/v2\/users\/50"}],"replies":[{"embeddable":true,"href":"https:\/\/pb.edu.pl\/iros\/wp-json\/wp\/v2\/comments?post=26158"}],"version-history":[{"count":0,"href":"https:\/\/pb.edu.pl\/iros\/wp-json\/wp\/v2\/posts\/26158\/revisions"}],"wp:featuredmedia":[{"embeddable":true,"href":"https:\/\/pb.edu.pl\/iros\/wp-json\/wp\/v2\/media\/26159"}],"wp:attachment":[{"href":"https:\/\/pb.edu.pl\/iros\/wp-json\/wp\/v2\/media?parent=26158"}],"wp:term":[{"taxonomy":"category","embeddable":true,"href":"https:\/\/pb.edu.pl\/iros\/wp-json\/wp\/v2\/categories?post=26158"},{"taxonomy":"post_tag","embeddable":true,"href":"https:\/\/pb.edu.pl\/iros\/wp-json\/wp\/v2\/tags?post=26158"}],"curies":[{"name":"wp","href":"https:\/\/api.w.org\/{rel}","templated":true}]}}