{"id":25835,"date":"2025-06-12T14:24:45","date_gmt":"2025-06-12T12:24:45","guid":{"rendered":"https:\/\/pb.edu.pl\/iros\/?p=25835"},"modified":"2025-07-03T14:31:35","modified_gmt":"2025-07-03T12:31:35","slug":"wizyta-przedstawicieli-wydzialu-elektrycznego-pb-w-hellenic-mediterranean-university-w-grecji","status":"publish","type":"post","link":"https:\/\/pb.edu.pl\/iros\/2025\/06\/12\/wizyta-przedstawicieli-wydzialu-elektrycznego-pb-w-hellenic-mediterranean-university-w-grecji\/","title":{"rendered":"Wizyta przedstawicieli Wydzia\u0142u Elektrycznego PB w Hellenic Mediterranean University w Grecji."},"content":{"rendered":"<div class=\"h3\">W dniach 2-6 czerwca 2025 roku pracownicy Wydzia\u0142u Elektrycznego dr in\u017c. Gra\u017cyna Gilewska oraz dr in\u017c. Andrzej Zankiewicz odwiedzili w ramach programu Erasmus+ uczelni\u0119 Hellenic Mediterranean University w Grecji.<\/div>\n<p>Opiekunami odwiedzaj\u0105cych byli profesor Giorgos Papadourakis zajmuj\u0105cy si\u0119 aplikacjami inteligentnych system\u00f3w, rozwojem oprogramowania sprz\u0119towego i cyberbezpiecze\u0144stwem oraz doktor Spyros Panagiotakis zajmuj\u0105cym si\u0119 Internetem rzeczy, sieciami czujnik\u00f3w np. do precyzyjnego zarz\u0105dzania nawadnianiem w rolnictwie oraz informatyk\u0105 przemys\u0142ow\u0105.<\/p>\n<p>Przeprowadzone w ramach wizyty go\u015bcinne zaj\u0119cia dydaktyczne obejmowa\u0142y wyk\u0142ady oraz praktyczne demonstracje z tematyki Internetu Rzeczy dla student\u00f3w Wydzia\u0142u Elektrotechniki i Informatyki. Informacja o wyk\u0142adach i ich streszczenie zosta\u0142y rozes\u0142ane studentom w ramach wewn\u0119trznej komunikacji Wydzia\u0142u. Ponadto przeprowadzona zosta\u0142a prezentacja promuj\u0105ca Politechnik\u0119 Bia\u0142ostock\u0105 oraz jej Wydzia\u0142 Elektryczny z uwzgl\u0119dnieniem studi\u00f3w w j\u0119zyku angielskim, w tym oferty dedykowanej studentom w ramach programu Erasmus+.<\/p>\n<p>Odwiedzaj\u0105cy zaprezentowali te\u017c pracownikom wizytowanego Wydzia\u0142u zakres i charakterystyk\u0119 prowadzonych przez siebie prac i projekt\u00f3w badawczych, a tak\u017ce mieli mo\u017cliwo\u015b\u0107 spotka\u0144 z pracownikami i doktorantami zajmuj\u0105cymi si\u0119 pokrewn\u0105 tematyk\u0105, czego efektem s\u0105 deklaracje dalszych kontakt\u00f3w mog\u0105cych zaowocowa\u0107 wsp\u00f3lnymi projektami badawczymi i dydaktycznymi.<\/p>\n<p>Na uwag\u0119 zas\u0142uguje fakt, \u017ce Wydzia\u0142 Elektrotechniki i Informatyki oferuje (podobnie jak inne wydzia\u0142y) pi\u0119cioletni program studi\u00f3w magisterskich obejmuj\u0105cy kierunki: Systemy Energetyczne, Elektronika i Systemy sterowania, Telekomunikacja i Technologia Komputerowa.<\/p>\nngg_shortcode_0_placeholder\n","protected":false},"excerpt":{"rendered":"<p>Mobilno\u015b\u0107 w ramach programu Erasmus+<\/p>\n","protected":false},"author":69,"featured_media":25843,"comment_status":"closed","ping_status":"closed","sticky":false,"template":"","format":"standard","meta":{"_acf_changed":false,"ngg_post_thumbnail":0,"footnotes":""},"categories":[14,67],"tags":[],"class_list":["post-25835","post","type-post","status-publish","format-standard","has-post-thumbnail","hentry","category-aktualnosci-bwm","category-relacje-wyjazdy-pracownikow-od-lipiec-2024"],"acf":[],"_links":{"self":[{"href":"https:\/\/pb.edu.pl\/iros\/wp-json\/wp\/v2\/posts\/25835","targetHints":{"allow":["GET"]}}],"collection":[{"href":"https:\/\/pb.edu.pl\/iros\/wp-json\/wp\/v2\/posts"}],"about":[{"href":"https:\/\/pb.edu.pl\/iros\/wp-json\/wp\/v2\/types\/post"}],"author":[{"embeddable":true,"href":"https:\/\/pb.edu.pl\/iros\/wp-json\/wp\/v2\/users\/69"}],"replies":[{"embeddable":true,"href":"https:\/\/pb.edu.pl\/iros\/wp-json\/wp\/v2\/comments?post=25835"}],"version-history":[{"count":0,"href":"https:\/\/pb.edu.pl\/iros\/wp-json\/wp\/v2\/posts\/25835\/revisions"}],"wp:featuredmedia":[{"embeddable":true,"href":"https:\/\/pb.edu.pl\/iros\/wp-json\/wp\/v2\/media\/25843"}],"wp:attachment":[{"href":"https:\/\/pb.edu.pl\/iros\/wp-json\/wp\/v2\/media?parent=25835"}],"wp:term":[{"taxonomy":"category","embeddable":true,"href":"https:\/\/pb.edu.pl\/iros\/wp-json\/wp\/v2\/categories?post=25835"},{"taxonomy":"post_tag","embeddable":true,"href":"https:\/\/pb.edu.pl\/iros\/wp-json\/wp\/v2\/tags?post=25835"}],"curies":[{"name":"wp","href":"https:\/\/api.w.org\/{rel}","templated":true}]}}