{"id":25047,"date":"2025-05-27T16:08:11","date_gmt":"2025-05-27T14:08:11","guid":{"rendered":"https:\/\/pb.edu.pl\/iros\/?p=25047"},"modified":"2025-05-27T16:08:11","modified_gmt":"2025-05-27T14:08:11","slug":"pracownicy-wydzialu-elektrycznego-pb-na-stazu-dydaktycznym-w-menoufia-university-shibin-el-kom-egipt","status":"publish","type":"post","link":"https:\/\/pb.edu.pl\/iros\/2025\/05\/27\/pracownicy-wydzialu-elektrycznego-pb-na-stazu-dydaktycznym-w-menoufia-university-shibin-el-kom-egipt\/","title":{"rendered":"Pracownicy Wydzia\u0142u Elektrycznego PB na sta\u017cu dydaktycznym w Menoufia University, Shibin el Kom, Egipt."},"content":{"rendered":"<div class=\"h3\">W dniach 12-16.10.2023 pracownicy Wydzia\u0142u Elektrycznego dr in\u017c. Micha\u0142 Ostaszewski, dr i\u017c. S\u0142awomir Romaniuk odbyli sta\u017c dydaktyczny w ramach KA171 Erazmus + w Menoufia University, Wydzia\u0142 Elektryczny, Shibin el Kom, Egipt.<\/div>\n<p>W ramach wyjazdu dr in\u017c. Micha\u0142 Ostaszewski, dr i\u017c. S\u0142awomir Romaniuk brali aktywny udzia\u0142 w zaplanowanych wydarzeniach dydaktycznych takich jak:<\/p>\n<ul>\n<li>publiczne wyst\u0105pienia wyk\u0142adowo \u2013 szkoleniowe dla student\u00f3w,<\/li>\n<li>uczestniczenie w procesie oceniania projekt\u00f3w semestralnych student\u00f3w.<\/li>\n<\/ul>\n<p>W ramach wyjazdu zapoznano si\u0119 z zapleczem dydaktycznym oraz z modelem nauczania na uczelni. W trakcie sta\u017cu odbyte zosta\u0142y spotkania z w\u0142adzami oraz pracownikami naukowymi Wydzia\u0142u Elektrycznego.<\/p>\nngg_shortcode_0_placeholder\n","protected":false},"excerpt":{"rendered":"<p>Mobilno\u015b\u0107 w ramach programu Erasmus+<\/p>\n","protected":false},"author":69,"featured_media":25055,"comment_status":"closed","ping_status":"open","sticky":false,"template":"","format":"standard","meta":{"_acf_changed":false,"ngg_post_thumbnail":0,"footnotes":""},"categories":[14,67],"tags":[],"class_list":["post-25047","post","type-post","status-publish","format-standard","has-post-thumbnail","hentry","category-aktualnosci-bwm","category-relacje-wyjazdy-pracownikow-od-lipiec-2024"],"acf":[],"_links":{"self":[{"href":"https:\/\/pb.edu.pl\/iros\/wp-json\/wp\/v2\/posts\/25047","targetHints":{"allow":["GET"]}}],"collection":[{"href":"https:\/\/pb.edu.pl\/iros\/wp-json\/wp\/v2\/posts"}],"about":[{"href":"https:\/\/pb.edu.pl\/iros\/wp-json\/wp\/v2\/types\/post"}],"author":[{"embeddable":true,"href":"https:\/\/pb.edu.pl\/iros\/wp-json\/wp\/v2\/users\/69"}],"replies":[{"embeddable":true,"href":"https:\/\/pb.edu.pl\/iros\/wp-json\/wp\/v2\/comments?post=25047"}],"version-history":[{"count":0,"href":"https:\/\/pb.edu.pl\/iros\/wp-json\/wp\/v2\/posts\/25047\/revisions"}],"wp:featuredmedia":[{"embeddable":true,"href":"https:\/\/pb.edu.pl\/iros\/wp-json\/wp\/v2\/media\/25055"}],"wp:attachment":[{"href":"https:\/\/pb.edu.pl\/iros\/wp-json\/wp\/v2\/media?parent=25047"}],"wp:term":[{"taxonomy":"category","embeddable":true,"href":"https:\/\/pb.edu.pl\/iros\/wp-json\/wp\/v2\/categories?post=25047"},{"taxonomy":"post_tag","embeddable":true,"href":"https:\/\/pb.edu.pl\/iros\/wp-json\/wp\/v2\/tags?post=25047"}],"curies":[{"name":"wp","href":"https:\/\/api.w.org\/{rel}","templated":true}]}}