{"id":25034,"date":"2025-05-27T15:58:45","date_gmt":"2025-05-27T13:58:45","guid":{"rendered":"https:\/\/pb.edu.pl\/iros\/?p=25034"},"modified":"2025-05-27T15:58:45","modified_gmt":"2025-05-27T13:58:45","slug":"wyjazd-dydaktyczne-dr-inz-romana-trochimczuk-i-dr-inz-adama-wolniakowskiego-do-beykent-university-istambul-turcja","status":"publish","type":"post","link":"https:\/\/pb.edu.pl\/iros\/2025\/05\/27\/wyjazd-dydaktyczne-dr-inz-romana-trochimczuk-i-dr-inz-adama-wolniakowskiego-do-beykent-university-istambul-turcja\/","title":{"rendered":"Wyjazd dydaktyczne dr. in\u017c. Romana Trochimczuk i dr. in\u017c. Adama Wolniakowskiego do BEYKENT UNIVERSITY, Istambu\u0142, Turcja"},"content":{"rendered":"<div class=\"h3\">W dniach od 5-9 maja 2025 pracownicy Katedry Automatyki i Robotyki, Wydzia\u0142u Elektrycznego Politechniki Bia\u0142ostockiej, uczestniczyli w mobilno\u015bci akademickiej w ramach programu Erasmus+ do BEYKENT UNIVERSITY, Faculty of Engineering \u2013 Architecture, Istambu\u0142, Turcja.<\/div>\n<p>&nbsp;<\/p>\n<p>W ramach wyjazdu zrealizowali wszystkie postawione cele mobilno\u015bci, tj.<\/p>\n<ul>\n<li>przeprowadzili zaj\u0119cia dydaktyczne ze studentami Uczelni goszcz\u0105cej z zakresu szeroko rozumianej robotyki, robotyzacji i automatyzacji proces\u00f3w dla kierunku studi\u00f3w Management Engineering i Mechanical Engineering,<\/li>\n<li>spotkali si\u0119 z cz\u0142onkami dzia\u0142aj\u0105cych klub\u00f3w studenckich, b\u0119d\u0105cych odpowiednikiem polskich k\u00f3\u0142 naukowych, gdzie zaprezentowali aktywno\u015bci studenckie, potencja\u0142 badawczo-dydaktyczny Politechniki Bia\u0142ostockiej,<\/li>\n<li>zach\u0119cali do podj\u0119cia si\u0119 pr\u00f3b uczestniczenia w mi\u0119dzynarodowej wymianie studenckiej.<\/li>\n<\/ul>\n<p>W trakcie ca\u0142ego pobytu pracownicy Politechniki Bia\u0142ostockiej obj\u0119ci zostali opiek\u0105 koordynatora Erasmus &#8211; Pani\u0105 Sevcan D\u00fczg\u00fcn z Beykent University. G\u0142\u00f3wnymi osobami, kt\u00f3re ze strony organizacji wyk\u0142ad\u00f3w i spotka\u0144 ze studentami Beykent University, wizytacji laboratori\u00f3w i pracowni dydaktycznych Wydzia\u0142u goszcz\u0105cego, by\u0142y Panie Profesor Hatice Nida Civan i Profesor Ay\u00e7a Maden. Dzi\u0119ki nim dr in\u017c. Roman Trochimczuk i dr in\u017c. Adam Wolniakowski uczestniczyli w wielu rozmowach na temat stosowanych technik i narz\u0119dzi dydaktycznych, organizacji procesu dydaktycznego, wyposa\u017cenia laboratori\u00f3w do dydaktyki, wymiany mi\u0119dzynarodowej.<\/p>\n<p>Brali te\u017c udzia\u0142 w konferencji dydaktyczno- naukowej Boss 2025 Sector 350, organizowanej w Beykent University, w dniu 08.05.2025. Interesuj\u0105cym punktem wizyty by\u0142o zwiedzanie redakcji czasopisma naukowego Co.ntext wydawanego w Beykent University, kt\u00f3re jest r\u00f3wnie\u017c skierowane do ca\u0142ej spo\u0142eczno\u015bci akademickiej, popularyzuj\u0105c nauk\u0119 studentom Uczelni goszcz\u0105cej. Zrealizowane mobilno\u015b\u0107 dr in\u017c. Romana Trochimczuk oraz dr in\u017c. Adama Wolniakowskiego pozwoli\u0142a przede wszystkim na wzmacnienie mi\u0119dzykulturowej wymiany poprzez poznawania nowych ludzi i kultur, co prowadzi do budowania most\u00f3w mi\u0119dzy narodami, umo\u017cliwi\u0142a rozw\u00f3j osobisty i zawodowy pracownik\u00f3w PB, w tym kompetencji w pos\u0142ugiwaniem si\u0119 j\u0119zykiem obcym, a tak\u017ce by\u0142a \u015bwietn\u0105 okazj\u0105 do rozwijania i zacie\u015bnienie wsp\u00f3\u0142pracy mi\u0119dzyinstytucjonalnej w obszarach dydaktycznych i naukowych.<\/p>\nngg_shortcode_0_placeholder\n","protected":false},"excerpt":{"rendered":"<p>Mobilno\u015b\u0107 w ramach programu Erasmus+<\/p>\n","protected":false},"author":69,"featured_media":25044,"comment_status":"closed","ping_status":"open","sticky":false,"template":"","format":"standard","meta":{"_acf_changed":false,"ngg_post_thumbnail":0,"footnotes":""},"categories":[14,67],"tags":[],"class_list":["post-25034","post","type-post","status-publish","format-standard","has-post-thumbnail","hentry","category-aktualnosci-bwm","category-relacje-wyjazdy-pracownikow-od-lipiec-2024"],"acf":[],"_links":{"self":[{"href":"https:\/\/pb.edu.pl\/iros\/wp-json\/wp\/v2\/posts\/25034","targetHints":{"allow":["GET"]}}],"collection":[{"href":"https:\/\/pb.edu.pl\/iros\/wp-json\/wp\/v2\/posts"}],"about":[{"href":"https:\/\/pb.edu.pl\/iros\/wp-json\/wp\/v2\/types\/post"}],"author":[{"embeddable":true,"href":"https:\/\/pb.edu.pl\/iros\/wp-json\/wp\/v2\/users\/69"}],"replies":[{"embeddable":true,"href":"https:\/\/pb.edu.pl\/iros\/wp-json\/wp\/v2\/comments?post=25034"}],"version-history":[{"count":0,"href":"https:\/\/pb.edu.pl\/iros\/wp-json\/wp\/v2\/posts\/25034\/revisions"}],"wp:featuredmedia":[{"embeddable":true,"href":"https:\/\/pb.edu.pl\/iros\/wp-json\/wp\/v2\/media\/25044"}],"wp:attachment":[{"href":"https:\/\/pb.edu.pl\/iros\/wp-json\/wp\/v2\/media?parent=25034"}],"wp:term":[{"taxonomy":"category","embeddable":true,"href":"https:\/\/pb.edu.pl\/iros\/wp-json\/wp\/v2\/categories?post=25034"},{"taxonomy":"post_tag","embeddable":true,"href":"https:\/\/pb.edu.pl\/iros\/wp-json\/wp\/v2\/tags?post=25034"}],"curies":[{"name":"wp","href":"https:\/\/api.w.org\/{rel}","templated":true}]}}