{"id":23540,"date":"2025-03-24T09:39:55","date_gmt":"2025-03-24T08:39:55","guid":{"rendered":"https:\/\/pb.edu.pl\/iros\/?p=23540"},"modified":"2025-03-25T09:26:02","modified_gmt":"2025-03-25T08:26:02","slug":"miedzynarodowa-studencka-konferencja-naukowa-forum-pomyslow","status":"publish","type":"post","link":"https:\/\/pb.edu.pl\/iros\/2025\/03\/24\/miedzynarodowa-studencka-konferencja-naukowa-forum-pomyslow\/","title":{"rendered":"Mi\u0119dzynarodowa Studencka Konferencja Naukowa &#8211; Forum Pomys\u0142\u00f3w"},"content":{"rendered":"<div class=\"h3\">W imieniu Kauno Kolegija Higher Education Institution, zapraszamy do udzia\u0142u w FORUM OF IDEAS 2025 &#8211; Mi\u0119dzynarodowej Studenckiej Konferencji Naukowej.<\/div>\n<p>&nbsp;&nbsp;<\/p>\n<p>Zapraszamy student\u00f3w do udzia\u0142u w mi\u0119dzynarodowej, interdyscyplinarnej studenckiej konferencji naukowej Forum of Ideas 2025, kt\u00f3ra odb\u0119dzie si\u0119 <strong>8 maja 2025 roku.<\/strong><\/p>\n<p>Konferencja organizowana jest przez Wydzia\u0142 Sztuki i Edukacji w Kauno kolegija Higher Education Institution.<\/p>\n<p>To ju\u017c 22. edycja, wieloletniej konferencji, kt\u00f3ra s\u0142u\u017cy jako wyj\u0105tkowa platforma dla student\u00f3w do prezentowania swoich bada\u0144 naukowych i prac artystycznych, oraz umo\u017cliwia udzia\u0142 w wystawie grupowej. Podczas konferencji uczestnicy b\u0119d\u0105 mieli mo\u017cliwo\u015b\u0107 dzielenia si\u0119 pomys\u0142ami i anga\u017cowania w dyskusje ze spo\u0142eczno\u015bci\u0105 akademick\u0105 z ca\u0142ego \u015bwiata. Konferencja zapewnia otwart\u0105 i inspiruj\u0105c\u0105 przestrze\u0144, kt\u00f3ra sprzyja interdyscyplinarnej wsp\u00f3\u0142pracy, odkrywaniu nowych perspektyw i stosowaniu praktycznych spostrze\u017ce\u0144.<\/p>\n<p>Konferencja ma na celu popraw\u0119 kompetencji naukowych i artystycznych student\u00f3w poprzez wymian\u0119 wiedzy i pomys\u0142\u00f3w z zakresu nauki stosowanej\/sztuki oraz zach\u0119canie do poszerzania sieci kontakt\u00f3w.<\/p>\n<p>Data <span style=\"font-size: 1.5rem\">&#8211; 08\/05\/2025 <\/span><\/p>\n<p><span style=\"font-size: 1.5rem\">Miejsce &#8211; Kauno kolegija HEI, Pramon\u0117s av. 22A, Kowno, Litwa<\/span><\/p>\n<p>Rejestracja dla go\u015bci &#8211; do 07\/05\/2025<\/p>\n<p>Sk\u0142adanie adnotacji dotycz\u0105cych prezentacji &#8211; do 17\/04\/2025<\/p>\n<p>Sk\u0142adanie artyku\u0142\u00f3w &#8211; do 22\/05\/2025<\/p>\n<p>Zg\u0142aszanie wystaw osobistych i grupowych w formacie wideo lub innym formacie elektronicznym &#8211; 17\/04\/2025<\/p>\n<p>Zg\u0142aszanie fotografii dzie\u0142 sztuki &#8211; 17\/04\/2025<\/p>\n<p>&nbsp;<\/p>\n<p>Wi\u0119cej informacji o konferencji <a title=\"\" href=\"https:\/\/ideasforum.kaunokolegija.lt\/en\/about-conference\/\">na stronie organizatora.<\/a>&nbsp;<\/p>\n","protected":false},"excerpt":{"rendered":"<p>8 maja 2025, Kowno, Litwa.<\/p>\n","protected":false},"author":69,"featured_media":23541,"comment_status":"closed","ping_status":"open","sticky":false,"template":"","format":"standard","meta":{"_acf_changed":false,"ngg_post_thumbnail":0,"footnotes":""},"categories":[14,59],"tags":[],"class_list":["post-23540","post","type-post","status-publish","format-standard","has-post-thumbnail","hentry","category-aktualnosci-bwm","category-konferencje-miedzynarodowe"],"acf":[],"_links":{"self":[{"href":"https:\/\/pb.edu.pl\/iros\/wp-json\/wp\/v2\/posts\/23540","targetHints":{"allow":["GET"]}}],"collection":[{"href":"https:\/\/pb.edu.pl\/iros\/wp-json\/wp\/v2\/posts"}],"about":[{"href":"https:\/\/pb.edu.pl\/iros\/wp-json\/wp\/v2\/types\/post"}],"author":[{"embeddable":true,"href":"https:\/\/pb.edu.pl\/iros\/wp-json\/wp\/v2\/users\/69"}],"replies":[{"embeddable":true,"href":"https:\/\/pb.edu.pl\/iros\/wp-json\/wp\/v2\/comments?post=23540"}],"version-history":[{"count":0,"href":"https:\/\/pb.edu.pl\/iros\/wp-json\/wp\/v2\/posts\/23540\/revisions"}],"wp:featuredmedia":[{"embeddable":true,"href":"https:\/\/pb.edu.pl\/iros\/wp-json\/wp\/v2\/media\/23541"}],"wp:attachment":[{"href":"https:\/\/pb.edu.pl\/iros\/wp-json\/wp\/v2\/media?parent=23540"}],"wp:term":[{"taxonomy":"category","embeddable":true,"href":"https:\/\/pb.edu.pl\/iros\/wp-json\/wp\/v2\/categories?post=23540"},{"taxonomy":"post_tag","embeddable":true,"href":"https:\/\/pb.edu.pl\/iros\/wp-json\/wp\/v2\/tags?post=23540"}],"curies":[{"name":"wp","href":"https:\/\/api.w.org\/{rel}","templated":true}]}}