{"id":23438,"date":"2025-03-20T09:31:54","date_gmt":"2025-03-20T08:31:54","guid":{"rendered":"https:\/\/pb.edu.pl\/iros\/?p=23438"},"modified":"2025-03-20T11:18:26","modified_gmt":"2025-03-20T10:18:26","slug":"pracownice-oficyny-wydawniczej-politechniki-bialostockiej-z-wizyta-na-universidad-de-sevilla","status":"publish","type":"post","link":"https:\/\/pb.edu.pl\/iros\/2025\/03\/20\/pracownice-oficyny-wydawniczej-politechniki-bialostockiej-z-wizyta-na-universidad-de-sevilla\/","title":{"rendered":"Pracownice Oficyny Wydawniczej Politechniki Bia\u0142ostockiej z wizyt\u0105 na Universidad de Sevilla"},"content":{"rendered":"<div class=\"h3\">W dniach 10\u201314 marca 2025 r. przedstawicielki Oficyny Wydawniczej Politechniki Bia\u0142ostockiej \u2013 Joanna Zi\u00f3\u0142kowska, kierownik OW PB, i Edyta Chrzanowska, redaktor OW PB \u2013 odwiedzi\u0142y uczelni\u0119 partnersk\u0105 Universidad de Sevilla w ramach programu Erasmus+.<\/div>\n<p>Za\u0142o\u017cony w 1505 r. Uniwersytet w Sewilli jest drugim co do wielko\u015bci w Hiszpanii pod wzgl\u0119dem liczby student\u00f3w (ponad 70 000) i pierwszym w Andaluzji. Po\u0142o\u017cony w centrum \u017cycia spo\u0142ecznego i kulturalnego miasta uniwersytet ma bogat\u0105 kolekcj\u0119 historyczno-artystyczn\u0105 licz\u0105c\u0105 tysi\u0105ce dzie\u0142. Dysponuje r\u00f3wnie\u017c jedn\u0105 z najszerszych ofert akademickich w Hiszpanii, zar\u00f3wno na poziomie licencjackim, jak i magisterskim. Uniwersytecki kampus sk\u0142ada si\u0119 z 27 wydzia\u0142\u00f3w i szk\u00f3\u0142 rozsianych po ca\u0142ym mie\u015bcie.<\/p>\n<p>Celem wyjazdu by\u0142o nawi\u0105zanie wsp\u00f3\u0142pracy z Wydawnictwem Uniwersytetu w Sewilli (Editorial Universidad de Sevilla, EUS) i wymiana do\u015bwiadcze\u0144 w szeroko poj\u0119tym procesie wydawniczym. EUS jest wydawc\u0105 ksi\u0105\u017cek papierowych, a tak\u017ce w formie elektronicznej, dzi\u0119ki czemu umacnia sw\u0105 obecno\u015b\u0107 na mi\u0119dzynarodowym rynku e-book\u00f3w w formacie epub. Ich publikacje s\u0105 notowane w rankingu Publishers Scholar Metrics. Hiszpa\u0144skie wydawnictwo nale\u017cy do Uni\u00f3n de Editoriales Universitarias Espa\u00f1olas, Fundaci\u00f3n Espa\u00f1ola para la Ciencia y la Tecnolog\u00eda czy La Agencia Nacional de Evaluaci\u00f3n y Acreditaci\u00f3n. Wydawane przez EUS publikacje sygnowane s\u0105 znakiem jako\u015bci wydawnictw akademickich The Academic Publishing Quality Sea (CEA\/APQ).<\/p>\n<p>Podczas spotka\u0144 z Araceli L\u00f3pez Seren\u0105, dyrektor EUS, i Elen\u0105 Leal Abad, wicedyrektor EUS, poruszono kwestie otwartego dost\u0119pu publikacji \u2013 podzielono si\u0119 praktykami stosowanymi na Politechnice Bia\u0142ostockiej. Om\u00f3wiono te\u017c zasady tworzenia tre\u015bci dost\u0119pnych cyfrowo w obu uczelniach. Zapoznano si\u0119 z procesem recenzyjnym publikacji prowadzonym w EUS (<em>double-blind review<\/em>), redakcj\u0105, korekt\u0105 i sk\u0142adem. Pracownicy Wydawnictwa Uniwersytetu w Sewilli zaprezentowali te\u017c stron\u0119 internetow\u0105 radia uniwersyteckiego, na kt\u00f3rej cyklicznie pojawiaj\u0105 si\u0119 prowadzone przez nich <a title=\"\" href=\"https:\/\/radio.us.es\/programa\/de-libros\/\">audycje o ksi\u0105\u017ckach<\/a> . Informacja o mobilno\u015bci w ramach programu Erasmus+ zosta\u0142a te\u017c odnotowana <a title=\"\" href=\"https:\/\/www.facebook.com\/permalink.php?story_fbid=pfbid0yhC33DB1Wmsu8iUP5j7RqftYst83RzKFMgvJba5k9zbYr7pecRhZZaZcPkYLwrojl&amp;id=61565207764863&amp;rdid=CmGAHxaCg39IJD0X#\">w mediach spo\u0142eczno\u015bciowych EUS<\/a>.<\/p>\n<p>W czasie wyjazdu przedstawicielki PB bra\u0142y udzia\u0142 w spotkaniu z An\u0105 Sancho Miro, dyrektor Biblioteki Uniwersytetu w Sewilli, podczas kt\u00f3rego zaprezentowano niezwykle rzadkie i drogocenne publikacje przechowywane w zbiorach biblioteki, m.in. XV-wieczn\u0105 \u0142aci\u0144sk\u0105 wersj\u0119 Biblii (Wulgat\u0119), \u015bredniowieczne i nowo\u017cytne mapy, atlasy czy arabski pami\u0119tnik.<\/p>\n<p>Z kolei Natividad Castillo Santizo z Welcome Office International Center przybli\u017cy\u0142a specyfik\u0119 pracy ze studentami i pracownikami naukowymi oraz administracyjnymi, kt\u00f3rzy przyje\u017cd\u017caj\u0105 na Uniwersytet w Sewilli w ramach mobilno\u015bci Erasmus+.<\/p>\n<p>Wyjazd by\u0142 doskona\u0142\u0105 okazj\u0105 do zapoznania si\u0119 zar\u00f3wno z funkcjonowaniem Wydawnictwa Uniwersytetu w Sewilli, jak i bli\u017cszego poznania kultury i tradycji Sewilli i Andaluzji.<\/p>\n<p>&nbsp;<\/p>\nngg_shortcode_0_placeholder\n","protected":false},"excerpt":{"rendered":"<p>Mobilno\u015b\u0107 w ramach programu Erasmus+<\/p>\n","protected":false},"author":69,"featured_media":23451,"comment_status":"closed","ping_status":"open","sticky":false,"template":"","format":"standard","meta":{"_acf_changed":false,"ngg_post_thumbnail":0,"footnotes":""},"categories":[14,67],"tags":[],"class_list":["post-23438","post","type-post","status-publish","format-standard","has-post-thumbnail","hentry","category-aktualnosci-bwm","category-relacje-wyjazdy-pracownikow-od-lipiec-2024"],"acf":[],"_links":{"self":[{"href":"https:\/\/pb.edu.pl\/iros\/wp-json\/wp\/v2\/posts\/23438","targetHints":{"allow":["GET"]}}],"collection":[{"href":"https:\/\/pb.edu.pl\/iros\/wp-json\/wp\/v2\/posts"}],"about":[{"href":"https:\/\/pb.edu.pl\/iros\/wp-json\/wp\/v2\/types\/post"}],"author":[{"embeddable":true,"href":"https:\/\/pb.edu.pl\/iros\/wp-json\/wp\/v2\/users\/69"}],"replies":[{"embeddable":true,"href":"https:\/\/pb.edu.pl\/iros\/wp-json\/wp\/v2\/comments?post=23438"}],"version-history":[{"count":0,"href":"https:\/\/pb.edu.pl\/iros\/wp-json\/wp\/v2\/posts\/23438\/revisions"}],"wp:featuredmedia":[{"embeddable":true,"href":"https:\/\/pb.edu.pl\/iros\/wp-json\/wp\/v2\/media\/23451"}],"wp:attachment":[{"href":"https:\/\/pb.edu.pl\/iros\/wp-json\/wp\/v2\/media?parent=23438"}],"wp:term":[{"taxonomy":"category","embeddable":true,"href":"https:\/\/pb.edu.pl\/iros\/wp-json\/wp\/v2\/categories?post=23438"},{"taxonomy":"post_tag","embeddable":true,"href":"https:\/\/pb.edu.pl\/iros\/wp-json\/wp\/v2\/tags?post=23438"}],"curies":[{"name":"wp","href":"https:\/\/api.w.org\/{rel}","templated":true}]}}