{"id":22973,"date":"2025-02-20T12:04:53","date_gmt":"2025-02-20T11:04:53","guid":{"rendered":"https:\/\/pb.edu.pl\/iros\/?p=22973"},"modified":"2025-03-05T14:29:10","modified_gmt":"2025-03-05T13:29:10","slug":"wiosenna-edycja-wydzialowych-erasmus-days-juz-3-5-marca","status":"publish","type":"post","link":"https:\/\/pb.edu.pl\/iros\/2025\/02\/20\/wiosenna-edycja-wydzialowych-erasmus-days-juz-3-5-marca\/","title":{"rendered":"Wiosenna edycja wydzia\u0142owych Erasmus Days ju\u017c 3-5 marca!"},"content":{"rendered":"<div class=\"h3\">Marzysz o podr\u00f3\u017cach? Chcesz podszkoli\u0107 j\u0119zyk obcy i prze\u017cy\u0107 mi\u0119dzynarodow\u0105 przygod\u0119? Program Erasmus+ jest w\u0142a\u015bnie dla Ciebie! Odwied\u017a nasze stoisko podczas Erasmus Days na swoim wydziale w dniach 3-5 marca 2025 r. i dowiedz si\u0119 jak \u0142atwo wyjecha\u0107 na studia na zagraniczn\u0105 uczelni\u0119.<\/div>\n<div>&nbsp;<\/div>\n<p>Zapraszamy do udzia\u0142u w Erasmus Days na wydzia\u0142ach Politechniki Bia\u0142ostockiej.<\/p>\n<p>Podczas trzech dni zorganizowane zostan\u0105 spotkania informacyjne na ka\u017cdym z sze\u015bciu wydzia\u0142\u00f3w PB.<\/p>\n<p>&nbsp;<\/p>\n<p>W programie wydarze\u0144 m.in.:<\/p>\n<ul>\n<li>spotkania ze studentami, kt\u00f3rzy byli na wymianie zagranicznej \u2013 relacje z wyjazd\u00f3w i w\u0142asne do\u015bwiadczenia<\/li>\n<li>prezentacja mo\u017cliwo\u015bci wyjazd\u00f3w \u2013 opowiemy jak przebiega, i jak prosta jest rekrutacja do programu Erasmus+<\/li>\n<li>informacje o rekrutacji na studia zagraniczne w sem. zimowym 2025\/2026<\/li>\n<\/ul>\n<p>Szczeg\u00f3\u0142owy harmonogram wydzia\u0142owych Erasmus Days:<\/p>\n<p class=\"cvGsUA direction-ltr align-justify para-style-body\"><strong><span class=\"OYPEnA text-decoration-none text-strikethrough-none\">Poniedzia\u0142ek 03.03.2025<\/span><\/strong><\/p>\n<ul>\n<li><span class=\"OYPEnA text-decoration-none text-strikethrough-none\">Wydzia\u0142 Informatyki &#8211; stoisko w godzinach 9:00-11:30, prezentacja o godz. 9:00, aula B5<\/span><\/li>\n<li><span class=\"OYPEnA text-decoration-none text-strikethrough-none\">Wydzia\u0142 Architektury &#8211; stoisko w godzinach 12:00-14:30<\/span><\/li>\n<\/ul>\n<p class=\"cvGsUA direction-ltr align-start para-style-body\"><strong><span class=\"OYPEnA text-decoration-none text-strikethrough-none\">Wtorek 04.03.2025<\/span><\/strong><\/p>\n<ul>\n<li><span class=\"OYPEnA text-decoration-none text-strikethrough-none\">Wydzia\u0142 Budownictwa i Nauk o \u015arodowisku &#8211; stoisko w godzinach 9:00-11:30, prezentacja o godzinie 10.15, sala 3\/29C<\/span><\/li>\n<li><span class=\"OYPEnA text-decoration-none text-strikethrough-none\">Wydzia\u0142 In\u017cynierii Zarz\u0105dzania &#8211; stoisko w godzinach 12:00-14:30, prezentacja o godz. 13:15, sala 18 KB.<\/span><\/li>\n<\/ul>\n<p><strong>\u015aroda 05.03.2025<\/strong><\/p>\n<ul>\n<li><span class=\"OYPEnA text-decoration-none text-strikethrough-none\">Wydzia\u0142 Elektryczny &#8211; stoisko w godzinach 9:00-11:30, prezentacja o godz. 09:15, sala WE-030.<\/span><\/li>\n<li><span class=\"OYPEnA text-decoration-none text-strikethrough-none\">Wydzia\u0142 Mechaniczny &#8211; stoisko w godzinach 10:30-13:00, prezentacja o godz. 12:20, aula 449<\/span><\/li>\n<\/ul>\n<p>Serdecznie zapraszamy!<\/p>\n","protected":false},"excerpt":{"rendered":"<p>B\u0119dziemy na ka\u017cdym wydziale.<\/p>\n","protected":false},"author":69,"featured_media":22977,"comment_status":"closed","ping_status":"open","sticky":false,"template":"","format":"standard","meta":{"_acf_changed":false,"ngg_post_thumbnail":0,"footnotes":""},"categories":[14],"tags":[],"class_list":["post-22973","post","type-post","status-publish","format-standard","has-post-thumbnail","hentry","category-aktualnosci-bwm"],"acf":[],"_links":{"self":[{"href":"https:\/\/pb.edu.pl\/iros\/wp-json\/wp\/v2\/posts\/22973","targetHints":{"allow":["GET"]}}],"collection":[{"href":"https:\/\/pb.edu.pl\/iros\/wp-json\/wp\/v2\/posts"}],"about":[{"href":"https:\/\/pb.edu.pl\/iros\/wp-json\/wp\/v2\/types\/post"}],"author":[{"embeddable":true,"href":"https:\/\/pb.edu.pl\/iros\/wp-json\/wp\/v2\/users\/69"}],"replies":[{"embeddable":true,"href":"https:\/\/pb.edu.pl\/iros\/wp-json\/wp\/v2\/comments?post=22973"}],"version-history":[{"count":0,"href":"https:\/\/pb.edu.pl\/iros\/wp-json\/wp\/v2\/posts\/22973\/revisions"}],"wp:featuredmedia":[{"embeddable":true,"href":"https:\/\/pb.edu.pl\/iros\/wp-json\/wp\/v2\/media\/22977"}],"wp:attachment":[{"href":"https:\/\/pb.edu.pl\/iros\/wp-json\/wp\/v2\/media?parent=22973"}],"wp:term":[{"taxonomy":"category","embeddable":true,"href":"https:\/\/pb.edu.pl\/iros\/wp-json\/wp\/v2\/categories?post=22973"},{"taxonomy":"post_tag","embeddable":true,"href":"https:\/\/pb.edu.pl\/iros\/wp-json\/wp\/v2\/tags?post=22973"}],"curies":[{"name":"wp","href":"https:\/\/api.w.org\/{rel}","templated":true}]}}