{"id":17494,"date":"2024-02-29T09:00:31","date_gmt":"2024-02-29T08:00:31","guid":{"rendered":"https:\/\/pb.edu.pl\/iros\/?p=17494"},"modified":"2024-03-14T11:59:06","modified_gmt":"2024-03-14T10:59:06","slug":"wiosenna-edycja-wydzialowych-erasmus-days-juz-wkrotce","status":"publish","type":"post","link":"https:\/\/pb.edu.pl\/iros\/2024\/02\/29\/wiosenna-edycja-wydzialowych-erasmus-days-juz-wkrotce\/","title":{"rendered":"Wiosenna edycja wydzia\u0142owych Erasmus Days ju\u017c wkr\u00f3tce!"},"content":{"rendered":"<div class=\"h3\">Je\u015bli marzysz o podr\u00f3\u017cach, chcesz podszkoli\u0107 j\u0119zyk obcy i prze\u017cy\u0107 mi\u0119dzynarodow\u0105 przygod\u0119, program Erasmus+ jest w\u0142a\u015bnie dla Ciebie!&nbsp;Odwied\u017a nasze stoisko podczas Erasmus Days na swoim wydziale w dniach 11-12 marca 2024 r. i dowiedz si\u0119 jak \u0142atwo jest wyjecha\u0107 na studia na zagraniczn\u0105 uczelni\u0119.<\/div>\n<p>Zapraszamy do udzia\u0142u w Erasmus Days na wydzia\u0142ach Politechniki Bia\u0142ostockiej.<\/p>\n<p>Podczas dw\u00f3ch dni zorganizowane zostan\u0105 spotkania informacyjne na ka\u017cdym z sze\u015bciu wydzia\u0142\u00f3w PB.<\/p>\n<p>&nbsp;<\/p>\n<p>W programie wydarze\u0144 m.in.:<\/p>\n<ul>\n<li>spotkania ze studentami, kt\u00f3rzy byli na wymianie zagranicznej \u2013 relacje z wyjazd\u00f3w i w\u0142asne do\u015bwiadczenia<\/li>\n<li>prezentacja mo\u017cliwo\u015bci wyjazd\u00f3w \u2013 opowiemy jak przebiega, i jak prosta jest rekrutacja do programu Erasmus+<\/li>\n<li>informacje o rekrutacji na studia zagraniczne w sem. zimowym 2024\/2025<\/li>\n<li>s\u0142odkie przek\u0105ski<\/li>\n<\/ul>\n<p>Szczeg\u00f3\u0142owy harmonogram wydzia\u0142owych Erasmus Days:<\/p>\n<p class=\"cvGsUA direction-ltr align-justify para-style-body\"><span class=\"OYPEnA text-decoration-none text-strikethrough-none\">Poniedzia\u0142ek 11.03.2024<\/span><\/p>\n<ul>\n<li><span class=\"OYPEnA text-decoration-none text-strikethrough-none\">Wydzia\u0142 Informatyki &#8211; stoisko w godzinach 8:30-10:45, prezentacja o godz. 10:15, Aula 2B<\/span><\/li>\n<li><span class=\"OYPEnA text-decoration-none text-strikethrough-none\">Wydzia\u0142 Elektryczny &#8211; stoisko w godzinach 8:45-11:15, prezentacja o godz. 10:15, sala 030<\/span><\/li>\n<li><span class=\"OYPEnA text-decoration-none text-strikethrough-none\">Wydzia\u0142 Mechaniczny &#8211; stoisko w godzinach 11:00-14:15, prezentacja o godz. 12:15, aula 449<\/span><\/li>\n<li><span class=\"OYPEnA text-decoration-none text-strikethrough-none\">Wydzia\u0142 Budownictwa i Nauk o \u015arodowisku &#8211; stoisko w godzinach 11:30-14:15, prezentacje:12:00, Aula A i 12:15, sala 104A<\/span><\/li>\n<\/ul>\n<p class=\"cvGsUA direction-ltr align-start para-style-body\"><span class=\"OYPEnA text-decoration-none text-strikethrough-none\">Wtorek 12.03.2024<\/span><\/p>\n<ul>\n<li><span class=\"OYPEnA text-decoration-none text-strikethrough-none\">Wydzia\u0142 In\u017cynierii Zarz\u0105dzania &#8211; stoisko w godzinach 9:30-13:00, prezentacja o godz. 12:15, sala 24KB<\/span><\/li>\n<li><span class=\"OYPEnA text-decoration-none text-strikethrough-none\">Wydzia\u0142 Architektury &#8211; stoisko w godzinach 12:00-14:30, prezentacja o godz. 13:00, Hala WA<\/span><\/li>\n<\/ul>\n<p>Serdecznie zapraszamy!<\/p>\n","protected":false},"excerpt":{"rendered":"<p>11-12 marca 2024!<\/p>\n","protected":false},"author":69,"featured_media":17532,"comment_status":"closed","ping_status":"open","sticky":false,"template":"","format":"standard","meta":{"_acf_changed":false,"ngg_post_thumbnail":0,"footnotes":""},"categories":[14],"tags":[],"class_list":["post-17494","post","type-post","status-publish","format-standard","has-post-thumbnail","hentry","category-aktualnosci-bwm"],"acf":[],"_links":{"self":[{"href":"https:\/\/pb.edu.pl\/iros\/wp-json\/wp\/v2\/posts\/17494","targetHints":{"allow":["GET"]}}],"collection":[{"href":"https:\/\/pb.edu.pl\/iros\/wp-json\/wp\/v2\/posts"}],"about":[{"href":"https:\/\/pb.edu.pl\/iros\/wp-json\/wp\/v2\/types\/post"}],"author":[{"embeddable":true,"href":"https:\/\/pb.edu.pl\/iros\/wp-json\/wp\/v2\/users\/69"}],"replies":[{"embeddable":true,"href":"https:\/\/pb.edu.pl\/iros\/wp-json\/wp\/v2\/comments?post=17494"}],"version-history":[{"count":0,"href":"https:\/\/pb.edu.pl\/iros\/wp-json\/wp\/v2\/posts\/17494\/revisions"}],"wp:featuredmedia":[{"embeddable":true,"href":"https:\/\/pb.edu.pl\/iros\/wp-json\/wp\/v2\/media\/17532"}],"wp:attachment":[{"href":"https:\/\/pb.edu.pl\/iros\/wp-json\/wp\/v2\/media?parent=17494"}],"wp:term":[{"taxonomy":"category","embeddable":true,"href":"https:\/\/pb.edu.pl\/iros\/wp-json\/wp\/v2\/categories?post=17494"},{"taxonomy":"post_tag","embeddable":true,"href":"https:\/\/pb.edu.pl\/iros\/wp-json\/wp\/v2\/tags?post=17494"}],"curies":[{"name":"wp","href":"https:\/\/api.w.org\/{rel}","templated":true}]}}