{"id":13869,"date":"2023-11-16T23:59:33","date_gmt":"2023-11-16T22:59:33","guid":{"rendered":"https:\/\/pb.edu.pl\/bwm\/?p=13869"},"modified":"2023-11-17T00:10:38","modified_gmt":"2023-11-16T23:10:38","slug":"miedzynarodowy-dzien-studenta","status":"publish","type":"post","link":"https:\/\/pb.edu.pl\/iros\/2023\/11\/16\/miedzynarodowy-dzien-studenta\/","title":{"rendered":"Mi\u0119dzynarodowy Dzie\u0144 Studenta"},"content":{"rendered":"<p>Mi\u0119dzynarodowy Dzie\u0144 Studenta, obchodzony 17 listopada to \u015bwi\u0119to ustanowione na pami\u0105tk\u0119 tragicznych wydarze\u0144 1939 roku &#8211; nazistowskiej pacyfikacji demonstracji czechos\u0142owackich student\u00f3w Uniwersytetu w Pradze, kt\u00f3rzy wyszli na ulice by otwarcie sprzeciwi\u0107 si\u0119 agresji III Rzeszy Niemieckiej. To jedno z wydarze\u0144 o najd\u0142u\u017cszej tradycji, kt\u00f3re po raz pierwszy obchodzono w 1941 r. z inicjatywy Mi\u0119dzynarodowej Rady Student\u00f3w. Celem tego listopadowego \u015bwi\u0119ta jest podkre\u015blenie i przypomnienie o studenckich prawach i ich realnym wp\u0142ywie na spos\u00f3b i jako\u015b\u0107 kszta\u0142cenia.<\/p>\n<p>Obchody Mi\u0119dzynarodowego Dnia Studenta na szerok\u0105 skal\u0119, r\u00f3wnie\u017c przez instytucje UE, rozpocz\u0119to od 2004 roku. Od tej pory w wielu krajach \u015bwiata lokalne organizacje studenckie organizuj\u0105 w tym dniu konferencje, imprezy i manifestacje.<\/p>\n<p>Wi\u0119cej na stronie <a title=\"\" href=\"https:\/\/www.obessu.org\/\">www.obessu.org<\/a><\/p>\n","protected":false},"excerpt":{"rendered":"<p>\u017byczymy wszystkim studentom wytrwa\u0142o\u015bci i samych sukces\u00f3w!<\/p>\n","protected":false},"author":69,"featured_media":13870,"comment_status":"closed","ping_status":"open","sticky":false,"template":"","format":"standard","meta":{"_acf_changed":false,"ngg_post_thumbnail":0,"footnotes":""},"categories":[14],"tags":[],"class_list":["post-13869","post","type-post","status-publish","format-standard","has-post-thumbnail","hentry","category-aktualnosci-bwm"],"acf":[],"_links":{"self":[{"href":"https:\/\/pb.edu.pl\/iros\/wp-json\/wp\/v2\/posts\/13869","targetHints":{"allow":["GET"]}}],"collection":[{"href":"https:\/\/pb.edu.pl\/iros\/wp-json\/wp\/v2\/posts"}],"about":[{"href":"https:\/\/pb.edu.pl\/iros\/wp-json\/wp\/v2\/types\/post"}],"author":[{"embeddable":true,"href":"https:\/\/pb.edu.pl\/iros\/wp-json\/wp\/v2\/users\/69"}],"replies":[{"embeddable":true,"href":"https:\/\/pb.edu.pl\/iros\/wp-json\/wp\/v2\/comments?post=13869"}],"version-history":[{"count":0,"href":"https:\/\/pb.edu.pl\/iros\/wp-json\/wp\/v2\/posts\/13869\/revisions"}],"wp:featuredmedia":[{"embeddable":true,"href":"https:\/\/pb.edu.pl\/iros\/wp-json\/wp\/v2\/media\/13870"}],"wp:attachment":[{"href":"https:\/\/pb.edu.pl\/iros\/wp-json\/wp\/v2\/media?parent=13869"}],"wp:term":[{"taxonomy":"category","embeddable":true,"href":"https:\/\/pb.edu.pl\/iros\/wp-json\/wp\/v2\/categories?post=13869"},{"taxonomy":"post_tag","embeddable":true,"href":"https:\/\/pb.edu.pl\/iros\/wp-json\/wp\/v2\/tags?post=13869"}],"curies":[{"name":"wp","href":"https:\/\/api.w.org\/{rel}","templated":true}]}}