{"id":13056,"date":"2023-09-11T07:34:16","date_gmt":"2023-09-11T05:34:16","guid":{"rendered":"https:\/\/pb.edu.pl\/bwm\/?p=13056"},"modified":"2023-10-03T07:45:16","modified_gmt":"2023-10-03T05:45:16","slug":"wizyta-przedstawicieli-wiz-w-molde-university-college-specialized-university-in-logistics","status":"publish","type":"post","link":"https:\/\/pb.edu.pl\/iros\/2023\/09\/11\/wizyta-przedstawicieli-wiz-w-molde-university-college-specialized-university-in-logistics\/","title":{"rendered":"Wizyta przedstawicieli WIZ w Molde University College \u2013 Specialized University in Logistics"},"content":{"rendered":"<p>W dniach 04-08.09.2023 prof. dr hab. in\u017c. Joanicjusz Nazarko i dr \u0141ukasz Nazarko z Wydzia\u0142u In\u017cynierii Zarz\u0105dzania przebywali w Molde University College \u2013 Specialized University in Logistics.<\/p>\n<p>Opiekunem pobytu by\u0142 prof. Yury Redutskiy z Wydzia\u0142u Logistyki.<br \/>\nNa Wydziale Logistyki przeprowadzono spotkania robocze z prof. Arildem Hoffem, koordynatorem studi\u00f3w magisterskich na kierunku logistyka, prof. Johanem Holmgren, dziekanem Wydzia\u0142u Logistyki, prof. Judith Ann Molka-Danielsen z Wydzia\u0142u Logistyki oraz drem Sergeiem Teryokhinem, wyk\u0142adowc\u0105 zarz\u0105dzania \u0142a\u0144cuchami dostaw. Dyskusji poddano praktyki w zakresie planowania i prowadzenia zaj\u0119\u0107 dydaktycznych w obszarze logistyki i zarz\u0105dzania, procedury nadawania stopnia naukowego doktora oraz wymieniono do\u015bwiadczenia ze wsp\u00f3\u0142pracy uczelni z otoczeniem spo\u0142eczno-gospodarczym. Omawiano te\u017c problematyk\u0119 organizacji procesu kszta\u0142cenia oraz systemu oceny i motywacji pracownik\u00f3w naukowo-dydaktycznych. Ponadto, przeprowadzono konsultacje z pani\u0105 Anette Kristin Myrstad, koordynatork\u0105 wsp\u00f3\u0142pracy mi\u0119dzynarodowej MUC w sprawie post\u0119p\u00f3w w przygotowaniu umowy o podw\u00f3jnym na kierunku logistyka.<br \/>\nOdby\u0142y si\u0119 te\u017c dwa otwarte spotkania dla student\u00f3w i pracownik\u00f3w MUC, na kt\u00f3rym prof. J. Nazarko i dr \u0141. Nazarko przedstawili zebranym ofert\u0119 Politechniki Bia\u0142ostockiej dla student\u00f3w zagranicznych oraz kierunki bada\u0144 w obszarze logistyki prowadzonych na Wydziale In\u017cynierii Zarz\u0105dzania PB.<\/p>\nngg_shortcode_0_placeholder\n","protected":false},"excerpt":{"rendered":"<p>Wyjazd odby\u0142 si\u0119 w ramach programu EDUKACJA finansowanego z Funduszy Europejskiego Obszaru Gospodarczego.<\/p>\n","protected":false},"author":50,"featured_media":13064,"comment_status":"closed","ping_status":"open","sticky":false,"template":"","format":"standard","meta":{"_acf_changed":false,"ngg_post_thumbnail":0,"footnotes":""},"categories":[14,12],"tags":[],"class_list":["post-13056","post","type-post","status-publish","format-standard","has-post-thumbnail","hentry","category-aktualnosci-bwm","category-edukacja"],"acf":[],"_links":{"self":[{"href":"https:\/\/pb.edu.pl\/iros\/wp-json\/wp\/v2\/posts\/13056","targetHints":{"allow":["GET"]}}],"collection":[{"href":"https:\/\/pb.edu.pl\/iros\/wp-json\/wp\/v2\/posts"}],"about":[{"href":"https:\/\/pb.edu.pl\/iros\/wp-json\/wp\/v2\/types\/post"}],"author":[{"embeddable":true,"href":"https:\/\/pb.edu.pl\/iros\/wp-json\/wp\/v2\/users\/50"}],"replies":[{"embeddable":true,"href":"https:\/\/pb.edu.pl\/iros\/wp-json\/wp\/v2\/comments?post=13056"}],"version-history":[{"count":0,"href":"https:\/\/pb.edu.pl\/iros\/wp-json\/wp\/v2\/posts\/13056\/revisions"}],"wp:featuredmedia":[{"embeddable":true,"href":"https:\/\/pb.edu.pl\/iros\/wp-json\/wp\/v2\/media\/13064"}],"wp:attachment":[{"href":"https:\/\/pb.edu.pl\/iros\/wp-json\/wp\/v2\/media?parent=13056"}],"wp:term":[{"taxonomy":"category","embeddable":true,"href":"https:\/\/pb.edu.pl\/iros\/wp-json\/wp\/v2\/categories?post=13056"},{"taxonomy":"post_tag","embeddable":true,"href":"https:\/\/pb.edu.pl\/iros\/wp-json\/wp\/v2\/tags?post=13056"}],"curies":[{"name":"wp","href":"https:\/\/api.w.org\/{rel}","templated":true}]}}