{"id":12981,"date":"2023-09-26T09:13:25","date_gmt":"2023-09-26T07:13:25","guid":{"rendered":"https:\/\/pb.edu.pl\/bwm\/?p=12981"},"modified":"2023-09-28T09:15:31","modified_gmt":"2023-09-28T07:15:31","slug":"ostatnia-mobilnosc-w-ramach-programu-edukacja-eog-21-k2-w-0004","status":"publish","type":"post","link":"https:\/\/pb.edu.pl\/iros\/2023\/09\/26\/ostatnia-mobilnosc-w-ramach-programu-edukacja-eog-21-k2-w-0004\/","title":{"rendered":"Ostatnia mobilno\u015b\u0107 w ramach Programu Edukacja EOG\/21\/K2\/W\/0004"},"content":{"rendered":"<p>W dniach 18-22.09.2023 r. Marta Orpik i Agnieszka Gniazdowska z Biura ds. Wsp\u00f3\u0142pracy Mi\u0119dzynarodowej zrealizowa\u0142y ostatni\u0105 z 9 zaplanowanych mobilno\u015bci do Molde University College (MUC) w Norwegii. Tym samym, w pe\u0142ni zrealizowano zak\u0142adane dzia\u0142ania w ramach projektu EOG\/21\/K2\/W\/0004 Programu Edukacja.<\/p>\n<p>Podczas pobytu na uczelni, pracowniczki BWM uczestniczy\u0142y w spotkaniach z Anette Kristin Myrstad z Departamentu Studi\u00f3w i Spraw Studenckich, pe\u0142ni\u0105c\u0105 funkcj\u0119 <span class=\"vrtx-value\">International Coordinator (dzia\u0142ania w zakresie wsp\u00f3\u0142pracy mi\u0119dzynarodowej), <\/span>Arildem Hoffem, koordynatorem program\u00f3w studi\u00f3w II stopnia na kierunku logistyka oraz z Jensem Petterem Straumsheimem z <span class=\"vrtx-unit\">Dzia\u0142u Zarz\u0105dzania. Koordynatorem pobytu M. Orpik i A. Gniazdowskiej na MUC by\u0142 prof. Yury Redutskiy z Wydzia\u0142u Logistyki. Spotkania rozpocz\u0119\u0142y si\u0119 od prezentacji M. Orpik podsumowuj\u0105cej ko\u0144cz\u0105cy si\u0119 sukcesem projekt Programu Edukacja. Nast\u0119pnie om\u00f3wiono dalsze mo\u017cliwo\u015bci wsp\u00f3\u0142pracy, kwesti\u0119 umowy IIA w ramach Erasmus+ i finalizacji jej podpisania. Z zainteresowaniem spotka\u0142a si\u0119 propozycja wsp\u00f3lnej organizacji Blended Intensive Programme na naszej uczelni. Z koordynatorem Arildem Hoffem pracowniczki pochyli\u0142y si\u0119 nad tematem umowy dot. podw\u00f3jnego dyplomowania na kierunku logistyka. Z perspektywy formalno\u015bci administracyjnych, wsp\u00f3\u0142praca jest na dobrej drodze; pracownicy dydaktyczni MUC oraz PB zajm\u0105 si\u0119 w najbli\u017cszym czasie por\u00f3wnaniem plan\u00f3w studi\u00f3w na kierunku logistyka pod k\u0105tem uznawalno\u015bci efekt\u00f3w kszta\u0142cenia przedmiot\u00f3w realizowanych na obu uczelniach.<br \/>\n<\/span><\/p>\n<p>Poza spotkaniami, uczestniczki zapozna\u0142y si\u0119 z nowoczesn\u0105 infrastruktur\u0105 uczelni. Co ciekawe, zaj\u0119cia na MUC jeszcze przed pandemi\u0105 by\u0142y prowadzone w formie hybrydowej. Sale wyk\u0142adowe s\u0105 wyposa\u017cone w sprz\u0119t multimedialny pozwalaj\u0105cy na r\u00f3wnoczesne prowadzenie zaj\u0119\u0107 stacjonarnych i online. Uczelnia jest bogata w udogodnienia zar\u00f3wno dla student\u00f3w, jak i pracownik\u00f3w: na kampusie znajduj\u0105 si\u0119 sto\u0142\u00f3wka, pokoje ciszy, strefa snack bar, pokoje nauki, biblioteka i ksi\u0119garnia, du\u017cy parking rowerowy oraz punkt Student Service.<\/p>\n<p>Marta Orpik i Agnieszka Gniazdowska spotka\u0142y si\u0119 z bardzo mi\u0142ym przyj\u0119ciem i otwarto\u015bci\u0105 na rozw\u00f3j wsp\u00f3\u0142pracy ze strony pracownik\u00f3w partnerskiej uczelni oraz mia\u0142y mo\u017cliwo\u015b\u0107 poznania kultury i tradycji kulinarnych Norwegii, co w pe\u0142ni wpisuje si\u0119 w za\u0142o\u017cenia realizacji mobilno\u015bci w ramach Programu Edukacja.<\/p>\nngg_shortcode_0_placeholder\n","protected":false},"excerpt":{"rendered":"<p>W dniach 18-22.09.2023 r. Marta Orpik i Agnieszka Gniazdowska z Biura ds. Wsp\u00f3\u0142pracy Mi\u0119dzynarodowej zrealizowa\u0142y<\/p>\n","protected":false},"author":50,"featured_media":13026,"comment_status":"closed","ping_status":"open","sticky":false,"template":"","format":"standard","meta":{"_acf_changed":false,"ngg_post_thumbnail":0,"footnotes":""},"categories":[14,12],"tags":[],"class_list":["post-12981","post","type-post","status-publish","format-standard","has-post-thumbnail","hentry","category-aktualnosci-bwm","category-edukacja"],"acf":[],"_links":{"self":[{"href":"https:\/\/pb.edu.pl\/iros\/wp-json\/wp\/v2\/posts\/12981","targetHints":{"allow":["GET"]}}],"collection":[{"href":"https:\/\/pb.edu.pl\/iros\/wp-json\/wp\/v2\/posts"}],"about":[{"href":"https:\/\/pb.edu.pl\/iros\/wp-json\/wp\/v2\/types\/post"}],"author":[{"embeddable":true,"href":"https:\/\/pb.edu.pl\/iros\/wp-json\/wp\/v2\/users\/50"}],"replies":[{"embeddable":true,"href":"https:\/\/pb.edu.pl\/iros\/wp-json\/wp\/v2\/comments?post=12981"}],"version-history":[{"count":0,"href":"https:\/\/pb.edu.pl\/iros\/wp-json\/wp\/v2\/posts\/12981\/revisions"}],"wp:featuredmedia":[{"embeddable":true,"href":"https:\/\/pb.edu.pl\/iros\/wp-json\/wp\/v2\/media\/13026"}],"wp:attachment":[{"href":"https:\/\/pb.edu.pl\/iros\/wp-json\/wp\/v2\/media?parent=12981"}],"wp:term":[{"taxonomy":"category","embeddable":true,"href":"https:\/\/pb.edu.pl\/iros\/wp-json\/wp\/v2\/categories?post=12981"},{"taxonomy":"post_tag","embeddable":true,"href":"https:\/\/pb.edu.pl\/iros\/wp-json\/wp\/v2\/tags?post=12981"}],"curies":[{"name":"wp","href":"https:\/\/api.w.org\/{rel}","templated":true}]}}