{"id":12821,"date":"2023-08-29T08:14:26","date_gmt":"2023-08-29T06:14:26","guid":{"rendered":"https:\/\/pb.edu.pl\/bwm\/?p=12821"},"modified":"2023-08-29T08:15:57","modified_gmt":"2023-08-29T06:15:57","slug":"program-edukacja-pierwsza-mobilnosc-przedstawicieli-pb-do-molde-university-college","status":"publish","type":"post","link":"https:\/\/pb.edu.pl\/iros\/2023\/08\/29\/program-edukacja-pierwsza-mobilnosc-przedstawicieli-pb-do-molde-university-college\/","title":{"rendered":"Program Edukacja: pierwsza mobilno\u015b\u0107 przedstawicieli PB do Molde University College"},"content":{"rendered":"<p><span style=\"font-size: 12pt\">W dniach 21-25.08.2023 Prorektor ds. Wsp\u00f3\u0142pracy Mi\u0119dzynarodowej dr hab. in\u017c. Dorota Anna Krawczyk, prof. PB, dr in\u017c. Dorota Gawryluk oraz dr in\u017c. Beata Biernacka z Katedry Budownictwa Zr\u00f3wnowa\u017conego i Instalacji Budowlanych Wydzia\u0142u Budownictwa i Nauk o \u015arodowisku odwiedzi\u0142y Molde University College w Norwegii. Wyjazd zapocz\u0105tkowa\u0142 realizacj\u0119 mobilno\u015bci pracownik\u00f3w PB do norweskiej uczelni partnerskiej w ramach realizowanego projektu Programu Edukacja EOG\/21\/K2\/W\/0004 Komponent II: Mobilno\u015b\u0107 w szkolnictwie wy\u017cszym. &nbsp;<\/span><\/p>\n<p><span style=\"font-size: 12pt\">Wizyta w Molde University College s\u0142u\u017cy\u0142a om\u00f3wieniu szczeg\u00f3\u0142\u00f3w wsp\u00f3\u0142pracy dydaktycznej i naukowej mi\u0119dzy instytucjami. Spotkanie z Dziekanem Wydzia\u0142u Logistyki Johanem Holmgrenanem oraz profesorem Arildem Hoffa by\u0142y okazj\u0105 do zaprezentowania Politechniki Bia\u0142ostockiej oraz Katedry Budownictwa Zr\u00f3wnowa\u017conego i Instalacji Budowlanych. Odwiedzaj\u0105cy om\u00f3wili te\u017c prowadzone przez siebie mi\u0119dzynarodowe projekty dydaktyczne oraz mi\u0119dzynarodowe Szko\u0142y Letnie. W ramach wizyty nasi pracownicy spotkali si\u0119 r\u00f3wnie\u017c z uczelnianym Koordynatorem Mi\u0119dzynarodowym Anette Kristin Myrstad i om\u00f3wili mo\u017cliwo\u015bci mobilno\u015bci student\u00f3w pomi\u0119dzy instytucjami. Podczas wizyty w Molde University College dr hab. in\u017c. Dorota Anna Krawczyk oraz dr in\u017c. Dorota <\/span><span style=\"font-size: 12pt\">Gawryluk wyg\u0142osi\u0142y wyk\u0142ady dla student\u00f3w kierunku Logistyki Zr\u00f3wnowa\u017conej Energii oraz Logistyki Zr\u00f3wnowa\u017conego Transportu i Mobilno\u015bci Miejskiej.<\/span><\/p>\nngg_shortcode_0_placeholder<img loading=\"lazy\" decoding=\"async\" class=\"alignnone  wp-image-3966\" src=\"https:\/\/pb.edu.pl\/iros\/wp-content\/uploads\/sites\/24\/2021\/01\/logo_edukacja_frse-300x48.png\" alt=\"\" width=\"1131\" height=\"181\" srcset=\"https:\/\/pb.edu.pl\/iros\/wp-content\/uploads\/sites\/24\/2021\/01\/logo_edukacja_frse-300x48.png 300w, https:\/\/pb.edu.pl\/iros\/wp-content\/uploads\/sites\/24\/2021\/01\/logo_edukacja_frse-1024x164.png 1024w, https:\/\/pb.edu.pl\/iros\/wp-content\/uploads\/sites\/24\/2021\/01\/logo_edukacja_frse-768x123.png 768w, https:\/\/pb.edu.pl\/iros\/wp-content\/uploads\/sites\/24\/2021\/01\/logo_edukacja_frse.png 1073w\" sizes=\"auto, (max-width: 1131px) 100vw, 1131px\" \/><\/p>\n","protected":false},"excerpt":{"rendered":"<p>Rozpocz\u0119li\u015bmy realizacj\u0119 mobilno\u015bci do Molde University College w ramach Programu Edukacja.<\/p>\n","protected":false},"author":50,"featured_media":12829,"comment_status":"closed","ping_status":"open","sticky":false,"template":"","format":"standard","meta":{"_acf_changed":false,"ngg_post_thumbnail":0,"footnotes":""},"categories":[14,12],"tags":[],"class_list":["post-12821","post","type-post","status-publish","format-standard","has-post-thumbnail","hentry","category-aktualnosci-bwm","category-edukacja"],"acf":[],"_links":{"self":[{"href":"https:\/\/pb.edu.pl\/iros\/wp-json\/wp\/v2\/posts\/12821","targetHints":{"allow":["GET"]}}],"collection":[{"href":"https:\/\/pb.edu.pl\/iros\/wp-json\/wp\/v2\/posts"}],"about":[{"href":"https:\/\/pb.edu.pl\/iros\/wp-json\/wp\/v2\/types\/post"}],"author":[{"embeddable":true,"href":"https:\/\/pb.edu.pl\/iros\/wp-json\/wp\/v2\/users\/50"}],"replies":[{"embeddable":true,"href":"https:\/\/pb.edu.pl\/iros\/wp-json\/wp\/v2\/comments?post=12821"}],"version-history":[{"count":0,"href":"https:\/\/pb.edu.pl\/iros\/wp-json\/wp\/v2\/posts\/12821\/revisions"}],"wp:featuredmedia":[{"embeddable":true,"href":"https:\/\/pb.edu.pl\/iros\/wp-json\/wp\/v2\/media\/12829"}],"wp:attachment":[{"href":"https:\/\/pb.edu.pl\/iros\/wp-json\/wp\/v2\/media?parent=12821"}],"wp:term":[{"taxonomy":"category","embeddable":true,"href":"https:\/\/pb.edu.pl\/iros\/wp-json\/wp\/v2\/categories?post=12821"},{"taxonomy":"post_tag","embeddable":true,"href":"https:\/\/pb.edu.pl\/iros\/wp-json\/wp\/v2\/tags?post=12821"}],"curies":[{"name":"wp","href":"https:\/\/api.w.org\/{rel}","templated":true}]}}