{"id":12500,"date":"2023-07-06T12:55:00","date_gmt":"2023-07-06T10:55:00","guid":{"rendered":"https:\/\/pb.edu.pl\/bwm\/?p=12500"},"modified":"2023-07-06T12:55:06","modified_gmt":"2023-07-06T10:55:06","slug":"wizyta-studyjna-w-ramach-prom-na-politechnice-drezdenskiej-w-niemczech","status":"publish","type":"post","link":"https:\/\/pb.edu.pl\/iros\/2023\/07\/06\/wizyta-studyjna-w-ramach-prom-na-politechnice-drezdenskiej-w-niemczech\/","title":{"rendered":"Wizyta studyjna w ramach PROM na Politechnice Drezde\u0144skiej w Niemczech"},"content":{"rendered":"<p>W dniach 26-29.06.2023 dr hab. in\u017c. Dariusz M. Perkowski z Katedry Mechaniki i Informatyki Stosowanej z Wydzia\u0142u Mechanicznego w ramach programu NAWA PROM go\u015bci\u0142 na Wydziale In\u017cynierii Mechanicznej, Instytutu In\u017cynierii Lekkiej i Technologii Polimer\u00f3w.<\/p>\n<p>Podczas swojego pobytu na uczelni Prof. Perkowski przebywa\u0142 na wizycie studyjnej po\u015bwi\u0119conej tematyce badania nowoczesnych materia\u0142\u00f3w kompozytowych oraz technologii ich wytwarzania. Podczas wizyty przeprowadzono badania dotycz\u0105ce obrazowania kompozyt\u00f3w przy u\u017cyciu tomografii komputerowej oraz zapoznano si\u0119 z metodami druku kompozyt\u00f3w wzmocnionych w\u0142\u00f3knami szklanymi.<\/p>\n<p>W trakcie wizyty przeprowadzono r\u00f3wnie\u017c rozmowy z w\u0142adzami Instytutu w sprawie dzia\u0142a\u0144 dotycz\u0105cych wsp\u00f3\u0142pracy naukowo-dydaktycznej, wzajemnej wymiany student\u00f3w i doktorant\u00f3w, prowadzenia prac badawczych i wsp\u00f3lnego aplikowania o ich finansowanie. Om\u00f3wiono r\u00f3wnie\u017c szczeg\u00f3\u0142y wsp\u00f3lnych doktorat\u00f3w.<\/p>\n<p>Ponadto rozwijano wsp\u00f3\u0142prac\u0119 naukowo-badawcz\u0105 z pracownikami Instytut In\u017cynierii Lekkiej i Technologii Polimer\u00f3w, kt\u00f3rej Dyrektorem jest Prof. Dr. Maik Gude. Wsp\u00f3\u0142praca obejmuje staranie si\u0119 o wsp\u00f3lne projekty badawcze, publikacje oraz organizacje konferencji w zakresie nowoczesnych materia\u0142\u00f3w kompozytowych.<\/p>\nngg_shortcode_0_placeholder\n","protected":false},"excerpt":{"rendered":"<p>W dniach 26-29.06.2023 dr hab. in\u017c. Dariusz M. Perkowski z Katedry Mechaniki i Informatyki Stosowanej<\/p>\n","protected":false},"author":50,"featured_media":12508,"comment_status":"closed","ping_status":"open","sticky":false,"template":"","format":"standard","meta":{"_acf_changed":false,"ngg_post_thumbnail":0,"footnotes":""},"categories":[14,10],"tags":[],"class_list":["post-12500","post","type-post","status-publish","format-standard","has-post-thumbnail","hentry","category-aktualnosci-bwm","category-prom-2019"],"acf":[],"_links":{"self":[{"href":"https:\/\/pb.edu.pl\/iros\/wp-json\/wp\/v2\/posts\/12500","targetHints":{"allow":["GET"]}}],"collection":[{"href":"https:\/\/pb.edu.pl\/iros\/wp-json\/wp\/v2\/posts"}],"about":[{"href":"https:\/\/pb.edu.pl\/iros\/wp-json\/wp\/v2\/types\/post"}],"author":[{"embeddable":true,"href":"https:\/\/pb.edu.pl\/iros\/wp-json\/wp\/v2\/users\/50"}],"replies":[{"embeddable":true,"href":"https:\/\/pb.edu.pl\/iros\/wp-json\/wp\/v2\/comments?post=12500"}],"version-history":[{"count":0,"href":"https:\/\/pb.edu.pl\/iros\/wp-json\/wp\/v2\/posts\/12500\/revisions"}],"wp:featuredmedia":[{"embeddable":true,"href":"https:\/\/pb.edu.pl\/iros\/wp-json\/wp\/v2\/media\/12508"}],"wp:attachment":[{"href":"https:\/\/pb.edu.pl\/iros\/wp-json\/wp\/v2\/media?parent=12500"}],"wp:term":[{"taxonomy":"category","embeddable":true,"href":"https:\/\/pb.edu.pl\/iros\/wp-json\/wp\/v2\/categories?post=12500"},{"taxonomy":"post_tag","embeddable":true,"href":"https:\/\/pb.edu.pl\/iros\/wp-json\/wp\/v2\/tags?post=12500"}],"curies":[{"name":"wp","href":"https:\/\/api.w.org\/{rel}","templated":true}]}}