{"id":12424,"date":"2023-06-15T11:42:48","date_gmt":"2023-06-15T09:42:48","guid":{"rendered":"https:\/\/pb.edu.pl\/bwm\/?p=12424"},"modified":"2023-07-05T08:45:10","modified_gmt":"2023-07-05T06:45:10","slug":"wizyta-pracownika-wydzialu-budownictwa-i-nauk-o-srodowisku-w-belgradzie-w-ramach-prom","status":"publish","type":"post","link":"https:\/\/pb.edu.pl\/iros\/2023\/06\/15\/wizyta-pracownika-wydzialu-budownictwa-i-nauk-o-srodowisku-w-belgradzie-w-ramach-prom\/","title":{"rendered":"Wizyta pracownika Wydzia\u0142u Budownictwa i Nauk o \u015arodowisku w Belgradzie w ramach PROM"},"content":{"rendered":"<p>W dn. 5-10 czerwca 2023 r. dr in\u017c. Aleh Marozau, prof. PB go\u015bci\u0142 na Wydziale Biologicznym Uniwersytetu w Belgradzie w ramach projektu PROM.<br \/>\nG\u0142\u00f3wnym celem wyjazdu by\u0142o zapoznanie si\u0119 z procesami biologicznymi zachodz\u0105cymi w drzewostanach jod\u0142owych zlokalizowanych w Serbii. Obejmowa\u0142o to obserwacj\u0119 proces\u00f3w wzrostu drzew macierzystych oraz odnowie\u0144 naturalnych odbywaj\u0105cych si\u0119 w zale\u017cno\u015bci od wcze\u015bniej przeprowadzonych zabieg\u00f3w hodowlanych. Program wyjazdu obejmowa\u0142 r\u00f3wnie\u017c zapoznanie z obiektami biologicznymi bezpo\u015brednio na terenie Wydzia\u0142u Le\u015bnego (arboretum) oraz Biologicznego (ogr\u00f3d botaniczny) Uniwersytetu w Belgradzie.Ponadto, jednym z cel\u00f3w by\u0142o nawi\u0105zanie kontakt\u00f3w naukowych z wsp\u00f3\u0142pracownikami celem pozyskania przysz\u0142ych partner\u00f3w do przygotowania projektu realizowanego w ramach Funduszy Unii Europejskich.<br \/>\nSzczeg\u00f3\u0142owa relacja z wyjazdu: <a class=\"pdf\" href=\"https:\/\/pb.edu.pl\/iros\/wp-content\/uploads\/sites\/24\/2023\/07\/Raport-z-podrozy-sluzbowej-do-Serbii.pdf\" target=\"_blank\" rel=\"noopener\" data-id=\"12443\">Raport z podr\u00f3\u017cy s\u0142u\u017cbowej do Serbii, A. Marozau (PDF, 666 KB, otworzy si\u0119 w nowej karcie)<\/a><\/p>\nngg_shortcode_0_placeholder\n","protected":false},"excerpt":{"rendered":"<p>W dn. 5-10 czerwca 2023 r. dr in\u017c. Aleh Marozau, prof. PB go\u015bci\u0142 na Wydziale<\/p>\n","protected":false},"author":50,"featured_media":0,"comment_status":"closed","ping_status":"open","sticky":false,"template":"","format":"standard","meta":{"_acf_changed":false,"ngg_post_thumbnail":0,"footnotes":""},"categories":[14,10],"tags":[],"class_list":["post-12424","post","type-post","status-publish","format-standard","hentry","category-aktualnosci-bwm","category-prom-2019"],"acf":[],"_links":{"self":[{"href":"https:\/\/pb.edu.pl\/iros\/wp-json\/wp\/v2\/posts\/12424","targetHints":{"allow":["GET"]}}],"collection":[{"href":"https:\/\/pb.edu.pl\/iros\/wp-json\/wp\/v2\/posts"}],"about":[{"href":"https:\/\/pb.edu.pl\/iros\/wp-json\/wp\/v2\/types\/post"}],"author":[{"embeddable":true,"href":"https:\/\/pb.edu.pl\/iros\/wp-json\/wp\/v2\/users\/50"}],"replies":[{"embeddable":true,"href":"https:\/\/pb.edu.pl\/iros\/wp-json\/wp\/v2\/comments?post=12424"}],"version-history":[{"count":0,"href":"https:\/\/pb.edu.pl\/iros\/wp-json\/wp\/v2\/posts\/12424\/revisions"}],"wp:attachment":[{"href":"https:\/\/pb.edu.pl\/iros\/wp-json\/wp\/v2\/media?parent=12424"}],"wp:term":[{"taxonomy":"category","embeddable":true,"href":"https:\/\/pb.edu.pl\/iros\/wp-json\/wp\/v2\/categories?post=12424"},{"taxonomy":"post_tag","embeddable":true,"href":"https:\/\/pb.edu.pl\/iros\/wp-json\/wp\/v2\/tags?post=12424"}],"curies":[{"name":"wp","href":"https:\/\/api.w.org\/{rel}","templated":true}]}}