{"id":11983,"date":"2023-05-10T14:19:00","date_gmt":"2023-05-10T12:19:00","guid":{"rendered":"https:\/\/pb.edu.pl\/bwm\/?p=11983"},"modified":"2023-05-10T14:19:38","modified_gmt":"2023-05-10T12:19:38","slug":"wizyta-studyjna-pracownikow-wydzialu-architektury-na-czech-technical-university-w-pradze","status":"publish","type":"post","link":"https:\/\/pb.edu.pl\/iros\/2023\/05\/10\/wizyta-studyjna-pracownikow-wydzialu-architektury-na-czech-technical-university-w-pradze\/","title":{"rendered":"Wizyta studyjna pracownik\u00f3w Wydzia\u0142u Architektury na Czech Technical University w Pradze"},"content":{"rendered":"<p>W ramach programu PROM Narodowej Agencji Wymiany Akademickiej w dniach 01.05.2023 \u2013 06.05.2023 r. dr arch. Adam Jakimowicz oraz mgr arch. Agnieszka Modzelewska z Wydzia\u0142u Architektury Politechniki Bia\u0142ostockiej odbyli wizyt\u0119 studyjn\u0105 na Wydziale Architektury Uniwersytetu Technicznego w Pradze (Republika Czeska).<br \/>\nWizyta stanowi\u0142a kontynuacj\u0119 odnowionych ostatnio kontakt\u00f3w naukowych pomi\u0119dzy Wydzia\u0142em Architektury Politechniki Bia\u0142ostockiej oraz praskim Wydzia\u0142em Architektury. Ze strony czeskiej wizyt\u0119 koordynowa\u0142 prof. dr arch. Henri Achten. G\u0142\u00f3wnym celem wizyty by\u0142a wymiana wiedzy i do\u015bwiadcze\u0144 pomi\u0119dzy wydzia\u0142ami.<br \/>\nDr A. Jakimowicz wyg\u0142osi\u0142 wyk\u0142ad \u201eDesign Practice Research\u201d, podczas kt\u00f3rego podzieli\u0142 si\u0119 swoim do\u015bwiadczeniem w dziedzinie rozwijania bada\u0144 naukowych w oparciu o praktyk\u0119 projektow\u0105 w architekturze i designie.<br \/>\nMgr A. Modzelewska przedstawi\u0142a mi\u0119dzynarodowy projekt dydaktyczny CityGO, kt\u00f3rego wsp\u00f3\u0142uczestnikiem jest Wydzia\u0142 Architektury PB.<br \/>\nPodczas wizyty zapoznano si\u0119 ze struktur\u0105 oraz laboratoriami i pracowniami Wydzia\u0142u Architektury w Pradze. W zwi\u0105zku z tym, \u017ce go\u015bcie z Politechniki Bia\u0142ostockiej zajmuj\u0105 si\u0119 na co dzie\u0144 technikami oraz mediami cyfrowymi w architekturze, znaczn\u0105 cz\u0119\u015b\u0107 wizyty mia\u0142a miejsce w Laboratorium Cyfrowego Modelowania Architektonicznego MOLAB. Szczeg\u00f3ln\u0105 uwag\u0119 po\u015bwi\u0119cono projektom oraz badaniom realizowanym z wykorzystaniem r\u00f3\u017cnych technologii druku 3D. Przedyskutowane zosta\u0142y r\u00f3wnie\u017c prowadzone w Pradze badania naukowe wykorzystuj\u0105ce technologi\u0119 BIM \u2013 na tej bazie ustalone zosta\u0142y mo\u017cliwo\u015bci konsultowania pracy doktorskiej mgr Modzelewskiej, kt\u00f3ra dotyczy BIM w architekturze. Ponadto, przedstawiciele PB wzi\u0119li udzia\u0142 w warsztatach dotycz\u0105cych robotyki oraz projektowania parametrycznego, prowadzonych przez doktorant\u00f3w prof. H. Achtena.<\/p>\n<p>Podczas wizyty przeprowadzone zosta\u0142y rozmowy dotycz\u0105ce dalszej wsp\u00f3\u0142pracy pomi\u0119dzy wydzia\u0142ami:<br \/>\n&#8211; z prof. dr Dan\u0105 Matejovsk\u0105 i prof. dr Henrim Achtenem z laboratorium MOLAB ustalono form\u0119 i zakres pilota\u017cowego projektu studenckiego online, kt\u00f3rego realizacja planowana jest na semestr zimowy 2023\/34;<br \/>\n&#8211; z prof. dr Iren\u0105 Fialov\u0105, prodziekan ds. wsp\u00f3\u0142pracy mi\u0119dzynarodowej Wydzia\u0142u Architektury w Pradze uzgodniono mo\u017cliwo\u015b\u0107 przygotowania wniosku w ramach Blended Intensive Program Erasmus+.<\/p>\nngg_shortcode_0_placeholder\n","protected":false},"excerpt":{"rendered":"<p>W ramach programu PROM Narodowej Agencji Wymiany Akademickiej w dniach 01.05.2023 \u2013 06.05.2023 r. dr<\/p>\n","protected":false},"author":50,"featured_media":11986,"comment_status":"closed","ping_status":"open","sticky":false,"template":"","format":"standard","meta":{"_acf_changed":false,"ngg_post_thumbnail":0,"footnotes":""},"categories":[14,10],"tags":[],"class_list":["post-11983","post","type-post","status-publish","format-standard","has-post-thumbnail","hentry","category-aktualnosci-bwm","category-prom-2019"],"acf":[],"_links":{"self":[{"href":"https:\/\/pb.edu.pl\/iros\/wp-json\/wp\/v2\/posts\/11983","targetHints":{"allow":["GET"]}}],"collection":[{"href":"https:\/\/pb.edu.pl\/iros\/wp-json\/wp\/v2\/posts"}],"about":[{"href":"https:\/\/pb.edu.pl\/iros\/wp-json\/wp\/v2\/types\/post"}],"author":[{"embeddable":true,"href":"https:\/\/pb.edu.pl\/iros\/wp-json\/wp\/v2\/users\/50"}],"replies":[{"embeddable":true,"href":"https:\/\/pb.edu.pl\/iros\/wp-json\/wp\/v2\/comments?post=11983"}],"version-history":[{"count":0,"href":"https:\/\/pb.edu.pl\/iros\/wp-json\/wp\/v2\/posts\/11983\/revisions"}],"wp:featuredmedia":[{"embeddable":true,"href":"https:\/\/pb.edu.pl\/iros\/wp-json\/wp\/v2\/media\/11986"}],"wp:attachment":[{"href":"https:\/\/pb.edu.pl\/iros\/wp-json\/wp\/v2\/media?parent=11983"}],"wp:term":[{"taxonomy":"category","embeddable":true,"href":"https:\/\/pb.edu.pl\/iros\/wp-json\/wp\/v2\/categories?post=11983"},{"taxonomy":"post_tag","embeddable":true,"href":"https:\/\/pb.edu.pl\/iros\/wp-json\/wp\/v2\/tags?post=11983"}],"curies":[{"name":"wp","href":"https:\/\/api.w.org\/{rel}","templated":true}]}}