{"id":11651,"date":"2023-04-03T15:28:44","date_gmt":"2023-04-03T13:28:44","guid":{"rendered":"https:\/\/pb.edu.pl\/bwm\/?p=11651"},"modified":"2023-04-03T15:28:44","modified_gmt":"2023-04-03T13:28:44","slug":"staz-naukowy-w-institut-national-des-sciences-appliquees-de-lyon","status":"publish","type":"post","link":"https:\/\/pb.edu.pl\/iros\/2023\/04\/03\/staz-naukowy-w-institut-national-des-sciences-appliquees-de-lyon\/","title":{"rendered":"Sta\u017c naukowy w Institut National des Sciences Appliqu\u00e9es de Lyon"},"content":{"rendered":"<p>W dniach 20-24.03.2023 doktorant Szko\u0142y Doktorskiej PB, mgr in\u017c. Krzysztof Nowik, odby\u0142 sta\u017c naukowy w Institut National des Sciences Appliqu\u00e9es de Lyon (INSA Lyon) w ramach programu PROM Narodowej Agencji Wymiany Akademickiej (NAWA). Celem wyjazdu by\u0142o pog\u0142\u0119bienie wiedzy dotycz\u0105cej wytwarzania materia\u0142\u00f3w metod\u0105 metalurgii proszk\u00f3w oraz zebranie materia\u0142\u00f3w do pracy doktorskiej, w szczeg\u00f3lno\u015bci w zakresie obrazowania materia\u0142\u00f3w przy u\u017cyciu mikroskopii elektronowej (SEM) wraz z wykorzystaniem techniki dyfrakcji wstecznie rozproszonych elektron\u00f3w (EBSD). Podczas wizyty, Doktorant zapozna\u0142 si\u0119 z profilem naukowym oraz wyposa\u017ceniem laboratori\u00f3w Mat\u00e9IS oraz z pracownikami zespo\u0142u METAL<strong>&nbsp;<\/strong>(METaux et ALliages).<\/p>\nngg_shortcode_0_placeholder\n","protected":false},"excerpt":{"rendered":"<p>W dniach 20-24.03.2023 doktorant Szko\u0142y Doktorskiej PB, mgr in\u017c. Krzysztof Nowik, odby\u0142 sta\u017c naukowy w<\/p>\n","protected":false},"author":50,"featured_media":11661,"comment_status":"open","ping_status":"open","sticky":false,"template":"","format":"standard","meta":{"_acf_changed":false,"ngg_post_thumbnail":0,"footnotes":""},"categories":[14,10],"tags":[],"class_list":["post-11651","post","type-post","status-publish","format-standard","has-post-thumbnail","hentry","category-aktualnosci-bwm","category-prom-2019"],"acf":[],"_links":{"self":[{"href":"https:\/\/pb.edu.pl\/iros\/wp-json\/wp\/v2\/posts\/11651","targetHints":{"allow":["GET"]}}],"collection":[{"href":"https:\/\/pb.edu.pl\/iros\/wp-json\/wp\/v2\/posts"}],"about":[{"href":"https:\/\/pb.edu.pl\/iros\/wp-json\/wp\/v2\/types\/post"}],"author":[{"embeddable":true,"href":"https:\/\/pb.edu.pl\/iros\/wp-json\/wp\/v2\/users\/50"}],"replies":[{"embeddable":true,"href":"https:\/\/pb.edu.pl\/iros\/wp-json\/wp\/v2\/comments?post=11651"}],"version-history":[{"count":0,"href":"https:\/\/pb.edu.pl\/iros\/wp-json\/wp\/v2\/posts\/11651\/revisions"}],"wp:featuredmedia":[{"embeddable":true,"href":"https:\/\/pb.edu.pl\/iros\/wp-json\/wp\/v2\/media\/11661"}],"wp:attachment":[{"href":"https:\/\/pb.edu.pl\/iros\/wp-json\/wp\/v2\/media?parent=11651"}],"wp:term":[{"taxonomy":"category","embeddable":true,"href":"https:\/\/pb.edu.pl\/iros\/wp-json\/wp\/v2\/categories?post=11651"},{"taxonomy":"post_tag","embeddable":true,"href":"https:\/\/pb.edu.pl\/iros\/wp-json\/wp\/v2\/tags?post=11651"}],"curies":[{"name":"wp","href":"https:\/\/api.w.org\/{rel}","templated":true}]}}